{"id":19383,"date":"2019-12-13T20:11:59","date_gmt":"2019-12-13T23:11:59","guid":{"rendered":"http:\/\/newsinfoco.com.br\/?p=19383"},"modified":"2019-12-13T20:11:59","modified_gmt":"2019-12-13T23:11:59","slug":"programacao-de-natal-dos-cras-comeca-nesta-segunda-feira-16","status":"publish","type":"post","link":"https:\/\/newsinfoco.com.br\/inicio\/programacao-de-natal-dos-cras-comeca-nesta-segunda-feira-16\/","title":{"rendered":"Programa\u00e7\u00e3o de Natal dos CRAS come\u00e7a nesta segunda-feira (16)"},"content":{"rendered":"<p style=\"text-align: justify;\">O esp\u00edrito natalino j\u00e1 invadiu as ruas e pra\u00e7as de Alagoinhas com decora\u00e7\u00e3o e ilumina\u00e7\u00e3o dedicadas \u00e0 data, e as festas de conviv\u00eancia familiar tamb\u00e9m ganham espa\u00e7o neste per\u00edodo. \u00c9 visando a confraterniza\u00e7\u00e3o das fam\u00edlias que s\u00e3o acompanhados pelos programas e servi\u00e7os desenvolvidos pelos Centros de Refer\u00eancia de Assist\u00eancia Social ( CRAS,) que a Prefeitura de Alagoinhas, por meio da Secretaria de Assist\u00eancia Social promove uma programa\u00e7\u00e3o especial para os atendidos.<\/p>\n<p style=\"text-align: justify;\">O eventos ter\u00e3o in\u00edcio nesta segunda-feira (16), \u00e0s 13h, no\u00a0Servi\u00e7o de Conviv\u00eancia e\u00a0Fortalecimento de V\u00ednculos\u00a0(SCFV) da Baixa da Candeia.Os participantes contar\u00e3o com\u00a0 apresenta\u00e7\u00f5es de m\u00fasica,\u00a0 dan\u00e7a, distribui\u00e7\u00e3o de lanches e entrega de lembran\u00e7as. A Festa de Natal comp\u00f5e a programa\u00e7\u00e3o de a\u00e7\u00f5es do CRAS, que t\u00eam por objetivos,\u00a0 a socializa\u00e7\u00e3o e a participa\u00e7\u00e3o social das fam\u00edlias. \u201cDesse modo, as equipe dos CRAS, juntamente com as fam\u00edlias, realizam o encerramento das atividades do ano. \u00c9 mais um momento de conv\u00edvio e fortalecimento de la\u00e7os entre crian\u00e7as, jovens, adultos e idosos\u201d, destaca o secret\u00e1rio de Assist\u00eancia Social, Alfredo Menezes.<\/p><div class=\"newsi-conteudo_19\" id=\"newsi-3025002215\"><a href=\"https:\/\/www.instagram.com\/prefeituraalagoinhas?igsh=YzgzdDJ1bWR3aWI4\" aria-label=\"SAVE_20251006_221555\"><img loading=\"lazy\" decoding=\"async\" src=\"https:\/\/newsinfoco.com.br\/inicio\/wp-content\/uploads\/2025\/10\/SAVE_20251006_221555-rotated.jpg\" alt=\"\"  srcset=\"https:\/\/newsinfoco.com.br\/inicio\/wp-content\/uploads\/2025\/10\/SAVE_20251006_221555-rotated.jpg 1140w, https:\/\/newsinfoco.com.br\/inicio\/wp-content\/uploads\/2025\/10\/SAVE_20251006_221555-300x52.jpg 300w, https:\/\/newsinfoco.com.br\/inicio\/wp-content\/uploads\/2025\/10\/SAVE_20251006_221555-1024x177.jpg 1024w, https:\/\/newsinfoco.com.br\/inicio\/wp-content\/uploads\/2025\/10\/SAVE_20251006_221555-768x133.jpg 768w, https:\/\/newsinfoco.com.br\/inicio\/wp-content\/uploads\/2025\/10\/SAVE_20251006_221555-600x104.jpg 600w, https:\/\/newsinfoco.com.br\/inicio\/wp-content\/uploads\/2025\/10\/SAVE_20251006_221555-696x120.jpg 696w, https:\/\/newsinfoco.com.br\/inicio\/wp-content\/uploads\/2025\/10\/SAVE_20251006_221555-1068x185.jpg 1068w\" sizes=\"(max-width: 1140px) 100vw, 1140px\" width=\"1140\" height=\"197\"   \/><\/a><\/div>\n<p>\u00a0 \u00a0 \u00a0 \u00a0 \u00a0 \u00a0 \u00a0 \u00a0 \u00a0 \u00a0 \u00a0 \u00a0 \u00a0 \u00a0 \u00a0 \u00a0 \u00a0 \u00a0 \u00a0 \u00a0 \u00a0 \u00a0SECOM ALAGOINHAS<\/p>\n<div class='share-to-whatsapp-wrapper'><div class='share-on-whsp'>Share on: <\/div><a data-text='Programa\u00e7\u00e3o de Natal dos CRAS come\u00e7a nesta segunda-feira (16)' data-link='https:\/\/newsinfoco.com.br\/inicio\/programacao-de-natal-dos-cras-comeca-nesta-segunda-feira-16\/' class='whatsapp-button whatsapp-share'>WhatsApp<\/a><div class='clear '><\/div><\/div>","protected":false},"excerpt":{"rendered":"<p>O esp\u00edrito natalino j\u00e1 invadiu as ruas e pra\u00e7as de Alagoinhas com decora\u00e7\u00e3o e ilumina\u00e7\u00e3o dedicadas \u00e0 data, e as festas de conviv\u00eancia familiar tamb\u00e9m ganham espa\u00e7o neste per\u00edodo. \u00c9 visando a confraterniza\u00e7\u00e3o das fam\u00edlias que s\u00e3o acompanhados pelos programas e servi\u00e7os desenvolvidos pelos Centros de Refer\u00eancia de Assist\u00eancia Social ( CRAS,) que a Prefeitura [&hellip;]<\/p>\n","protected":false},"author":1,"featured_media":19384,"comment_status":"open","ping_status":"open","sticky":false,"template":"","format":"standard","meta":{"om_disable_all_campaigns":false,"_exactmetrics_skip_tracking":false,"_exactmetrics_sitenote_active":false,"_exactmetrics_sitenote_note":"","_exactmetrics_sitenote_category":0,"footnotes":""},"categories":[38,30],"tags":[],"class_list":["post-19383","post","type-post","status-publish","format-standard","has-post-thumbnail","hentry","category-alagoinhas-e-regiao","category-destaque"],"aioseo_notices":[],"_links":{"self":[{"href":"https:\/\/newsinfoco.com.br\/inicio\/wp-json\/wp\/v2\/posts\/19383","targetHints":{"allow":["GET"]}}],"collection":[{"href":"https:\/\/newsinfoco.com.br\/inicio\/wp-json\/wp\/v2\/posts"}],"about":[{"href":"https:\/\/newsinfoco.com.br\/inicio\/wp-json\/wp\/v2\/types\/post"}],"author":[{"embeddable":true,"href":"https:\/\/newsinfoco.com.br\/inicio\/wp-json\/wp\/v2\/users\/1"}],"replies":[{"embeddable":true,"href":"https:\/\/newsinfoco.com.br\/inicio\/wp-json\/wp\/v2\/comments?post=19383"}],"version-history":[{"count":0,"href":"https:\/\/newsinfoco.com.br\/inicio\/wp-json\/wp\/v2\/posts\/19383\/revisions"}],"wp:featuredmedia":[{"embeddable":true,"href":"https:\/\/newsinfoco.com.br\/inicio\/wp-json\/wp\/v2\/media\/19384"}],"wp:attachment":[{"href":"https:\/\/newsinfoco.com.br\/inicio\/wp-json\/wp\/v2\/media?parent=19383"}],"wp:term":[{"taxonomy":"category","embeddable":true,"href":"https:\/\/newsinfoco.com.br\/inicio\/wp-json\/wp\/v2\/categories?post=19383"},{"taxonomy":"post_tag","embeddable":true,"href":"https:\/\/newsinfoco.com.br\/inicio\/wp-json\/wp\/v2\/tags?post=19383"}],"curies":[{"name":"wp","href":"https:\/\/api.w.org\/{rel}","templated":true}]}}