{"id":19393,"date":"2019-12-14T19:54:15","date_gmt":"2019-12-14T22:54:15","guid":{"rendered":"http:\/\/newsinfoco.com.br\/?p=19393"},"modified":"2019-12-14T19:54:15","modified_gmt":"2019-12-14T22:54:15","slug":"1a-formatura-conjunta-do-grupo-de-5-anos-da-educacao-infantil-reune-quase-600-alunos-em-solenidade-na-praca-pedro-dorea","status":"publish","type":"post","link":"https:\/\/newsinfoco.com.br\/inicio\/1a-formatura-conjunta-do-grupo-de-5-anos-da-educacao-infantil-reune-quase-600-alunos-em-solenidade-na-praca-pedro-dorea\/","title":{"rendered":"1\u00aa formatura conjunta do grupo de 5 anos da Educa\u00e7\u00e3o Infantil re\u00fane quase 600 alunos em solenidade na Pra\u00e7a Pedro D\u00f3rea"},"content":{"rendered":"<p style=\"text-align: justify;\">Quase 600 estudantes do grupo 5 da Educa\u00e7\u00e3o Infantil matriculados na rede municipal de ensino se formaram em solenidade hist\u00f3rica, na \u00faltima sexta-feira (13).<\/p>\n<p style=\"text-align: justify;\">Pela 1\u00aa vez, a formatura dos alunos de 5 anos, que encerram a 1\u00aa etapa do processo educativo, foi realizada de forma conjunta, em pra\u00e7a p\u00fablica. Foram 37 escolas representadas em uma cerim\u00f4nia emocionada. No marco zero da cidade, de frente para a Igreja Inacabada de Alagoinhas Velha, na Pra\u00e7a Pedro D\u00f3rea, centenas de crian\u00e7as deram o pontap\u00e9 inicial para uma nova etapa de desenvolvimento e tiveram entregues os certificados; uma mescla entre o patrim\u00f4nio hist\u00f3rico-cultural, a mem\u00f3ria, ao fundo, e o novo, para os estudantes que partem, agora, rumo a um ciclo de descobertas, aprendizados e novas etapas de forma\u00e7\u00e3o.<\/p>\n<p style=\"text-align: justify;\">\u201cMe emociona ver o quanto evolu\u00edmos, na nossa rede, em Educa\u00e7\u00e3o. Os nossos alunos encerram um ciclo da jornada de aprendizagem que marcar\u00e1 a vida deles para sempre e \u00e9 gratificante ver que a Pra\u00e7a Pedro D\u00f3rea, diretamente ligada ao in\u00edcio da hist\u00f3ria da nossa cidade, foi palco tamb\u00e9m, na noite de ontem, para o come\u00e7o de uma nova etapa a quase 600 estudantes\u201d, afirmou o prefeito Joaquim Neto.<\/p>\n<p style=\"text-align: justify;\">O secret\u00e1rio municipal de educa\u00e7\u00e3o, Jean Afonso, falou sobre a iniciativa pioneira e ressaltou a import\u00e2ncia do trip\u00e9 \u201cescola, fam\u00edlia e comunidade\u201d para os avan\u00e7os em educa\u00e7\u00e3o, chamando a aten\u00e7\u00e3o para a mem\u00f3ria afetiva e os atos simb\u00f3licos. \u201cQue possamos escrever, a partir de hoje, mais uma hist\u00f3ria da educa\u00e7\u00e3o municipal\u201d, pontuou o gestor da pasta durante a solenidade.<\/p>\n<p style=\"text-align: justify;\">Maria dos Santos, m\u00e3e do aluno Elias Gabriel, de 5 anos, foi emo\u00e7\u00e3o e alegria, durante a formatura. \u201cAdorei! Eu n\u00e3o tive a oportunidade de fazer, achei uma assim e vou perder? Jamais! Amei de verdade\u201d, relatou.<\/p>\n<p>\u00a0 \u00a0 \u00a0 \u00a0 \u00a0 \u00a0 \u00a0 \u00a0 \u00a0 \u00a0 \u00a0 \u00a0 \u00a0 \u00a0 \u00a0 \u00a0 \u00a0 \u00a0 \u00a0 \u00a0 \u00a0 \u00a0 \u00a0 \u00a0 \u00a0 \u00a0 \u00a0 \u00a0 \u00a0 \u00a0SECOM ALAGOINHAS<\/p>\n<div class='share-to-whatsapp-wrapper'><div class='share-on-whsp'>Share on: <\/div><a data-text='1\u00aa formatura conjunta do grupo de 5 anos da Educa\u00e7\u00e3o Infantil re\u00fane quase 600 alunos em solenidade na Pra\u00e7a Pedro D\u00f3rea' data-link='https:\/\/newsinfoco.com.br\/inicio\/1a-formatura-conjunta-do-grupo-de-5-anos-da-educacao-infantil-reune-quase-600-alunos-em-solenidade-na-praca-pedro-dorea\/' class='whatsapp-button whatsapp-share'>WhatsApp<\/a><div class='clear '><\/div><\/div>","protected":false},"excerpt":{"rendered":"<p>Quase 600 estudantes do grupo 5 da Educa\u00e7\u00e3o Infantil matriculados na rede municipal de ensino se formaram em solenidade hist\u00f3rica, na \u00faltima sexta-feira (13). Pela 1\u00aa vez, a formatura dos alunos de 5 anos, que encerram a 1\u00aa etapa do processo educativo, foi realizada de forma conjunta, em pra\u00e7a p\u00fablica. Foram 37 escolas representadas em [&hellip;]<\/p>\n","protected":false},"author":1,"featured_media":19394,"comment_status":"open","ping_status":"open","sticky":false,"template":"","format":"standard","meta":{"om_disable_all_campaigns":false,"rop_custom_images_group":[],"rop_custom_messages_group":[],"rop_publish_now":"initial","rop_publish_now_accounts":[],"rop_publish_now_history":[],"rop_publish_now_status":"pending","_exactmetrics_skip_tracking":false,"footnotes":""},"categories":[38,30],"tags":[],"class_list":["post-19393","post","type-post","status-publish","format-standard","has-post-thumbnail","hentry","category-alagoinhas-e-regiao","category-destaque"],"aioseo_notices":[],"aioseo_head":"\n\t\t<!-- All in One SEO 4.9.10 - aioseo.com -->\n\t<meta name=\"description\" content=\"Quase 600 estudantes do grupo 5 da Educa\u00e7\u00e3o Infantil matriculados na rede municipal de ensino se formaram em solenidade hist\u00f3rica, na \u00faltima sexta-feira (13). Pela 1\u00aa vez, a formatura dos alunos de 5 anos, que encerram a 1\u00aa etapa do processo educativo, foi realizada de forma conjunta, em pra\u00e7a p\u00fablica. Foram 37 escolas representadas em\" \/>\n\t<meta name=\"robots\" content=\"max-image-preview:large\" \/>\n\t<meta name=\"author\" content=\"administrador\"\/>\n\t<link rel=\"canonical\" href=\"https:\/\/newsinfoco.com.br\/inicio\/1a-formatura-conjunta-do-grupo-de-5-anos-da-educacao-infantil-reune-quase-600-alunos-em-solenidade-na-praca-pedro-dorea\/\" \/>\n\t<meta name=\"generator\" content=\"All in One SEO (AIOSEO) 4.9.10\" \/>\n\t\t<meta property=\"og:locale\" content=\"pt_BR\" \/>\n\t\t<meta property=\"og:site_name\" content=\"News In Foco - Editado por Caio Pimenta - O principal site de noticias de Alagoinhas e regi\u00e3o\" \/>\n\t\t<meta property=\"og:type\" content=\"article\" \/>\n\t\t<meta property=\"og:title\" content=\"1\u00aa formatura conjunta do grupo de 5 anos da Educa\u00e7\u00e3o Infantil re\u00fane quase 600 alunos em solenidade na Pra\u00e7a Pedro D\u00f3rea - News In Foco - Editado por Caio Pimenta\" \/>\n\t\t<meta property=\"og:description\" content=\"Quase 600 estudantes do grupo 5 da Educa\u00e7\u00e3o Infantil matriculados na rede municipal de ensino se formaram em solenidade hist\u00f3rica, na \u00faltima sexta-feira (13). Pela 1\u00aa vez, a formatura dos alunos de 5 anos, que encerram a 1\u00aa etapa do processo educativo, foi realizada de forma conjunta, em pra\u00e7a p\u00fablica. Foram 37 escolas representadas em\" \/>\n\t\t<meta property=\"og:url\" content=\"https:\/\/newsinfoco.com.br\/inicio\/1a-formatura-conjunta-do-grupo-de-5-anos-da-educacao-infantil-reune-quase-600-alunos-em-solenidade-na-praca-pedro-dorea\/\" \/>\n\t\t<meta property=\"article:published_time\" content=\"2019-12-14T22:54:15+00:00\" \/>\n\t\t<meta property=\"article:modified_time\" content=\"2019-12-14T22:54:15+00:00\" \/>\n\t\t<meta name=\"twitter:card\" content=\"summary_large_image\" \/>\n\t\t<meta name=\"twitter:title\" content=\"1\u00aa formatura conjunta do grupo de 5 anos da Educa\u00e7\u00e3o Infantil re\u00fane quase 600 alunos em solenidade na Pra\u00e7a Pedro D\u00f3rea - News In Foco - Editado por Caio Pimenta\" \/>\n\t\t<meta name=\"twitter:description\" content=\"Quase 600 estudantes do grupo 5 da Educa\u00e7\u00e3o Infantil matriculados na rede municipal de ensino se formaram em solenidade hist\u00f3rica, na \u00faltima sexta-feira (13). Pela 1\u00aa vez, a formatura dos alunos de 5 anos, que encerram a 1\u00aa etapa do processo educativo, foi realizada de forma conjunta, em pra\u00e7a p\u00fablica. Foram 37 escolas representadas em\" \/>\n\t\t<script type=\"application\/ld+json\" class=\"aioseo-schema\">\n\t\t\t{\"@context\":\"https:\\\/\\\/schema.org\",\"@graph\":[{\"@type\":\"BlogPosting\",\"@id\":\"https:\\\/\\\/newsinfoco.com.br\\\/inicio\\\/1a-formatura-conjunta-do-grupo-de-5-anos-da-educacao-infantil-reune-quase-600-alunos-em-solenidade-na-praca-pedro-dorea\\\/#blogposting\",\"name\":\"1\\u00aa formatura conjunta do grupo de 5 anos da Educa\\u00e7\\u00e3o Infantil re\\u00fane quase 600 alunos em solenidade na Pra\\u00e7a Pedro D\\u00f3rea - News In Foco - Editado por Caio Pimenta\",\"headline\":\"1\\u00aa formatura conjunta do grupo de 5 anos da Educa\\u00e7\\u00e3o Infantil re\\u00fane quase 600 alunos em solenidade na Pra\\u00e7a Pedro D\\u00f3rea\",\"author\":{\"@id\":\"https:\\\/\\\/newsinfoco.com.br\\\/inicio\\\/author\\\/administrador\\\/#author\"},\"publisher\":{\"@id\":\"https:\\\/\\\/newsinfoco.com.br\\\/inicio\\\/#organization\"},\"image\":{\"@type\":\"ImageObject\",\"url\":\"https:\\\/\\\/newsinfoco.com.br\\\/inicio\\\/wp-content\\\/uploads\\\/2019\\\/12\\\/A77DA491-1EBA-4F1F-A0F4-D6F6458921BB-1024x678-1.jpeg\",\"width\":1024,\"height\":678},\"datePublished\":\"2019-12-14T19:54:15-03:00\",\"dateModified\":\"2019-12-14T19:54:15-03:00\",\"inLanguage\":\"pt-BR\",\"mainEntityOfPage\":{\"@id\":\"https:\\\/\\\/newsinfoco.com.br\\\/inicio\\\/1a-formatura-conjunta-do-grupo-de-5-anos-da-educacao-infantil-reune-quase-600-alunos-em-solenidade-na-praca-pedro-dorea\\\/#webpage\"},\"isPartOf\":{\"@id\":\"https:\\\/\\\/newsinfoco.com.br\\\/inicio\\\/1a-formatura-conjunta-do-grupo-de-5-anos-da-educacao-infantil-reune-quase-600-alunos-em-solenidade-na-praca-pedro-dorea\\\/#webpage\"},\"articleSection\":\"Alagoinhas e Regi\\u00e3o, Destaque\"},{\"@type\":\"BreadcrumbList\",\"@id\":\"https:\\\/\\\/newsinfoco.com.br\\\/inicio\\\/1a-formatura-conjunta-do-grupo-de-5-anos-da-educacao-infantil-reune-quase-600-alunos-em-solenidade-na-praca-pedro-dorea\\\/#breadcrumblist\",\"itemListElement\":[{\"@type\":\"ListItem\",\"@id\":\"https:\\\/\\\/newsinfoco.com.br\\\/inicio#listItem\",\"position\":1,\"name\":\"In\\u00edcio\",\"item\":\"https:\\\/\\\/newsinfoco.com.br\\\/inicio\",\"nextItem\":{\"@type\":\"ListItem\",\"@id\":\"https:\\\/\\\/newsinfoco.com.br\\\/inicio\\\/category\\\/destaque\\\/#listItem\",\"name\":\"Destaque\"}},{\"@type\":\"ListItem\",\"@id\":\"https:\\\/\\\/newsinfoco.com.br\\\/inicio\\\/category\\\/destaque\\\/#listItem\",\"position\":2,\"name\":\"Destaque\",\"item\":\"https:\\\/\\\/newsinfoco.com.br\\\/inicio\\\/category\\\/destaque\\\/\",\"nextItem\":{\"@type\":\"ListItem\",\"@id\":\"https:\\\/\\\/newsinfoco.com.br\\\/inicio\\\/1a-formatura-conjunta-do-grupo-de-5-anos-da-educacao-infantil-reune-quase-600-alunos-em-solenidade-na-praca-pedro-dorea\\\/#listItem\",\"name\":\"1\\u00aa formatura conjunta do grupo de 5 anos da Educa\\u00e7\\u00e3o Infantil re\\u00fane quase 600 alunos em solenidade na Pra\\u00e7a Pedro D\\u00f3rea\"},\"previousItem\":{\"@type\":\"ListItem\",\"@id\":\"https:\\\/\\\/newsinfoco.com.br\\\/inicio#listItem\",\"name\":\"In\\u00edcio\"}},{\"@type\":\"ListItem\",\"@id\":\"https:\\\/\\\/newsinfoco.com.br\\\/inicio\\\/1a-formatura-conjunta-do-grupo-de-5-anos-da-educacao-infantil-reune-quase-600-alunos-em-solenidade-na-praca-pedro-dorea\\\/#listItem\",\"position\":3,\"name\":\"1\\u00aa formatura conjunta do grupo de 5 anos da Educa\\u00e7\\u00e3o Infantil re\\u00fane quase 600 alunos em solenidade na Pra\\u00e7a Pedro D\\u00f3rea\",\"previousItem\":{\"@type\":\"ListItem\",\"@id\":\"https:\\\/\\\/newsinfoco.com.br\\\/inicio\\\/category\\\/destaque\\\/#listItem\",\"name\":\"Destaque\"}}]},{\"@type\":\"Organization\",\"@id\":\"https:\\\/\\\/newsinfoco.com.br\\\/inicio\\\/#organization\",\"name\":\"News In Foco - Editado por Caio Pimenta\",\"description\":\"O principal site de noticias de Alagoinhas e regi\\u00e3o\",\"url\":\"https:\\\/\\\/newsinfoco.com.br\\\/inicio\\\/\"},{\"@type\":\"Person\",\"@id\":\"https:\\\/\\\/newsinfoco.com.br\\\/inicio\\\/author\\\/administrador\\\/#author\",\"url\":\"https:\\\/\\\/newsinfoco.com.br\\\/inicio\\\/author\\\/administrador\\\/\",\"name\":\"administrador\",\"image\":{\"@type\":\"ImageObject\",\"@id\":\"https:\\\/\\\/newsinfoco.com.br\\\/inicio\\\/1a-formatura-conjunta-do-grupo-de-5-anos-da-educacao-infantil-reune-quase-600-alunos-em-solenidade-na-praca-pedro-dorea\\\/#authorImage\",\"url\":\"https:\\\/\\\/secure.gravatar.com\\\/avatar\\\/c17a617433de8c1dc9584bb79aab7563b46f5bb7e1728c9b17d9cc3ce6a08e49?s=96&d=mm&r=g\",\"width\":96,\"height\":96,\"caption\":\"administrador\"}},{\"@type\":\"WebPage\",\"@id\":\"https:\\\/\\\/newsinfoco.com.br\\\/inicio\\\/1a-formatura-conjunta-do-grupo-de-5-anos-da-educacao-infantil-reune-quase-600-alunos-em-solenidade-na-praca-pedro-dorea\\\/#webpage\",\"url\":\"https:\\\/\\\/newsinfoco.com.br\\\/inicio\\\/1a-formatura-conjunta-do-grupo-de-5-anos-da-educacao-infantil-reune-quase-600-alunos-em-solenidade-na-praca-pedro-dorea\\\/\",\"name\":\"1\\u00aa formatura conjunta do grupo de 5 anos da Educa\\u00e7\\u00e3o Infantil re\\u00fane quase 600 alunos em solenidade na Pra\\u00e7a Pedro D\\u00f3rea - News In Foco - Editado por Caio Pimenta\",\"description\":\"Quase 600 estudantes do grupo 5 da Educa\\u00e7\\u00e3o Infantil matriculados na rede municipal de ensino se formaram em solenidade hist\\u00f3rica, na \\u00faltima sexta-feira (13). Pela 1\\u00aa vez, a formatura dos alunos de 5 anos, que encerram a 1\\u00aa etapa do processo educativo, foi realizada de forma conjunta, em pra\\u00e7a p\\u00fablica. Foram 37 escolas representadas em\",\"inLanguage\":\"pt-BR\",\"isPartOf\":{\"@id\":\"https:\\\/\\\/newsinfoco.com.br\\\/inicio\\\/#website\"},\"breadcrumb\":{\"@id\":\"https:\\\/\\\/newsinfoco.com.br\\\/inicio\\\/1a-formatura-conjunta-do-grupo-de-5-anos-da-educacao-infantil-reune-quase-600-alunos-em-solenidade-na-praca-pedro-dorea\\\/#breadcrumblist\"},\"author\":{\"@id\":\"https:\\\/\\\/newsinfoco.com.br\\\/inicio\\\/author\\\/administrador\\\/#author\"},\"creator\":{\"@id\":\"https:\\\/\\\/newsinfoco.com.br\\\/inicio\\\/author\\\/administrador\\\/#author\"},\"image\":{\"@type\":\"ImageObject\",\"url\":\"https:\\\/\\\/newsinfoco.com.br\\\/inicio\\\/wp-content\\\/uploads\\\/2019\\\/12\\\/A77DA491-1EBA-4F1F-A0F4-D6F6458921BB-1024x678-1.jpeg\",\"@id\":\"https:\\\/\\\/newsinfoco.com.br\\\/inicio\\\/1a-formatura-conjunta-do-grupo-de-5-anos-da-educacao-infantil-reune-quase-600-alunos-em-solenidade-na-praca-pedro-dorea\\\/#mainImage\",\"width\":1024,\"height\":678},\"primaryImageOfPage\":{\"@id\":\"https:\\\/\\\/newsinfoco.com.br\\\/inicio\\\/1a-formatura-conjunta-do-grupo-de-5-anos-da-educacao-infantil-reune-quase-600-alunos-em-solenidade-na-praca-pedro-dorea\\\/#mainImage\"},\"datePublished\":\"2019-12-14T19:54:15-03:00\",\"dateModified\":\"2019-12-14T19:54:15-03:00\"},{\"@type\":\"WebSite\",\"@id\":\"https:\\\/\\\/newsinfoco.com.br\\\/inicio\\\/#website\",\"url\":\"https:\\\/\\\/newsinfoco.com.br\\\/inicio\\\/\",\"name\":\"News In Foco - Editado por Caio Pimenta\",\"description\":\"O principal site de noticias de Alagoinhas e regi\\u00e3o\",\"inLanguage\":\"pt-BR\",\"publisher\":{\"@id\":\"https:\\\/\\\/newsinfoco.com.br\\\/inicio\\\/#organization\"}}]}\n\t\t<\/script>\n\t\t<!-- All in One SEO -->\n\n","aioseo_head_json":{"title":"1\u00aa formatura conjunta do grupo de 5 anos da Educa\u00e7\u00e3o Infantil re\u00fane quase 600 alunos em solenidade na Pra\u00e7a Pedro D\u00f3rea - News In Foco - Editado por Caio Pimenta","description":"Quase 600 estudantes do grupo 5 da Educa\u00e7\u00e3o Infantil matriculados na rede municipal de ensino se formaram em solenidade hist\u00f3rica, na \u00faltima sexta-feira (13). Pela 1\u00aa vez, a formatura dos alunos de 5 anos, que encerram a 1\u00aa etapa do processo educativo, foi realizada de forma conjunta, em pra\u00e7a p\u00fablica. Foram 37 escolas representadas em","canonical_url":"https:\/\/newsinfoco.com.br\/inicio\/1a-formatura-conjunta-do-grupo-de-5-anos-da-educacao-infantil-reune-quase-600-alunos-em-solenidade-na-praca-pedro-dorea\/","robots":"max-image-preview:large","keywords":"","webmasterTools":{"miscellaneous":""},"schema":{"@context":"https:\/\/schema.org","@graph":[{"@type":"BlogPosting","@id":"https:\/\/newsinfoco.com.br\/inicio\/1a-formatura-conjunta-do-grupo-de-5-anos-da-educacao-infantil-reune-quase-600-alunos-em-solenidade-na-praca-pedro-dorea\/#blogposting","name":"1\u00aa formatura conjunta do grupo de 5 anos da Educa\u00e7\u00e3o Infantil re\u00fane quase 600 alunos em solenidade na Pra\u00e7a Pedro D\u00f3rea - News In Foco - Editado por Caio Pimenta","headline":"1\u00aa formatura conjunta do grupo de 5 anos da Educa\u00e7\u00e3o Infantil re\u00fane quase 600 alunos em solenidade na Pra\u00e7a Pedro D\u00f3rea","author":{"@id":"https:\/\/newsinfoco.com.br\/inicio\/author\/administrador\/#author"},"publisher":{"@id":"https:\/\/newsinfoco.com.br\/inicio\/#organization"},"image":{"@type":"ImageObject","url":"https:\/\/newsinfoco.com.br\/inicio\/wp-content\/uploads\/2019\/12\/A77DA491-1EBA-4F1F-A0F4-D6F6458921BB-1024x678-1.jpeg","width":1024,"height":678},"datePublished":"2019-12-14T19:54:15-03:00","dateModified":"2019-12-14T19:54:15-03:00","inLanguage":"pt-BR","mainEntityOfPage":{"@id":"https:\/\/newsinfoco.com.br\/inicio\/1a-formatura-conjunta-do-grupo-de-5-anos-da-educacao-infantil-reune-quase-600-alunos-em-solenidade-na-praca-pedro-dorea\/#webpage"},"isPartOf":{"@id":"https:\/\/newsinfoco.com.br\/inicio\/1a-formatura-conjunta-do-grupo-de-5-anos-da-educacao-infantil-reune-quase-600-alunos-em-solenidade-na-praca-pedro-dorea\/#webpage"},"articleSection":"Alagoinhas e Regi\u00e3o, Destaque"},{"@type":"BreadcrumbList","@id":"https:\/\/newsinfoco.com.br\/inicio\/1a-formatura-conjunta-do-grupo-de-5-anos-da-educacao-infantil-reune-quase-600-alunos-em-solenidade-na-praca-pedro-dorea\/#breadcrumblist","itemListElement":[{"@type":"ListItem","@id":"https:\/\/newsinfoco.com.br\/inicio#listItem","position":1,"name":"In\u00edcio","item":"https:\/\/newsinfoco.com.br\/inicio","nextItem":{"@type":"ListItem","@id":"https:\/\/newsinfoco.com.br\/inicio\/category\/destaque\/#listItem","name":"Destaque"}},{"@type":"ListItem","@id":"https:\/\/newsinfoco.com.br\/inicio\/category\/destaque\/#listItem","position":2,"name":"Destaque","item":"https:\/\/newsinfoco.com.br\/inicio\/category\/destaque\/","nextItem":{"@type":"ListItem","@id":"https:\/\/newsinfoco.com.br\/inicio\/1a-formatura-conjunta-do-grupo-de-5-anos-da-educacao-infantil-reune-quase-600-alunos-em-solenidade-na-praca-pedro-dorea\/#listItem","name":"1\u00aa formatura conjunta do grupo de 5 anos da Educa\u00e7\u00e3o Infantil re\u00fane quase 600 alunos em solenidade na Pra\u00e7a Pedro D\u00f3rea"},"previousItem":{"@type":"ListItem","@id":"https:\/\/newsinfoco.com.br\/inicio#listItem","name":"In\u00edcio"}},{"@type":"ListItem","@id":"https:\/\/newsinfoco.com.br\/inicio\/1a-formatura-conjunta-do-grupo-de-5-anos-da-educacao-infantil-reune-quase-600-alunos-em-solenidade-na-praca-pedro-dorea\/#listItem","position":3,"name":"1\u00aa formatura conjunta do grupo de 5 anos da Educa\u00e7\u00e3o Infantil re\u00fane quase 600 alunos em solenidade na Pra\u00e7a Pedro D\u00f3rea","previousItem":{"@type":"ListItem","@id":"https:\/\/newsinfoco.com.br\/inicio\/category\/destaque\/#listItem","name":"Destaque"}}]},{"@type":"Organization","@id":"https:\/\/newsinfoco.com.br\/inicio\/#organization","name":"News In Foco - Editado por Caio Pimenta","description":"O principal site de noticias de Alagoinhas e regi\u00e3o","url":"https:\/\/newsinfoco.com.br\/inicio\/"},{"@type":"Person","@id":"https:\/\/newsinfoco.com.br\/inicio\/author\/administrador\/#author","url":"https:\/\/newsinfoco.com.br\/inicio\/author\/administrador\/","name":"administrador","image":{"@type":"ImageObject","@id":"https:\/\/newsinfoco.com.br\/inicio\/1a-formatura-conjunta-do-grupo-de-5-anos-da-educacao-infantil-reune-quase-600-alunos-em-solenidade-na-praca-pedro-dorea\/#authorImage","url":"https:\/\/secure.gravatar.com\/avatar\/c17a617433de8c1dc9584bb79aab7563b46f5bb7e1728c9b17d9cc3ce6a08e49?s=96&d=mm&r=g","width":96,"height":96,"caption":"administrador"}},{"@type":"WebPage","@id":"https:\/\/newsinfoco.com.br\/inicio\/1a-formatura-conjunta-do-grupo-de-5-anos-da-educacao-infantil-reune-quase-600-alunos-em-solenidade-na-praca-pedro-dorea\/#webpage","url":"https:\/\/newsinfoco.com.br\/inicio\/1a-formatura-conjunta-do-grupo-de-5-anos-da-educacao-infantil-reune-quase-600-alunos-em-solenidade-na-praca-pedro-dorea\/","name":"1\u00aa formatura conjunta do grupo de 5 anos da Educa\u00e7\u00e3o Infantil re\u00fane quase 600 alunos em solenidade na Pra\u00e7a Pedro D\u00f3rea - News In Foco - Editado por Caio Pimenta","description":"Quase 600 estudantes do grupo 5 da Educa\u00e7\u00e3o Infantil matriculados na rede municipal de ensino se formaram em solenidade hist\u00f3rica, na \u00faltima sexta-feira (13). Pela 1\u00aa vez, a formatura dos alunos de 5 anos, que encerram a 1\u00aa etapa do processo educativo, foi realizada de forma conjunta, em pra\u00e7a p\u00fablica. Foram 37 escolas representadas em","inLanguage":"pt-BR","isPartOf":{"@id":"https:\/\/newsinfoco.com.br\/inicio\/#website"},"breadcrumb":{"@id":"https:\/\/newsinfoco.com.br\/inicio\/1a-formatura-conjunta-do-grupo-de-5-anos-da-educacao-infantil-reune-quase-600-alunos-em-solenidade-na-praca-pedro-dorea\/#breadcrumblist"},"author":{"@id":"https:\/\/newsinfoco.com.br\/inicio\/author\/administrador\/#author"},"creator":{"@id":"https:\/\/newsinfoco.com.br\/inicio\/author\/administrador\/#author"},"image":{"@type":"ImageObject","url":"https:\/\/newsinfoco.com.br\/inicio\/wp-content\/uploads\/2019\/12\/A77DA491-1EBA-4F1F-A0F4-D6F6458921BB-1024x678-1.jpeg","@id":"https:\/\/newsinfoco.com.br\/inicio\/1a-formatura-conjunta-do-grupo-de-5-anos-da-educacao-infantil-reune-quase-600-alunos-em-solenidade-na-praca-pedro-dorea\/#mainImage","width":1024,"height":678},"primaryImageOfPage":{"@id":"https:\/\/newsinfoco.com.br\/inicio\/1a-formatura-conjunta-do-grupo-de-5-anos-da-educacao-infantil-reune-quase-600-alunos-em-solenidade-na-praca-pedro-dorea\/#mainImage"},"datePublished":"2019-12-14T19:54:15-03:00","dateModified":"2019-12-14T19:54:15-03:00"},{"@type":"WebSite","@id":"https:\/\/newsinfoco.com.br\/inicio\/#website","url":"https:\/\/newsinfoco.com.br\/inicio\/","name":"News In Foco - Editado por Caio Pimenta","description":"O principal site de noticias de Alagoinhas e regi\u00e3o","inLanguage":"pt-BR","publisher":{"@id":"https:\/\/newsinfoco.com.br\/inicio\/#organization"}}]},"og:locale":"pt_BR","og:site_name":"News In Foco - Editado por Caio Pimenta - O principal site de noticias de Alagoinhas e regi\u00e3o","og:type":"article","og:title":"1\u00aa formatura conjunta do grupo de 5 anos da Educa\u00e7\u00e3o Infantil re\u00fane quase 600 alunos em solenidade na Pra\u00e7a Pedro D\u00f3rea - News In Foco - Editado por Caio Pimenta","og:description":"Quase 600 estudantes do grupo 5 da Educa\u00e7\u00e3o Infantil matriculados na rede municipal de ensino se formaram em solenidade hist\u00f3rica, na \u00faltima sexta-feira (13). Pela 1\u00aa vez, a formatura dos alunos de 5 anos, que encerram a 1\u00aa etapa do processo educativo, foi realizada de forma conjunta, em pra\u00e7a p\u00fablica. Foram 37 escolas representadas em","og:url":"https:\/\/newsinfoco.com.br\/inicio\/1a-formatura-conjunta-do-grupo-de-5-anos-da-educacao-infantil-reune-quase-600-alunos-em-solenidade-na-praca-pedro-dorea\/","article:published_time":"2019-12-14T22:54:15+00:00","article:modified_time":"2019-12-14T22:54:15+00:00","twitter:card":"summary_large_image","twitter:title":"1\u00aa formatura conjunta do grupo de 5 anos da Educa\u00e7\u00e3o Infantil re\u00fane quase 600 alunos em solenidade na Pra\u00e7a Pedro D\u00f3rea - News In Foco - Editado por Caio Pimenta","twitter:description":"Quase 600 estudantes do grupo 5 da Educa\u00e7\u00e3o Infantil matriculados na rede municipal de ensino se formaram em solenidade hist\u00f3rica, na \u00faltima sexta-feira (13). Pela 1\u00aa vez, a formatura dos alunos de 5 anos, que encerram a 1\u00aa etapa do processo educativo, foi realizada de forma conjunta, em pra\u00e7a p\u00fablica. Foram 37 escolas representadas em"},"aioseo_meta_data":{"post_id":"19393","title":null,"description":null,"keywords":null,"keyphrases":null,"primary_term":null,"canonical_url":null,"og_title":null,"og_description":null,"og_object_type":"default","og_image_type":"default","og_image_url":null,"og_image_width":null,"og_image_height":null,"og_image_custom_url":null,"og_image_custom_fields":null,"og_video":null,"og_custom_url":null,"og_article_section":null,"og_article_tags":null,"twitter_use_og":false,"twitter_card":"default","twitter_image_type":"default","twitter_image_url":null,"twitter_image_custom_url":null,"twitter_image_custom_fields":null,"twitter_title":null,"twitter_description":null,"schema":{"blockGraphs":[],"customGraphs":[],"default":{"data":{"Article":[],"Course":[],"Dataset":[],"FAQPage":[],"Movie":[],"Person":[],"Product":[],"ProductReview":[],"Car":[],"Recipe":[],"Service":[],"SoftwareApplication":[],"WebPage":[]},"graphName":"","isEnabled":true},"graphs":[]},"schema_type":"default","schema_type_options":null,"pillar_content":false,"robots_default":true,"robots_noindex":false,"robots_noarchive":false,"robots_nosnippet":false,"robots_nofollow":false,"robots_noimageindex":false,"robots_noodp":false,"robots_notranslate":false,"robots_max_snippet":null,"robots_max_videopreview":null,"robots_max_imagepreview":"large","priority":null,"frequency":null,"local_seo":null,"breadcrumb_settings":null,"limit_modified_date":false,"ai":null,"created":"2023-06-12 15:40:44","updated":"2025-07-11 02:17:48","seo_analyzer_scan_date":null},"aioseo_breadcrumb":"<div class=\"aioseo-breadcrumbs\"><span class=\"aioseo-breadcrumb\">\n\t\t\t<a href=\"https:\/\/newsinfoco.com.br\/inicio\" title=\"In\u00edcio\">In\u00edcio<\/a>\n\t\t<\/span><span class=\"aioseo-breadcrumb-separator\">&raquo;<\/span><span class=\"aioseo-breadcrumb\">\n\t\t\t<a href=\"https:\/\/newsinfoco.com.br\/inicio\/category\/destaque\/\" title=\"Destaque\">Destaque<\/a>\n\t\t<\/span><span class=\"aioseo-breadcrumb-separator\">&raquo;<\/span><span class=\"aioseo-breadcrumb\">\n\t\t\t1\u00aa formatura conjunta do grupo de 5 anos da Educa\u00e7\u00e3o Infantil re\u00fane quase 600 alunos em solenidade na Pra\u00e7a Pedro D\u00f3rea\n\t\t<\/span><\/div>","aioseo_breadcrumb_json":[{"label":"In\u00edcio","link":"https:\/\/newsinfoco.com.br\/inicio"},{"label":"Destaque","link":"https:\/\/newsinfoco.com.br\/inicio\/category\/destaque\/"},{"label":"1\u00aa formatura conjunta do grupo de 5 anos da Educa\u00e7\u00e3o Infantil re\u00fane quase 600 alunos em solenidade na Pra\u00e7a Pedro D\u00f3rea","link":"https:\/\/newsinfoco.com.br\/inicio\/1a-formatura-conjunta-do-grupo-de-5-anos-da-educacao-infantil-reune-quase-600-alunos-em-solenidade-na-praca-pedro-dorea\/"}],"_links":{"self":[{"href":"https:\/\/newsinfoco.com.br\/inicio\/wp-json\/wp\/v2\/posts\/19393","targetHints":{"allow":["GET"]}}],"collection":[{"href":"https:\/\/newsinfoco.com.br\/inicio\/wp-json\/wp\/v2\/posts"}],"about":[{"href":"https:\/\/newsinfoco.com.br\/inicio\/wp-json\/wp\/v2\/types\/post"}],"author":[{"embeddable":true,"href":"https:\/\/newsinfoco.com.br\/inicio\/wp-json\/wp\/v2\/users\/1"}],"replies":[{"embeddable":true,"href":"https:\/\/newsinfoco.com.br\/inicio\/wp-json\/wp\/v2\/comments?post=19393"}],"version-history":[{"count":0,"href":"https:\/\/newsinfoco.com.br\/inicio\/wp-json\/wp\/v2\/posts\/19393\/revisions"}],"wp:featuredmedia":[{"embeddable":true,"href":"https:\/\/newsinfoco.com.br\/inicio\/wp-json\/wp\/v2\/media\/19394"}],"wp:attachment":[{"href":"https:\/\/newsinfoco.com.br\/inicio\/wp-json\/wp\/v2\/media?parent=19393"}],"wp:term":[{"taxonomy":"category","embeddable":true,"href":"https:\/\/newsinfoco.com.br\/inicio\/wp-json\/wp\/v2\/categories?post=19393"},{"taxonomy":"post_tag","embeddable":true,"href":"https:\/\/newsinfoco.com.br\/inicio\/wp-json\/wp\/v2\/tags?post=19393"}],"curies":[{"name":"wp","href":"https:\/\/api.w.org\/{rel}","templated":true}]}}