{"id":19410,"date":"2019-12-15T08:53:42","date_gmt":"2019-12-15T11:53:42","guid":{"rendered":"http:\/\/newsinfoco.com.br\/?p=19410"},"modified":"2019-12-15T14:53:36","modified_gmt":"2019-12-15T17:53:36","slug":"em-reuniao-prefeitura-de-alagoinhas-e-representante-dos-permissionarios-discutem-acoes-para-conservacao-e-melhoria-da-praca-rui-barbosa","status":"publish","type":"post","link":"https:\/\/newsinfoco.com.br\/inicio\/em-reuniao-prefeitura-de-alagoinhas-e-representante-dos-permissionarios-discutem-acoes-para-conservacao-e-melhoria-da-praca-rui-barbosa\/","title":{"rendered":"Em reuni\u00e3o, prefeitura de Alagoinhas e representante dos permission\u00e1rios discutem a\u00e7\u00f5es para conserva\u00e7\u00e3o e melhoria da Pra\u00e7a Rui Barbosa"},"content":{"rendered":"<p style=\"text-align: justify;\">Os 24 comerciantes que atuam na Pra\u00e7a Rui Barbosa decidiram em reuni\u00e3o com a Prefeitura, envolvendo v\u00e1rias secretarias, que ser\u00e1 designado um representante para cuidar do espa\u00e7o de lazer e entretenimento. Os permission\u00e1rios da pra\u00e7a rec\u00e9m reformada s\u00e3o os mesmos que historicamente exploram o equipamento p\u00fablico, ningu\u00e9m foi removido do local. O encontro foi organizado por Luiz Eduardo, mais conhecido como Duda do Churros, que, desde do in\u00edcio das obras de requalifica\u00e7\u00e3o, vem representando os ocupantes dos boxes perante o poder p\u00fablico. As reuni\u00f5es ser\u00e3o constantes, a pr\u00f3xima j\u00e1 est\u00e1 marcada para o in\u00edcio de janeiro.<\/p>\n<p style=\"text-align: justify;\">Outro ponto discutido foi a infiltra\u00e7\u00e3o que vem ocorrendo em alguns estabelecimentos, especialmente no pergolado que serve de cobertura dos 6m<sup>2<\/sup> de cada constru\u00e7\u00e3o. A Prefeitura tamb\u00e9m se comprometeu com corre\u00e7\u00e3o do piso que liga a pra\u00e7a ao quarteir\u00e3o onde est\u00e1 localizada a nova farm\u00e1cia Silva Rocha. Ali, em per\u00edodos de chuva, ocorre a forma\u00e7\u00e3o de uma grade po\u00e7a d\u2019\u00e1gua. Foi reafirmado por Alex Pereira, gerente do Bob\u2019s, o compromisso da empresa de alimentos em cuidar de todo o paisagismo e da limpeza dos banheiros.<\/p>\n<p style=\"text-align: justify;\">Com o secret\u00e1rio de Servi\u00e7os P\u00fablicos, Andr\u00e9 Barros, ficaram acertadas a rotina para o recolhimento de lixo, a fiscaliza\u00e7\u00e3o do uso do solo para que n\u00e3o se desvirtue o projeto original e a coloca\u00e7\u00e3o de algumas placas de sinaliza\u00e7\u00e3o e educativas. Os permission\u00e1rios refor\u00e7aram o compromisso de manter o padr\u00e3o dos boxes dentro da qualidade que lhes foram entregues pela Prefeitura. Duda do Churros falou que a inten\u00e7\u00e3o \u00e9 conservar a pra\u00e7a nas condi\u00e7\u00f5es atuais, com reformas imediatas e pronto atendimento das demandas, no tocante ao poder p\u00fablico e ao microempres\u00e1rio que explora os pontos de venda. A Secretaria de Assistencia Social, por meio do seu representante, Jo\u00e3o Sol, afirmou que intensificar\u00e1, no local, o trabalho de preven\u00e7\u00e3o do trabalho infantil bem como o devido encaminhamento e cuidado com a popula\u00e7\u00e3o de rua.<\/p>\n<p style=\"text-align: justify;\">O item seguran\u00e7a foi considerado por todos como adequado com a a\u00e7\u00e3o da Pol\u00edcia Militar e da Guarda Municipal, esta n\u00e3o compareceu ao encontro, mas mant\u00e9m di\u00e1logo constante com os comerciantes. A pra\u00e7a est\u00e1 equipada com c\u00e2maras de seguran\u00e7a e, at\u00e9 o momento, a ordem tem sido assegurada, garantindo-se a seguran\u00e7a de todos. Raniere Miranda, representando a Secretaria de Desenvolvimento Econ\u00f4mico e Meio Ambiente, est\u00e1 em di\u00e1logo constante para acolher as id\u00e9ias que potencializem os neg\u00f3cios no local, bem como em trazer melhorias constantes, visando sua fun\u00e7\u00e3o ecol\u00f3gica.<\/p>\n<p style=\"text-align: right;\">Por Paulo Dias para o News Infoco<\/p>\n<div class='share-to-whatsapp-wrapper'><div class='share-on-whsp'>Share on: <\/div><a data-text='Em reuni\u00e3o, prefeitura de Alagoinhas e representante dos permission\u00e1rios discutem a\u00e7\u00f5es para conserva\u00e7\u00e3o e melhoria da Pra\u00e7a Rui Barbosa' data-link='https:\/\/newsinfoco.com.br\/inicio\/em-reuniao-prefeitura-de-alagoinhas-e-representante-dos-permissionarios-discutem-acoes-para-conservacao-e-melhoria-da-praca-rui-barbosa\/' class='whatsapp-button whatsapp-share'>WhatsApp<\/a><div class='clear '><\/div><\/div>","protected":false},"excerpt":{"rendered":"<p>Os 24 comerciantes que atuam na Pra\u00e7a Rui Barbosa decidiram em reuni\u00e3o com a Prefeitura, envolvendo v\u00e1rias secretarias, que ser\u00e1 designado um representante para cuidar do espa\u00e7o de lazer e entretenimento. Os permission\u00e1rios da pra\u00e7a rec\u00e9m reformada s\u00e3o os mesmos que historicamente exploram o equipamento p\u00fablico, ningu\u00e9m foi removido do local. O encontro foi organizado [&hellip;]<\/p>\n","protected":false},"author":1,"featured_media":19411,"comment_status":"open","ping_status":"open","sticky":false,"template":"","format":"standard","meta":{"om_disable_all_campaigns":false,"rop_custom_images_group":[],"rop_custom_messages_group":[],"rop_publish_now":"initial","rop_publish_now_accounts":[],"rop_publish_now_history":[],"rop_publish_now_status":"pending","_exactmetrics_skip_tracking":false,"footnotes":""},"categories":[38,30],"tags":[],"class_list":["post-19410","post","type-post","status-publish","format-standard","has-post-thumbnail","hentry","category-alagoinhas-e-regiao","category-destaque"],"aioseo_notices":[],"aioseo_head":"\n\t\t<!-- All in One SEO 4.9.10 - aioseo.com -->\n\t<meta name=\"description\" content=\"Os 24 comerciantes que atuam na Pra\u00e7a Rui Barbosa decidiram em reuni\u00e3o com a Prefeitura, envolvendo v\u00e1rias secretarias, que ser\u00e1 designado um representante para cuidar do espa\u00e7o de lazer e entretenimento. Os permission\u00e1rios da pra\u00e7a rec\u00e9m reformada s\u00e3o os mesmos que historicamente exploram o equipamento p\u00fablico, ningu\u00e9m foi removido do local. O encontro foi organizado\" \/>\n\t<meta name=\"robots\" content=\"max-image-preview:large\" \/>\n\t<meta name=\"author\" content=\"administrador\"\/>\n\t<link rel=\"canonical\" href=\"https:\/\/newsinfoco.com.br\/inicio\/em-reuniao-prefeitura-de-alagoinhas-e-representante-dos-permissionarios-discutem-acoes-para-conservacao-e-melhoria-da-praca-rui-barbosa\/\" \/>\n\t<meta name=\"generator\" content=\"All in One SEO (AIOSEO) 4.9.10\" \/>\n\t\t<meta property=\"og:locale\" content=\"pt_BR\" \/>\n\t\t<meta property=\"og:site_name\" content=\"News In Foco - Editado por Caio Pimenta - O principal site de noticias de Alagoinhas e regi\u00e3o\" \/>\n\t\t<meta property=\"og:type\" content=\"article\" \/>\n\t\t<meta property=\"og:title\" content=\"Em reuni\u00e3o, prefeitura de Alagoinhas e representante dos permission\u00e1rios discutem a\u00e7\u00f5es para conserva\u00e7\u00e3o e melhoria da Pra\u00e7a Rui Barbosa - News In Foco - Editado por Caio Pimenta\" \/>\n\t\t<meta property=\"og:description\" content=\"Os 24 comerciantes que atuam na Pra\u00e7a Rui Barbosa decidiram em reuni\u00e3o com a Prefeitura, envolvendo v\u00e1rias secretarias, que ser\u00e1 designado um representante para cuidar do espa\u00e7o de lazer e entretenimento. Os permission\u00e1rios da pra\u00e7a rec\u00e9m reformada s\u00e3o os mesmos que historicamente exploram o equipamento p\u00fablico, ningu\u00e9m foi removido do local. O encontro foi organizado\" \/>\n\t\t<meta property=\"og:url\" content=\"https:\/\/newsinfoco.com.br\/inicio\/em-reuniao-prefeitura-de-alagoinhas-e-representante-dos-permissionarios-discutem-acoes-para-conservacao-e-melhoria-da-praca-rui-barbosa\/\" \/>\n\t\t<meta property=\"article:published_time\" content=\"2019-12-15T11:53:42+00:00\" \/>\n\t\t<meta property=\"article:modified_time\" content=\"2019-12-15T17:53:36+00:00\" \/>\n\t\t<meta name=\"twitter:card\" content=\"summary_large_image\" \/>\n\t\t<meta name=\"twitter:title\" content=\"Em reuni\u00e3o, prefeitura de Alagoinhas e representante dos permission\u00e1rios discutem a\u00e7\u00f5es para conserva\u00e7\u00e3o e melhoria da Pra\u00e7a Rui Barbosa - News In Foco - Editado por Caio Pimenta\" \/>\n\t\t<meta name=\"twitter:description\" content=\"Os 24 comerciantes que atuam na Pra\u00e7a Rui Barbosa decidiram em reuni\u00e3o com a Prefeitura, envolvendo v\u00e1rias secretarias, que ser\u00e1 designado um representante para cuidar do espa\u00e7o de lazer e entretenimento. Os permission\u00e1rios da pra\u00e7a rec\u00e9m reformada s\u00e3o os mesmos que historicamente exploram o equipamento p\u00fablico, ningu\u00e9m foi removido do local. O encontro foi organizado\" \/>\n\t\t<script type=\"application\/ld+json\" class=\"aioseo-schema\">\n\t\t\t{\"@context\":\"https:\\\/\\\/schema.org\",\"@graph\":[{\"@type\":\"BlogPosting\",\"@id\":\"https:\\\/\\\/newsinfoco.com.br\\\/inicio\\\/em-reuniao-prefeitura-de-alagoinhas-e-representante-dos-permissionarios-discutem-acoes-para-conservacao-e-melhoria-da-praca-rui-barbosa\\\/#blogposting\",\"name\":\"Em reuni\\u00e3o, prefeitura de Alagoinhas e representante dos permission\\u00e1rios discutem a\\u00e7\\u00f5es para conserva\\u00e7\\u00e3o e melhoria da Pra\\u00e7a Rui Barbosa - News In Foco - Editado por Caio Pimenta\",\"headline\":\"Em reuni\\u00e3o, prefeitura de Alagoinhas e representante dos permission\\u00e1rios discutem a\\u00e7\\u00f5es para conserva\\u00e7\\u00e3o e melhoria da Pra\\u00e7a Rui Barbosa\",\"author\":{\"@id\":\"https:\\\/\\\/newsinfoco.com.br\\\/inicio\\\/author\\\/administrador\\\/#author\"},\"publisher\":{\"@id\":\"https:\\\/\\\/newsinfoco.com.br\\\/inicio\\\/#organization\"},\"image\":{\"@type\":\"ImageObject\",\"url\":\"https:\\\/\\\/newsinfoco.com.br\\\/inicio\\\/wp-content\\\/uploads\\\/2019\\\/12\\\/IMG-20191215-WA0028.jpg\",\"width\":800,\"height\":450},\"datePublished\":\"2019-12-15T08:53:42-03:00\",\"dateModified\":\"2019-12-15T14:53:36-03:00\",\"inLanguage\":\"pt-BR\",\"mainEntityOfPage\":{\"@id\":\"https:\\\/\\\/newsinfoco.com.br\\\/inicio\\\/em-reuniao-prefeitura-de-alagoinhas-e-representante-dos-permissionarios-discutem-acoes-para-conservacao-e-melhoria-da-praca-rui-barbosa\\\/#webpage\"},\"isPartOf\":{\"@id\":\"https:\\\/\\\/newsinfoco.com.br\\\/inicio\\\/em-reuniao-prefeitura-de-alagoinhas-e-representante-dos-permissionarios-discutem-acoes-para-conservacao-e-melhoria-da-praca-rui-barbosa\\\/#webpage\"},\"articleSection\":\"Alagoinhas e Regi\\u00e3o, Destaque\"},{\"@type\":\"BreadcrumbList\",\"@id\":\"https:\\\/\\\/newsinfoco.com.br\\\/inicio\\\/em-reuniao-prefeitura-de-alagoinhas-e-representante-dos-permissionarios-discutem-acoes-para-conservacao-e-melhoria-da-praca-rui-barbosa\\\/#breadcrumblist\",\"itemListElement\":[{\"@type\":\"ListItem\",\"@id\":\"https:\\\/\\\/newsinfoco.com.br\\\/inicio#listItem\",\"position\":1,\"name\":\"In\\u00edcio\",\"item\":\"https:\\\/\\\/newsinfoco.com.br\\\/inicio\",\"nextItem\":{\"@type\":\"ListItem\",\"@id\":\"https:\\\/\\\/newsinfoco.com.br\\\/inicio\\\/category\\\/destaque\\\/#listItem\",\"name\":\"Destaque\"}},{\"@type\":\"ListItem\",\"@id\":\"https:\\\/\\\/newsinfoco.com.br\\\/inicio\\\/category\\\/destaque\\\/#listItem\",\"position\":2,\"name\":\"Destaque\",\"item\":\"https:\\\/\\\/newsinfoco.com.br\\\/inicio\\\/category\\\/destaque\\\/\",\"nextItem\":{\"@type\":\"ListItem\",\"@id\":\"https:\\\/\\\/newsinfoco.com.br\\\/inicio\\\/em-reuniao-prefeitura-de-alagoinhas-e-representante-dos-permissionarios-discutem-acoes-para-conservacao-e-melhoria-da-praca-rui-barbosa\\\/#listItem\",\"name\":\"Em reuni\\u00e3o, prefeitura de Alagoinhas e representante dos permission\\u00e1rios discutem a\\u00e7\\u00f5es para conserva\\u00e7\\u00e3o e melhoria da Pra\\u00e7a Rui Barbosa\"},\"previousItem\":{\"@type\":\"ListItem\",\"@id\":\"https:\\\/\\\/newsinfoco.com.br\\\/inicio#listItem\",\"name\":\"In\\u00edcio\"}},{\"@type\":\"ListItem\",\"@id\":\"https:\\\/\\\/newsinfoco.com.br\\\/inicio\\\/em-reuniao-prefeitura-de-alagoinhas-e-representante-dos-permissionarios-discutem-acoes-para-conservacao-e-melhoria-da-praca-rui-barbosa\\\/#listItem\",\"position\":3,\"name\":\"Em reuni\\u00e3o, prefeitura de Alagoinhas e representante dos permission\\u00e1rios discutem a\\u00e7\\u00f5es para conserva\\u00e7\\u00e3o e melhoria da Pra\\u00e7a Rui Barbosa\",\"previousItem\":{\"@type\":\"ListItem\",\"@id\":\"https:\\\/\\\/newsinfoco.com.br\\\/inicio\\\/category\\\/destaque\\\/#listItem\",\"name\":\"Destaque\"}}]},{\"@type\":\"Organization\",\"@id\":\"https:\\\/\\\/newsinfoco.com.br\\\/inicio\\\/#organization\",\"name\":\"News In Foco - Editado por Caio Pimenta\",\"description\":\"O principal site de noticias de Alagoinhas e regi\\u00e3o\",\"url\":\"https:\\\/\\\/newsinfoco.com.br\\\/inicio\\\/\"},{\"@type\":\"Person\",\"@id\":\"https:\\\/\\\/newsinfoco.com.br\\\/inicio\\\/author\\\/administrador\\\/#author\",\"url\":\"https:\\\/\\\/newsinfoco.com.br\\\/inicio\\\/author\\\/administrador\\\/\",\"name\":\"administrador\",\"image\":{\"@type\":\"ImageObject\",\"@id\":\"https:\\\/\\\/newsinfoco.com.br\\\/inicio\\\/em-reuniao-prefeitura-de-alagoinhas-e-representante-dos-permissionarios-discutem-acoes-para-conservacao-e-melhoria-da-praca-rui-barbosa\\\/#authorImage\",\"url\":\"https:\\\/\\\/secure.gravatar.com\\\/avatar\\\/c17a617433de8c1dc9584bb79aab7563b46f5bb7e1728c9b17d9cc3ce6a08e49?s=96&d=mm&r=g\",\"width\":96,\"height\":96,\"caption\":\"administrador\"}},{\"@type\":\"WebPage\",\"@id\":\"https:\\\/\\\/newsinfoco.com.br\\\/inicio\\\/em-reuniao-prefeitura-de-alagoinhas-e-representante-dos-permissionarios-discutem-acoes-para-conservacao-e-melhoria-da-praca-rui-barbosa\\\/#webpage\",\"url\":\"https:\\\/\\\/newsinfoco.com.br\\\/inicio\\\/em-reuniao-prefeitura-de-alagoinhas-e-representante-dos-permissionarios-discutem-acoes-para-conservacao-e-melhoria-da-praca-rui-barbosa\\\/\",\"name\":\"Em reuni\\u00e3o, prefeitura de Alagoinhas e representante dos permission\\u00e1rios discutem a\\u00e7\\u00f5es para conserva\\u00e7\\u00e3o e melhoria da Pra\\u00e7a Rui Barbosa - News In Foco - Editado por Caio Pimenta\",\"description\":\"Os 24 comerciantes que atuam na Pra\\u00e7a Rui Barbosa decidiram em reuni\\u00e3o com a Prefeitura, envolvendo v\\u00e1rias secretarias, que ser\\u00e1 designado um representante para cuidar do espa\\u00e7o de lazer e entretenimento. Os permission\\u00e1rios da pra\\u00e7a rec\\u00e9m reformada s\\u00e3o os mesmos que historicamente exploram o equipamento p\\u00fablico, ningu\\u00e9m foi removido do local. O encontro foi organizado\",\"inLanguage\":\"pt-BR\",\"isPartOf\":{\"@id\":\"https:\\\/\\\/newsinfoco.com.br\\\/inicio\\\/#website\"},\"breadcrumb\":{\"@id\":\"https:\\\/\\\/newsinfoco.com.br\\\/inicio\\\/em-reuniao-prefeitura-de-alagoinhas-e-representante-dos-permissionarios-discutem-acoes-para-conservacao-e-melhoria-da-praca-rui-barbosa\\\/#breadcrumblist\"},\"author\":{\"@id\":\"https:\\\/\\\/newsinfoco.com.br\\\/inicio\\\/author\\\/administrador\\\/#author\"},\"creator\":{\"@id\":\"https:\\\/\\\/newsinfoco.com.br\\\/inicio\\\/author\\\/administrador\\\/#author\"},\"image\":{\"@type\":\"ImageObject\",\"url\":\"https:\\\/\\\/newsinfoco.com.br\\\/inicio\\\/wp-content\\\/uploads\\\/2019\\\/12\\\/IMG-20191215-WA0028.jpg\",\"@id\":\"https:\\\/\\\/newsinfoco.com.br\\\/inicio\\\/em-reuniao-prefeitura-de-alagoinhas-e-representante-dos-permissionarios-discutem-acoes-para-conservacao-e-melhoria-da-praca-rui-barbosa\\\/#mainImage\",\"width\":800,\"height\":450},\"primaryImageOfPage\":{\"@id\":\"https:\\\/\\\/newsinfoco.com.br\\\/inicio\\\/em-reuniao-prefeitura-de-alagoinhas-e-representante-dos-permissionarios-discutem-acoes-para-conservacao-e-melhoria-da-praca-rui-barbosa\\\/#mainImage\"},\"datePublished\":\"2019-12-15T08:53:42-03:00\",\"dateModified\":\"2019-12-15T14:53:36-03:00\"},{\"@type\":\"WebSite\",\"@id\":\"https:\\\/\\\/newsinfoco.com.br\\\/inicio\\\/#website\",\"url\":\"https:\\\/\\\/newsinfoco.com.br\\\/inicio\\\/\",\"name\":\"News In Foco - Editado por Caio Pimenta\",\"description\":\"O principal site de noticias de Alagoinhas e regi\\u00e3o\",\"inLanguage\":\"pt-BR\",\"publisher\":{\"@id\":\"https:\\\/\\\/newsinfoco.com.br\\\/inicio\\\/#organization\"}}]}\n\t\t<\/script>\n\t\t<!-- All in One SEO -->\n\n","aioseo_head_json":{"title":"Em reuni\u00e3o, prefeitura de Alagoinhas e representante dos permission\u00e1rios discutem a\u00e7\u00f5es para conserva\u00e7\u00e3o e melhoria da Pra\u00e7a Rui Barbosa - News In Foco - Editado por Caio Pimenta","description":"Os 24 comerciantes que atuam na Pra\u00e7a Rui Barbosa decidiram em reuni\u00e3o com a Prefeitura, envolvendo v\u00e1rias secretarias, que ser\u00e1 designado um representante para cuidar do espa\u00e7o de lazer e entretenimento. Os permission\u00e1rios da pra\u00e7a rec\u00e9m reformada s\u00e3o os mesmos que historicamente exploram o equipamento p\u00fablico, ningu\u00e9m foi removido do local. O encontro foi organizado","canonical_url":"https:\/\/newsinfoco.com.br\/inicio\/em-reuniao-prefeitura-de-alagoinhas-e-representante-dos-permissionarios-discutem-acoes-para-conservacao-e-melhoria-da-praca-rui-barbosa\/","robots":"max-image-preview:large","keywords":"","webmasterTools":{"miscellaneous":""},"schema":{"@context":"https:\/\/schema.org","@graph":[{"@type":"BlogPosting","@id":"https:\/\/newsinfoco.com.br\/inicio\/em-reuniao-prefeitura-de-alagoinhas-e-representante-dos-permissionarios-discutem-acoes-para-conservacao-e-melhoria-da-praca-rui-barbosa\/#blogposting","name":"Em reuni\u00e3o, prefeitura de Alagoinhas e representante dos permission\u00e1rios discutem a\u00e7\u00f5es para conserva\u00e7\u00e3o e melhoria da Pra\u00e7a Rui Barbosa - News In Foco - Editado por Caio Pimenta","headline":"Em reuni\u00e3o, prefeitura de Alagoinhas e representante dos permission\u00e1rios discutem a\u00e7\u00f5es para conserva\u00e7\u00e3o e melhoria da Pra\u00e7a Rui Barbosa","author":{"@id":"https:\/\/newsinfoco.com.br\/inicio\/author\/administrador\/#author"},"publisher":{"@id":"https:\/\/newsinfoco.com.br\/inicio\/#organization"},"image":{"@type":"ImageObject","url":"https:\/\/newsinfoco.com.br\/inicio\/wp-content\/uploads\/2019\/12\/IMG-20191215-WA0028.jpg","width":800,"height":450},"datePublished":"2019-12-15T08:53:42-03:00","dateModified":"2019-12-15T14:53:36-03:00","inLanguage":"pt-BR","mainEntityOfPage":{"@id":"https:\/\/newsinfoco.com.br\/inicio\/em-reuniao-prefeitura-de-alagoinhas-e-representante-dos-permissionarios-discutem-acoes-para-conservacao-e-melhoria-da-praca-rui-barbosa\/#webpage"},"isPartOf":{"@id":"https:\/\/newsinfoco.com.br\/inicio\/em-reuniao-prefeitura-de-alagoinhas-e-representante-dos-permissionarios-discutem-acoes-para-conservacao-e-melhoria-da-praca-rui-barbosa\/#webpage"},"articleSection":"Alagoinhas e Regi\u00e3o, Destaque"},{"@type":"BreadcrumbList","@id":"https:\/\/newsinfoco.com.br\/inicio\/em-reuniao-prefeitura-de-alagoinhas-e-representante-dos-permissionarios-discutem-acoes-para-conservacao-e-melhoria-da-praca-rui-barbosa\/#breadcrumblist","itemListElement":[{"@type":"ListItem","@id":"https:\/\/newsinfoco.com.br\/inicio#listItem","position":1,"name":"In\u00edcio","item":"https:\/\/newsinfoco.com.br\/inicio","nextItem":{"@type":"ListItem","@id":"https:\/\/newsinfoco.com.br\/inicio\/category\/destaque\/#listItem","name":"Destaque"}},{"@type":"ListItem","@id":"https:\/\/newsinfoco.com.br\/inicio\/category\/destaque\/#listItem","position":2,"name":"Destaque","item":"https:\/\/newsinfoco.com.br\/inicio\/category\/destaque\/","nextItem":{"@type":"ListItem","@id":"https:\/\/newsinfoco.com.br\/inicio\/em-reuniao-prefeitura-de-alagoinhas-e-representante-dos-permissionarios-discutem-acoes-para-conservacao-e-melhoria-da-praca-rui-barbosa\/#listItem","name":"Em reuni\u00e3o, prefeitura de Alagoinhas e representante dos permission\u00e1rios discutem a\u00e7\u00f5es para conserva\u00e7\u00e3o e melhoria da Pra\u00e7a Rui Barbosa"},"previousItem":{"@type":"ListItem","@id":"https:\/\/newsinfoco.com.br\/inicio#listItem","name":"In\u00edcio"}},{"@type":"ListItem","@id":"https:\/\/newsinfoco.com.br\/inicio\/em-reuniao-prefeitura-de-alagoinhas-e-representante-dos-permissionarios-discutem-acoes-para-conservacao-e-melhoria-da-praca-rui-barbosa\/#listItem","position":3,"name":"Em reuni\u00e3o, prefeitura de Alagoinhas e representante dos permission\u00e1rios discutem a\u00e7\u00f5es para conserva\u00e7\u00e3o e melhoria da Pra\u00e7a Rui Barbosa","previousItem":{"@type":"ListItem","@id":"https:\/\/newsinfoco.com.br\/inicio\/category\/destaque\/#listItem","name":"Destaque"}}]},{"@type":"Organization","@id":"https:\/\/newsinfoco.com.br\/inicio\/#organization","name":"News In Foco - Editado por Caio Pimenta","description":"O principal site de noticias de Alagoinhas e regi\u00e3o","url":"https:\/\/newsinfoco.com.br\/inicio\/"},{"@type":"Person","@id":"https:\/\/newsinfoco.com.br\/inicio\/author\/administrador\/#author","url":"https:\/\/newsinfoco.com.br\/inicio\/author\/administrador\/","name":"administrador","image":{"@type":"ImageObject","@id":"https:\/\/newsinfoco.com.br\/inicio\/em-reuniao-prefeitura-de-alagoinhas-e-representante-dos-permissionarios-discutem-acoes-para-conservacao-e-melhoria-da-praca-rui-barbosa\/#authorImage","url":"https:\/\/secure.gravatar.com\/avatar\/c17a617433de8c1dc9584bb79aab7563b46f5bb7e1728c9b17d9cc3ce6a08e49?s=96&d=mm&r=g","width":96,"height":96,"caption":"administrador"}},{"@type":"WebPage","@id":"https:\/\/newsinfoco.com.br\/inicio\/em-reuniao-prefeitura-de-alagoinhas-e-representante-dos-permissionarios-discutem-acoes-para-conservacao-e-melhoria-da-praca-rui-barbosa\/#webpage","url":"https:\/\/newsinfoco.com.br\/inicio\/em-reuniao-prefeitura-de-alagoinhas-e-representante-dos-permissionarios-discutem-acoes-para-conservacao-e-melhoria-da-praca-rui-barbosa\/","name":"Em reuni\u00e3o, prefeitura de Alagoinhas e representante dos permission\u00e1rios discutem a\u00e7\u00f5es para conserva\u00e7\u00e3o e melhoria da Pra\u00e7a Rui Barbosa - News In Foco - Editado por Caio Pimenta","description":"Os 24 comerciantes que atuam na Pra\u00e7a Rui Barbosa decidiram em reuni\u00e3o com a Prefeitura, envolvendo v\u00e1rias secretarias, que ser\u00e1 designado um representante para cuidar do espa\u00e7o de lazer e entretenimento. Os permission\u00e1rios da pra\u00e7a rec\u00e9m reformada s\u00e3o os mesmos que historicamente exploram o equipamento p\u00fablico, ningu\u00e9m foi removido do local. O encontro foi organizado","inLanguage":"pt-BR","isPartOf":{"@id":"https:\/\/newsinfoco.com.br\/inicio\/#website"},"breadcrumb":{"@id":"https:\/\/newsinfoco.com.br\/inicio\/em-reuniao-prefeitura-de-alagoinhas-e-representante-dos-permissionarios-discutem-acoes-para-conservacao-e-melhoria-da-praca-rui-barbosa\/#breadcrumblist"},"author":{"@id":"https:\/\/newsinfoco.com.br\/inicio\/author\/administrador\/#author"},"creator":{"@id":"https:\/\/newsinfoco.com.br\/inicio\/author\/administrador\/#author"},"image":{"@type":"ImageObject","url":"https:\/\/newsinfoco.com.br\/inicio\/wp-content\/uploads\/2019\/12\/IMG-20191215-WA0028.jpg","@id":"https:\/\/newsinfoco.com.br\/inicio\/em-reuniao-prefeitura-de-alagoinhas-e-representante-dos-permissionarios-discutem-acoes-para-conservacao-e-melhoria-da-praca-rui-barbosa\/#mainImage","width":800,"height":450},"primaryImageOfPage":{"@id":"https:\/\/newsinfoco.com.br\/inicio\/em-reuniao-prefeitura-de-alagoinhas-e-representante-dos-permissionarios-discutem-acoes-para-conservacao-e-melhoria-da-praca-rui-barbosa\/#mainImage"},"datePublished":"2019-12-15T08:53:42-03:00","dateModified":"2019-12-15T14:53:36-03:00"},{"@type":"WebSite","@id":"https:\/\/newsinfoco.com.br\/inicio\/#website","url":"https:\/\/newsinfoco.com.br\/inicio\/","name":"News In Foco - Editado por Caio Pimenta","description":"O principal site de noticias de Alagoinhas e regi\u00e3o","inLanguage":"pt-BR","publisher":{"@id":"https:\/\/newsinfoco.com.br\/inicio\/#organization"}}]},"og:locale":"pt_BR","og:site_name":"News In Foco - Editado por Caio Pimenta - O principal site de noticias de Alagoinhas e regi\u00e3o","og:type":"article","og:title":"Em reuni\u00e3o, prefeitura de Alagoinhas e representante dos permission\u00e1rios discutem a\u00e7\u00f5es para conserva\u00e7\u00e3o e melhoria da Pra\u00e7a Rui Barbosa - News In Foco - Editado por Caio Pimenta","og:description":"Os 24 comerciantes que atuam na Pra\u00e7a Rui Barbosa decidiram em reuni\u00e3o com a Prefeitura, envolvendo v\u00e1rias secretarias, que ser\u00e1 designado um representante para cuidar do espa\u00e7o de lazer e entretenimento. Os permission\u00e1rios da pra\u00e7a rec\u00e9m reformada s\u00e3o os mesmos que historicamente exploram o equipamento p\u00fablico, ningu\u00e9m foi removido do local. O encontro foi organizado","og:url":"https:\/\/newsinfoco.com.br\/inicio\/em-reuniao-prefeitura-de-alagoinhas-e-representante-dos-permissionarios-discutem-acoes-para-conservacao-e-melhoria-da-praca-rui-barbosa\/","article:published_time":"2019-12-15T11:53:42+00:00","article:modified_time":"2019-12-15T17:53:36+00:00","twitter:card":"summary_large_image","twitter:title":"Em reuni\u00e3o, prefeitura de Alagoinhas e representante dos permission\u00e1rios discutem a\u00e7\u00f5es para conserva\u00e7\u00e3o e melhoria da Pra\u00e7a Rui Barbosa - News In Foco - Editado por Caio Pimenta","twitter:description":"Os 24 comerciantes que atuam na Pra\u00e7a Rui Barbosa decidiram em reuni\u00e3o com a Prefeitura, envolvendo v\u00e1rias secretarias, que ser\u00e1 designado um representante para cuidar do espa\u00e7o de lazer e entretenimento. Os permission\u00e1rios da pra\u00e7a rec\u00e9m reformada s\u00e3o os mesmos que historicamente exploram o equipamento p\u00fablico, ningu\u00e9m foi removido do local. O encontro foi organizado"},"aioseo_meta_data":{"post_id":"19410","title":null,"description":null,"keywords":null,"keyphrases":null,"primary_term":null,"canonical_url":null,"og_title":null,"og_description":null,"og_object_type":"default","og_image_type":"default","og_image_url":null,"og_image_width":null,"og_image_height":null,"og_image_custom_url":null,"og_image_custom_fields":null,"og_video":null,"og_custom_url":null,"og_article_section":null,"og_article_tags":null,"twitter_use_og":false,"twitter_card":"default","twitter_image_type":"default","twitter_image_url":null,"twitter_image_custom_url":null,"twitter_image_custom_fields":null,"twitter_title":null,"twitter_description":null,"schema":{"blockGraphs":[],"customGraphs":[],"default":{"data":{"Article":[],"Course":[],"Dataset":[],"FAQPage":[],"Movie":[],"Person":[],"Product":[],"ProductReview":[],"Car":[],"Recipe":[],"Service":[],"SoftwareApplication":[],"WebPage":[]},"graphName":"","isEnabled":true},"graphs":[]},"schema_type":"default","schema_type_options":null,"pillar_content":false,"robots_default":true,"robots_noindex":false,"robots_noarchive":false,"robots_nosnippet":false,"robots_nofollow":false,"robots_noimageindex":false,"robots_noodp":false,"robots_notranslate":false,"robots_max_snippet":null,"robots_max_videopreview":null,"robots_max_imagepreview":"large","priority":null,"frequency":null,"local_seo":null,"breadcrumb_settings":null,"limit_modified_date":false,"ai":null,"created":"2023-06-12 15:40:44","updated":"2025-07-11 02:17:48","seo_analyzer_scan_date":null},"aioseo_breadcrumb":"<div class=\"aioseo-breadcrumbs\"><span class=\"aioseo-breadcrumb\">\n\t\t\t<a href=\"https:\/\/newsinfoco.com.br\/inicio\" title=\"In\u00edcio\">In\u00edcio<\/a>\n\t\t<\/span><span class=\"aioseo-breadcrumb-separator\">&raquo;<\/span><span class=\"aioseo-breadcrumb\">\n\t\t\t<a href=\"https:\/\/newsinfoco.com.br\/inicio\/category\/destaque\/\" title=\"Destaque\">Destaque<\/a>\n\t\t<\/span><span class=\"aioseo-breadcrumb-separator\">&raquo;<\/span><span class=\"aioseo-breadcrumb\">\n\t\t\tEm reuni\u00e3o, prefeitura de Alagoinhas e representante dos permission\u00e1rios discutem a\u00e7\u00f5es para conserva\u00e7\u00e3o e melhoria da Pra\u00e7a Rui Barbosa\n\t\t<\/span><\/div>","aioseo_breadcrumb_json":[{"label":"In\u00edcio","link":"https:\/\/newsinfoco.com.br\/inicio"},{"label":"Destaque","link":"https:\/\/newsinfoco.com.br\/inicio\/category\/destaque\/"},{"label":"Em reuni\u00e3o, prefeitura de Alagoinhas e representante dos permission\u00e1rios discutem a\u00e7\u00f5es para conserva\u00e7\u00e3o e melhoria da Pra\u00e7a Rui Barbosa","link":"https:\/\/newsinfoco.com.br\/inicio\/em-reuniao-prefeitura-de-alagoinhas-e-representante-dos-permissionarios-discutem-acoes-para-conservacao-e-melhoria-da-praca-rui-barbosa\/"}],"_links":{"self":[{"href":"https:\/\/newsinfoco.com.br\/inicio\/wp-json\/wp\/v2\/posts\/19410","targetHints":{"allow":["GET"]}}],"collection":[{"href":"https:\/\/newsinfoco.com.br\/inicio\/wp-json\/wp\/v2\/posts"}],"about":[{"href":"https:\/\/newsinfoco.com.br\/inicio\/wp-json\/wp\/v2\/types\/post"}],"author":[{"embeddable":true,"href":"https:\/\/newsinfoco.com.br\/inicio\/wp-json\/wp\/v2\/users\/1"}],"replies":[{"embeddable":true,"href":"https:\/\/newsinfoco.com.br\/inicio\/wp-json\/wp\/v2\/comments?post=19410"}],"version-history":[{"count":0,"href":"https:\/\/newsinfoco.com.br\/inicio\/wp-json\/wp\/v2\/posts\/19410\/revisions"}],"wp:featuredmedia":[{"embeddable":true,"href":"https:\/\/newsinfoco.com.br\/inicio\/wp-json\/wp\/v2\/media\/19411"}],"wp:attachment":[{"href":"https:\/\/newsinfoco.com.br\/inicio\/wp-json\/wp\/v2\/media?parent=19410"}],"wp:term":[{"taxonomy":"category","embeddable":true,"href":"https:\/\/newsinfoco.com.br\/inicio\/wp-json\/wp\/v2\/categories?post=19410"},{"taxonomy":"post_tag","embeddable":true,"href":"https:\/\/newsinfoco.com.br\/inicio\/wp-json\/wp\/v2\/tags?post=19410"}],"curies":[{"name":"wp","href":"https:\/\/api.w.org\/{rel}","templated":true}]}}