{"id":19417,"date":"2019-12-15T15:17:50","date_gmt":"2019-12-15T18:17:50","guid":{"rendered":"http:\/\/newsinfoco.com.br\/?p=19417"},"modified":"2019-12-15T15:34:27","modified_gmt":"2019-12-15T18:34:27","slug":"matricula-em-escolas-municipais-de-alagoinhas-comeca-em-janeiro-e-exigira-cpf-de-alunos","status":"publish","type":"post","link":"https:\/\/newsinfoco.com.br\/inicio\/matricula-em-escolas-municipais-de-alagoinhas-comeca-em-janeiro-e-exigira-cpf-de-alunos\/","title":{"rendered":"Matr\u00edcula em escolas municipais de Alagoinhas come\u00e7a em Janeiro e exigir\u00e1 CPF de alunos"},"content":{"rendered":"<p style=\"text-align: justify;\">A matr\u00edcula escolar na rede municipal de ensino de Alagoinhas exigir\u00e1, em 2020, de todos os alunos o n\u00famero do CPF, al\u00e9m da documenta\u00e7\u00e3o j\u00e1 exigida que \u00e9 Carteira de identidade ou Certid\u00e3o de Nascimento, Comprovante de Resid\u00eancia, Hist\u00f3rico Escolar, para aqueles que est\u00e3o adentrando o sistema ou est\u00e3o realizando mudan\u00e7a de estabelecimento de ensino, e fotos. Os primeiros a serem atendidos ser\u00e3o as crian\u00e7as e adolescentes com defici\u00eancia entre os dias 7 e 8 de janeiro. O per\u00edodo de 9 a 17 do mesmo m\u00eas est\u00e1 reservado para os alunos que permanecem em suas unidades escolares. De 20 a 24\/01 ser\u00e3o matriculados aqueles que, por mudan\u00e7a de n\u00edvel, ter\u00e3o que trocar de escola. E por fim, de 27 a 29\/01, se inscrevem os estudantes que est\u00e3o vindo de outros munic\u00edpios ou de outros estado, claro.<\/p>\n<p style=\"text-align: justify;\">O secret\u00e1rio de Educa\u00e7\u00e3o, Jean Afonso, afirmou no programa Primeira M\u00e3o, nesta sexta-feira(13) que a rede de atendimento est\u00e1 preparada para contemplar plenamente o p\u00fablico alvo, hoje em torno de 13 mil estudantes. O CPF ser\u00e1 exigido tamb\u00e9m para os filhos contemplados pelo Bolsa Fam\u00edlia. Informa\u00e7\u00f5es podem ser obtidas no 75 3423 8287\/3423 8334\/3423 8335, com Dora ou N\u00fabia.<\/p>\n<p style=\"text-align: justify;\">Para superar o obst\u00e1culo do grande n\u00famero de alunos sem CPF, a Secretaria de Educa\u00e7\u00e3o est\u00e1 conduzindo, junto com os pais, grupos de 120 alunos por dia ao SAC. A exig\u00eancia do CPF se d\u00e1 pela facilidade de encontrar os dados dos alunos em um sistema que se prepara para ser cada vez mais informatizado. O documento pode ser adquirido tamb\u00e9m nas ag\u00eancias dos Correios.<\/p>\n<p style=\"text-align: justify;\">O secret\u00e1rio tamb\u00e9m comentou os n\u00fameros do Pisa e do Ideb. Ele explicou que a atual gest\u00e3o desenvolveu programas espec\u00edficos para o incremento da leitura\/compreens\u00e3o de texto e matem\u00e1tica. O que n\u00e3o fica claro \u00e9 a raz\u00e3o do ensino em si mesmo n\u00e3o conseguir resultados satisfat\u00f3rios, havendo a necessidade de a\u00e7\u00f5es especiais. \u00c9 preciso detalhar mais isso para a sociedade. O secret\u00e1rio Jean acredita que os resultados vir\u00e3o com o decorrer dos anos, se n\u00e3o vierem, no entanto, pode-se perder tempo. Melhor seria diagnosticar porque o ensino n\u00e3o \u00e9 eficaz e torn\u00e1-lo melhor ao inv\u00e9s de se apostar em recursos pedag\u00f3gicos extras.<\/p>\n<p style=\"text-align: justify;\">Quanto \u00e0s creches, o atraso na entrega das obras ocorreu em fun\u00e7\u00e3o do atraso no repasse de verbas, realizado pelo Governo Federal, mas no in\u00edcio de fevereiro ser\u00e1 entregue a unidade de Baixa da Candeia e ainda no primeiro semestre a de Alagoinhas IV. As do Petrolar, Barreiro e Urupiara, ainda do Governo Dilma Rousseff e da gest\u00e3o de Paulo Cezar, est\u00e3o sendo retomadas sem uma defini\u00e7\u00e3o concreta de prazo de conclus\u00e3o. Sobre isso os vereadores e lideran\u00e7as petistas n\u00e3o se pronunciam, nem t\u00e3o pouco os que querem a volta do ex-prefeito.<\/p>\n<p style=\"text-align: justify;\">A Seduc concluiu 50 reformas de escolas nos \u00faltimos tr\u00eas anos de gest\u00e3o Joaquim Neto e melhorou a rela\u00e7\u00e3o custo benef\u00edcio do transporte escolar, isso ainda quando a secretaria era comandada por Fabr\u00edcio Faro.<\/p>\n<p>Por Paulo Dias com a colabora\u00e7\u00e3o de Caio Pimenta para o News Infoco<\/p>\n<div class='share-to-whatsapp-wrapper'><div class='share-on-whsp'>Share on: <\/div><a data-text='Matr\u00edcula em escolas municipais de Alagoinhas come\u00e7a em Janeiro e exigir\u00e1 CPF de alunos' data-link='https:\/\/newsinfoco.com.br\/inicio\/matricula-em-escolas-municipais-de-alagoinhas-comeca-em-janeiro-e-exigira-cpf-de-alunos\/' class='whatsapp-button whatsapp-share'>WhatsApp<\/a><div class='clear '><\/div><\/div>","protected":false},"excerpt":{"rendered":"<p>A matr\u00edcula escolar na rede municipal de ensino de Alagoinhas exigir\u00e1, em 2020, de todos os alunos o n\u00famero do CPF, al\u00e9m da documenta\u00e7\u00e3o j\u00e1 exigida que \u00e9 Carteira de identidade ou Certid\u00e3o de Nascimento, Comprovante de Resid\u00eancia, Hist\u00f3rico Escolar, para aqueles que est\u00e3o adentrando o sistema ou est\u00e3o realizando mudan\u00e7a de estabelecimento de ensino, [&hellip;]<\/p>\n","protected":false},"author":1,"featured_media":19418,"comment_status":"open","ping_status":"open","sticky":false,"template":"","format":"standard","meta":{"om_disable_all_campaigns":false,"rop_custom_images_group":[],"rop_custom_messages_group":[],"rop_publish_now":"initial","rop_publish_now_accounts":[],"rop_publish_now_history":[],"rop_publish_now_status":"pending","_exactmetrics_skip_tracking":false,"footnotes":""},"categories":[38,30],"tags":[],"class_list":["post-19417","post","type-post","status-publish","format-standard","has-post-thumbnail","hentry","category-alagoinhas-e-regiao","category-destaque"],"aioseo_notices":[],"aioseo_head":"\n\t\t<!-- All in One SEO 4.9.10 - aioseo.com -->\n\t<meta name=\"description\" content=\"A matr\u00edcula escolar na rede municipal de ensino de Alagoinhas exigir\u00e1, em 2020, de todos os alunos o n\u00famero do CPF, al\u00e9m da documenta\u00e7\u00e3o j\u00e1 exigida que \u00e9 Carteira de identidade ou Certid\u00e3o de Nascimento, Comprovante de Resid\u00eancia, Hist\u00f3rico Escolar, para aqueles que est\u00e3o adentrando o sistema ou est\u00e3o realizando mudan\u00e7a de estabelecimento de ensino,\" \/>\n\t<meta name=\"robots\" content=\"max-image-preview:large\" \/>\n\t<meta name=\"author\" content=\"administrador\"\/>\n\t<link rel=\"canonical\" href=\"https:\/\/newsinfoco.com.br\/inicio\/matricula-em-escolas-municipais-de-alagoinhas-comeca-em-janeiro-e-exigira-cpf-de-alunos\/\" \/>\n\t<meta name=\"generator\" content=\"All in One SEO (AIOSEO) 4.9.10\" \/>\n\t\t<meta property=\"og:locale\" content=\"pt_BR\" \/>\n\t\t<meta property=\"og:site_name\" content=\"News In Foco - Editado por Caio Pimenta - O principal site de noticias de Alagoinhas e regi\u00e3o\" \/>\n\t\t<meta property=\"og:type\" content=\"article\" \/>\n\t\t<meta property=\"og:title\" content=\"Matr\u00edcula em escolas municipais de Alagoinhas come\u00e7a em Janeiro e exigir\u00e1 CPF de alunos - News In Foco - Editado por Caio Pimenta\" \/>\n\t\t<meta property=\"og:description\" content=\"A matr\u00edcula escolar na rede municipal de ensino de Alagoinhas exigir\u00e1, em 2020, de todos os alunos o n\u00famero do CPF, al\u00e9m da documenta\u00e7\u00e3o j\u00e1 exigida que \u00e9 Carteira de identidade ou Certid\u00e3o de Nascimento, Comprovante de Resid\u00eancia, Hist\u00f3rico Escolar, para aqueles que est\u00e3o adentrando o sistema ou est\u00e3o realizando mudan\u00e7a de estabelecimento de ensino,\" \/>\n\t\t<meta property=\"og:url\" content=\"https:\/\/newsinfoco.com.br\/inicio\/matricula-em-escolas-municipais-de-alagoinhas-comeca-em-janeiro-e-exigira-cpf-de-alunos\/\" \/>\n\t\t<meta property=\"article:published_time\" content=\"2019-12-15T18:17:50+00:00\" \/>\n\t\t<meta property=\"article:modified_time\" content=\"2019-12-15T18:34:27+00:00\" \/>\n\t\t<meta name=\"twitter:card\" content=\"summary_large_image\" \/>\n\t\t<meta name=\"twitter:title\" content=\"Matr\u00edcula em escolas municipais de Alagoinhas come\u00e7a em Janeiro e exigir\u00e1 CPF de alunos - News In Foco - Editado por Caio Pimenta\" \/>\n\t\t<meta name=\"twitter:description\" content=\"A matr\u00edcula escolar na rede municipal de ensino de Alagoinhas exigir\u00e1, em 2020, de todos os alunos o n\u00famero do CPF, al\u00e9m da documenta\u00e7\u00e3o j\u00e1 exigida que \u00e9 Carteira de identidade ou Certid\u00e3o de Nascimento, Comprovante de Resid\u00eancia, Hist\u00f3rico Escolar, para aqueles que est\u00e3o adentrando o sistema ou est\u00e3o realizando mudan\u00e7a de estabelecimento de ensino,\" \/>\n\t\t<script type=\"application\/ld+json\" class=\"aioseo-schema\">\n\t\t\t{\"@context\":\"https:\\\/\\\/schema.org\",\"@graph\":[{\"@type\":\"BlogPosting\",\"@id\":\"https:\\\/\\\/newsinfoco.com.br\\\/inicio\\\/matricula-em-escolas-municipais-de-alagoinhas-comeca-em-janeiro-e-exigira-cpf-de-alunos\\\/#blogposting\",\"name\":\"Matr\\u00edcula em escolas municipais de Alagoinhas come\\u00e7a em Janeiro e exigir\\u00e1 CPF de alunos - News In Foco - Editado por Caio Pimenta\",\"headline\":\"Matr\\u00edcula em escolas municipais de Alagoinhas come\\u00e7a em Janeiro e exigir\\u00e1 CPF de alunos\",\"author\":{\"@id\":\"https:\\\/\\\/newsinfoco.com.br\\\/inicio\\\/author\\\/administrador\\\/#author\"},\"publisher\":{\"@id\":\"https:\\\/\\\/newsinfoco.com.br\\\/inicio\\\/#organization\"},\"image\":{\"@type\":\"ImageObject\",\"url\":\"https:\\\/\\\/newsinfoco.com.br\\\/inicio\\\/wp-content\\\/uploads\\\/2019\\\/12\\\/CMA-Mini.jpg\",\"width\":640,\"height\":424},\"datePublished\":\"2019-12-15T15:17:50-03:00\",\"dateModified\":\"2019-12-15T15:34:27-03:00\",\"inLanguage\":\"pt-BR\",\"mainEntityOfPage\":{\"@id\":\"https:\\\/\\\/newsinfoco.com.br\\\/inicio\\\/matricula-em-escolas-municipais-de-alagoinhas-comeca-em-janeiro-e-exigira-cpf-de-alunos\\\/#webpage\"},\"isPartOf\":{\"@id\":\"https:\\\/\\\/newsinfoco.com.br\\\/inicio\\\/matricula-em-escolas-municipais-de-alagoinhas-comeca-em-janeiro-e-exigira-cpf-de-alunos\\\/#webpage\"},\"articleSection\":\"Alagoinhas e Regi\\u00e3o, Destaque\"},{\"@type\":\"BreadcrumbList\",\"@id\":\"https:\\\/\\\/newsinfoco.com.br\\\/inicio\\\/matricula-em-escolas-municipais-de-alagoinhas-comeca-em-janeiro-e-exigira-cpf-de-alunos\\\/#breadcrumblist\",\"itemListElement\":[{\"@type\":\"ListItem\",\"@id\":\"https:\\\/\\\/newsinfoco.com.br\\\/inicio#listItem\",\"position\":1,\"name\":\"In\\u00edcio\",\"item\":\"https:\\\/\\\/newsinfoco.com.br\\\/inicio\",\"nextItem\":{\"@type\":\"ListItem\",\"@id\":\"https:\\\/\\\/newsinfoco.com.br\\\/inicio\\\/category\\\/destaque\\\/#listItem\",\"name\":\"Destaque\"}},{\"@type\":\"ListItem\",\"@id\":\"https:\\\/\\\/newsinfoco.com.br\\\/inicio\\\/category\\\/destaque\\\/#listItem\",\"position\":2,\"name\":\"Destaque\",\"item\":\"https:\\\/\\\/newsinfoco.com.br\\\/inicio\\\/category\\\/destaque\\\/\",\"nextItem\":{\"@type\":\"ListItem\",\"@id\":\"https:\\\/\\\/newsinfoco.com.br\\\/inicio\\\/matricula-em-escolas-municipais-de-alagoinhas-comeca-em-janeiro-e-exigira-cpf-de-alunos\\\/#listItem\",\"name\":\"Matr\\u00edcula em escolas municipais de Alagoinhas come\\u00e7a em Janeiro e exigir\\u00e1 CPF de alunos\"},\"previousItem\":{\"@type\":\"ListItem\",\"@id\":\"https:\\\/\\\/newsinfoco.com.br\\\/inicio#listItem\",\"name\":\"In\\u00edcio\"}},{\"@type\":\"ListItem\",\"@id\":\"https:\\\/\\\/newsinfoco.com.br\\\/inicio\\\/matricula-em-escolas-municipais-de-alagoinhas-comeca-em-janeiro-e-exigira-cpf-de-alunos\\\/#listItem\",\"position\":3,\"name\":\"Matr\\u00edcula em escolas municipais de Alagoinhas come\\u00e7a em Janeiro e exigir\\u00e1 CPF de alunos\",\"previousItem\":{\"@type\":\"ListItem\",\"@id\":\"https:\\\/\\\/newsinfoco.com.br\\\/inicio\\\/category\\\/destaque\\\/#listItem\",\"name\":\"Destaque\"}}]},{\"@type\":\"Organization\",\"@id\":\"https:\\\/\\\/newsinfoco.com.br\\\/inicio\\\/#organization\",\"name\":\"News In Foco - Editado por Caio Pimenta\",\"description\":\"O principal site de noticias de Alagoinhas e regi\\u00e3o\",\"url\":\"https:\\\/\\\/newsinfoco.com.br\\\/inicio\\\/\"},{\"@type\":\"Person\",\"@id\":\"https:\\\/\\\/newsinfoco.com.br\\\/inicio\\\/author\\\/administrador\\\/#author\",\"url\":\"https:\\\/\\\/newsinfoco.com.br\\\/inicio\\\/author\\\/administrador\\\/\",\"name\":\"administrador\",\"image\":{\"@type\":\"ImageObject\",\"@id\":\"https:\\\/\\\/newsinfoco.com.br\\\/inicio\\\/matricula-em-escolas-municipais-de-alagoinhas-comeca-em-janeiro-e-exigira-cpf-de-alunos\\\/#authorImage\",\"url\":\"https:\\\/\\\/secure.gravatar.com\\\/avatar\\\/c17a617433de8c1dc9584bb79aab7563b46f5bb7e1728c9b17d9cc3ce6a08e49?s=96&d=mm&r=g\",\"width\":96,\"height\":96,\"caption\":\"administrador\"}},{\"@type\":\"WebPage\",\"@id\":\"https:\\\/\\\/newsinfoco.com.br\\\/inicio\\\/matricula-em-escolas-municipais-de-alagoinhas-comeca-em-janeiro-e-exigira-cpf-de-alunos\\\/#webpage\",\"url\":\"https:\\\/\\\/newsinfoco.com.br\\\/inicio\\\/matricula-em-escolas-municipais-de-alagoinhas-comeca-em-janeiro-e-exigira-cpf-de-alunos\\\/\",\"name\":\"Matr\\u00edcula em escolas municipais de Alagoinhas come\\u00e7a em Janeiro e exigir\\u00e1 CPF de alunos - News In Foco - Editado por Caio Pimenta\",\"description\":\"A matr\\u00edcula escolar na rede municipal de ensino de Alagoinhas exigir\\u00e1, em 2020, de todos os alunos o n\\u00famero do CPF, al\\u00e9m da documenta\\u00e7\\u00e3o j\\u00e1 exigida que \\u00e9 Carteira de identidade ou Certid\\u00e3o de Nascimento, Comprovante de Resid\\u00eancia, Hist\\u00f3rico Escolar, para aqueles que est\\u00e3o adentrando o sistema ou est\\u00e3o realizando mudan\\u00e7a de estabelecimento de ensino,\",\"inLanguage\":\"pt-BR\",\"isPartOf\":{\"@id\":\"https:\\\/\\\/newsinfoco.com.br\\\/inicio\\\/#website\"},\"breadcrumb\":{\"@id\":\"https:\\\/\\\/newsinfoco.com.br\\\/inicio\\\/matricula-em-escolas-municipais-de-alagoinhas-comeca-em-janeiro-e-exigira-cpf-de-alunos\\\/#breadcrumblist\"},\"author\":{\"@id\":\"https:\\\/\\\/newsinfoco.com.br\\\/inicio\\\/author\\\/administrador\\\/#author\"},\"creator\":{\"@id\":\"https:\\\/\\\/newsinfoco.com.br\\\/inicio\\\/author\\\/administrador\\\/#author\"},\"image\":{\"@type\":\"ImageObject\",\"url\":\"https:\\\/\\\/newsinfoco.com.br\\\/inicio\\\/wp-content\\\/uploads\\\/2019\\\/12\\\/CMA-Mini.jpg\",\"@id\":\"https:\\\/\\\/newsinfoco.com.br\\\/inicio\\\/matricula-em-escolas-municipais-de-alagoinhas-comeca-em-janeiro-e-exigira-cpf-de-alunos\\\/#mainImage\",\"width\":640,\"height\":424},\"primaryImageOfPage\":{\"@id\":\"https:\\\/\\\/newsinfoco.com.br\\\/inicio\\\/matricula-em-escolas-municipais-de-alagoinhas-comeca-em-janeiro-e-exigira-cpf-de-alunos\\\/#mainImage\"},\"datePublished\":\"2019-12-15T15:17:50-03:00\",\"dateModified\":\"2019-12-15T15:34:27-03:00\"},{\"@type\":\"WebSite\",\"@id\":\"https:\\\/\\\/newsinfoco.com.br\\\/inicio\\\/#website\",\"url\":\"https:\\\/\\\/newsinfoco.com.br\\\/inicio\\\/\",\"name\":\"News In Foco - Editado por Caio Pimenta\",\"description\":\"O principal site de noticias de Alagoinhas e regi\\u00e3o\",\"inLanguage\":\"pt-BR\",\"publisher\":{\"@id\":\"https:\\\/\\\/newsinfoco.com.br\\\/inicio\\\/#organization\"}}]}\n\t\t<\/script>\n\t\t<!-- All in One SEO -->\n\n","aioseo_head_json":{"title":"Matr\u00edcula em escolas municipais de Alagoinhas come\u00e7a em Janeiro e exigir\u00e1 CPF de alunos - News In Foco - Editado por Caio Pimenta","description":"A matr\u00edcula escolar na rede municipal de ensino de Alagoinhas exigir\u00e1, em 2020, de todos os alunos o n\u00famero do CPF, al\u00e9m da documenta\u00e7\u00e3o j\u00e1 exigida que \u00e9 Carteira de identidade ou Certid\u00e3o de Nascimento, Comprovante de Resid\u00eancia, Hist\u00f3rico Escolar, para aqueles que est\u00e3o adentrando o sistema ou est\u00e3o realizando mudan\u00e7a de estabelecimento de ensino,","canonical_url":"https:\/\/newsinfoco.com.br\/inicio\/matricula-em-escolas-municipais-de-alagoinhas-comeca-em-janeiro-e-exigira-cpf-de-alunos\/","robots":"max-image-preview:large","keywords":"","webmasterTools":{"miscellaneous":""},"schema":{"@context":"https:\/\/schema.org","@graph":[{"@type":"BlogPosting","@id":"https:\/\/newsinfoco.com.br\/inicio\/matricula-em-escolas-municipais-de-alagoinhas-comeca-em-janeiro-e-exigira-cpf-de-alunos\/#blogposting","name":"Matr\u00edcula em escolas municipais de Alagoinhas come\u00e7a em Janeiro e exigir\u00e1 CPF de alunos - News In Foco - Editado por Caio Pimenta","headline":"Matr\u00edcula em escolas municipais de Alagoinhas come\u00e7a em Janeiro e exigir\u00e1 CPF de alunos","author":{"@id":"https:\/\/newsinfoco.com.br\/inicio\/author\/administrador\/#author"},"publisher":{"@id":"https:\/\/newsinfoco.com.br\/inicio\/#organization"},"image":{"@type":"ImageObject","url":"https:\/\/newsinfoco.com.br\/inicio\/wp-content\/uploads\/2019\/12\/CMA-Mini.jpg","width":640,"height":424},"datePublished":"2019-12-15T15:17:50-03:00","dateModified":"2019-12-15T15:34:27-03:00","inLanguage":"pt-BR","mainEntityOfPage":{"@id":"https:\/\/newsinfoco.com.br\/inicio\/matricula-em-escolas-municipais-de-alagoinhas-comeca-em-janeiro-e-exigira-cpf-de-alunos\/#webpage"},"isPartOf":{"@id":"https:\/\/newsinfoco.com.br\/inicio\/matricula-em-escolas-municipais-de-alagoinhas-comeca-em-janeiro-e-exigira-cpf-de-alunos\/#webpage"},"articleSection":"Alagoinhas e Regi\u00e3o, Destaque"},{"@type":"BreadcrumbList","@id":"https:\/\/newsinfoco.com.br\/inicio\/matricula-em-escolas-municipais-de-alagoinhas-comeca-em-janeiro-e-exigira-cpf-de-alunos\/#breadcrumblist","itemListElement":[{"@type":"ListItem","@id":"https:\/\/newsinfoco.com.br\/inicio#listItem","position":1,"name":"In\u00edcio","item":"https:\/\/newsinfoco.com.br\/inicio","nextItem":{"@type":"ListItem","@id":"https:\/\/newsinfoco.com.br\/inicio\/category\/destaque\/#listItem","name":"Destaque"}},{"@type":"ListItem","@id":"https:\/\/newsinfoco.com.br\/inicio\/category\/destaque\/#listItem","position":2,"name":"Destaque","item":"https:\/\/newsinfoco.com.br\/inicio\/category\/destaque\/","nextItem":{"@type":"ListItem","@id":"https:\/\/newsinfoco.com.br\/inicio\/matricula-em-escolas-municipais-de-alagoinhas-comeca-em-janeiro-e-exigira-cpf-de-alunos\/#listItem","name":"Matr\u00edcula em escolas municipais de Alagoinhas come\u00e7a em Janeiro e exigir\u00e1 CPF de alunos"},"previousItem":{"@type":"ListItem","@id":"https:\/\/newsinfoco.com.br\/inicio#listItem","name":"In\u00edcio"}},{"@type":"ListItem","@id":"https:\/\/newsinfoco.com.br\/inicio\/matricula-em-escolas-municipais-de-alagoinhas-comeca-em-janeiro-e-exigira-cpf-de-alunos\/#listItem","position":3,"name":"Matr\u00edcula em escolas municipais de Alagoinhas come\u00e7a em Janeiro e exigir\u00e1 CPF de alunos","previousItem":{"@type":"ListItem","@id":"https:\/\/newsinfoco.com.br\/inicio\/category\/destaque\/#listItem","name":"Destaque"}}]},{"@type":"Organization","@id":"https:\/\/newsinfoco.com.br\/inicio\/#organization","name":"News In Foco - Editado por Caio Pimenta","description":"O principal site de noticias de Alagoinhas e regi\u00e3o","url":"https:\/\/newsinfoco.com.br\/inicio\/"},{"@type":"Person","@id":"https:\/\/newsinfoco.com.br\/inicio\/author\/administrador\/#author","url":"https:\/\/newsinfoco.com.br\/inicio\/author\/administrador\/","name":"administrador","image":{"@type":"ImageObject","@id":"https:\/\/newsinfoco.com.br\/inicio\/matricula-em-escolas-municipais-de-alagoinhas-comeca-em-janeiro-e-exigira-cpf-de-alunos\/#authorImage","url":"https:\/\/secure.gravatar.com\/avatar\/c17a617433de8c1dc9584bb79aab7563b46f5bb7e1728c9b17d9cc3ce6a08e49?s=96&d=mm&r=g","width":96,"height":96,"caption":"administrador"}},{"@type":"WebPage","@id":"https:\/\/newsinfoco.com.br\/inicio\/matricula-em-escolas-municipais-de-alagoinhas-comeca-em-janeiro-e-exigira-cpf-de-alunos\/#webpage","url":"https:\/\/newsinfoco.com.br\/inicio\/matricula-em-escolas-municipais-de-alagoinhas-comeca-em-janeiro-e-exigira-cpf-de-alunos\/","name":"Matr\u00edcula em escolas municipais de Alagoinhas come\u00e7a em Janeiro e exigir\u00e1 CPF de alunos - News In Foco - Editado por Caio Pimenta","description":"A matr\u00edcula escolar na rede municipal de ensino de Alagoinhas exigir\u00e1, em 2020, de todos os alunos o n\u00famero do CPF, al\u00e9m da documenta\u00e7\u00e3o j\u00e1 exigida que \u00e9 Carteira de identidade ou Certid\u00e3o de Nascimento, Comprovante de Resid\u00eancia, Hist\u00f3rico Escolar, para aqueles que est\u00e3o adentrando o sistema ou est\u00e3o realizando mudan\u00e7a de estabelecimento de ensino,","inLanguage":"pt-BR","isPartOf":{"@id":"https:\/\/newsinfoco.com.br\/inicio\/#website"},"breadcrumb":{"@id":"https:\/\/newsinfoco.com.br\/inicio\/matricula-em-escolas-municipais-de-alagoinhas-comeca-em-janeiro-e-exigira-cpf-de-alunos\/#breadcrumblist"},"author":{"@id":"https:\/\/newsinfoco.com.br\/inicio\/author\/administrador\/#author"},"creator":{"@id":"https:\/\/newsinfoco.com.br\/inicio\/author\/administrador\/#author"},"image":{"@type":"ImageObject","url":"https:\/\/newsinfoco.com.br\/inicio\/wp-content\/uploads\/2019\/12\/CMA-Mini.jpg","@id":"https:\/\/newsinfoco.com.br\/inicio\/matricula-em-escolas-municipais-de-alagoinhas-comeca-em-janeiro-e-exigira-cpf-de-alunos\/#mainImage","width":640,"height":424},"primaryImageOfPage":{"@id":"https:\/\/newsinfoco.com.br\/inicio\/matricula-em-escolas-municipais-de-alagoinhas-comeca-em-janeiro-e-exigira-cpf-de-alunos\/#mainImage"},"datePublished":"2019-12-15T15:17:50-03:00","dateModified":"2019-12-15T15:34:27-03:00"},{"@type":"WebSite","@id":"https:\/\/newsinfoco.com.br\/inicio\/#website","url":"https:\/\/newsinfoco.com.br\/inicio\/","name":"News In Foco - Editado por Caio Pimenta","description":"O principal site de noticias de Alagoinhas e regi\u00e3o","inLanguage":"pt-BR","publisher":{"@id":"https:\/\/newsinfoco.com.br\/inicio\/#organization"}}]},"og:locale":"pt_BR","og:site_name":"News In Foco - Editado por Caio Pimenta - O principal site de noticias de Alagoinhas e regi\u00e3o","og:type":"article","og:title":"Matr\u00edcula em escolas municipais de Alagoinhas come\u00e7a em Janeiro e exigir\u00e1 CPF de alunos - News In Foco - Editado por Caio Pimenta","og:description":"A matr\u00edcula escolar na rede municipal de ensino de Alagoinhas exigir\u00e1, em 2020, de todos os alunos o n\u00famero do CPF, al\u00e9m da documenta\u00e7\u00e3o j\u00e1 exigida que \u00e9 Carteira de identidade ou Certid\u00e3o de Nascimento, Comprovante de Resid\u00eancia, Hist\u00f3rico Escolar, para aqueles que est\u00e3o adentrando o sistema ou est\u00e3o realizando mudan\u00e7a de estabelecimento de ensino,","og:url":"https:\/\/newsinfoco.com.br\/inicio\/matricula-em-escolas-municipais-de-alagoinhas-comeca-em-janeiro-e-exigira-cpf-de-alunos\/","article:published_time":"2019-12-15T18:17:50+00:00","article:modified_time":"2019-12-15T18:34:27+00:00","twitter:card":"summary_large_image","twitter:title":"Matr\u00edcula em escolas municipais de Alagoinhas come\u00e7a em Janeiro e exigir\u00e1 CPF de alunos - News In Foco - Editado por Caio Pimenta","twitter:description":"A matr\u00edcula escolar na rede municipal de ensino de Alagoinhas exigir\u00e1, em 2020, de todos os alunos o n\u00famero do CPF, al\u00e9m da documenta\u00e7\u00e3o j\u00e1 exigida que \u00e9 Carteira de identidade ou Certid\u00e3o de Nascimento, Comprovante de Resid\u00eancia, Hist\u00f3rico Escolar, para aqueles que est\u00e3o adentrando o sistema ou est\u00e3o realizando mudan\u00e7a de estabelecimento de ensino,"},"aioseo_meta_data":{"post_id":"19417","title":null,"description":null,"keywords":null,"keyphrases":null,"primary_term":null,"canonical_url":null,"og_title":null,"og_description":null,"og_object_type":"default","og_image_type":"default","og_image_url":null,"og_image_width":null,"og_image_height":null,"og_image_custom_url":null,"og_image_custom_fields":null,"og_video":null,"og_custom_url":null,"og_article_section":null,"og_article_tags":null,"twitter_use_og":false,"twitter_card":"default","twitter_image_type":"default","twitter_image_url":null,"twitter_image_custom_url":null,"twitter_image_custom_fields":null,"twitter_title":null,"twitter_description":null,"schema":{"blockGraphs":[],"customGraphs":[],"default":{"data":{"Article":[],"Course":[],"Dataset":[],"FAQPage":[],"Movie":[],"Person":[],"Product":[],"ProductReview":[],"Car":[],"Recipe":[],"Service":[],"SoftwareApplication":[],"WebPage":[]},"graphName":"","isEnabled":true},"graphs":[]},"schema_type":"default","schema_type_options":null,"pillar_content":false,"robots_default":true,"robots_noindex":false,"robots_noarchive":false,"robots_nosnippet":false,"robots_nofollow":false,"robots_noimageindex":false,"robots_noodp":false,"robots_notranslate":false,"robots_max_snippet":null,"robots_max_videopreview":null,"robots_max_imagepreview":"large","priority":null,"frequency":null,"local_seo":null,"breadcrumb_settings":null,"limit_modified_date":false,"ai":null,"created":"2023-06-12 15:40:44","updated":"2025-07-11 02:17:48","seo_analyzer_scan_date":null},"aioseo_breadcrumb":"<div class=\"aioseo-breadcrumbs\"><span class=\"aioseo-breadcrumb\">\n\t\t\t<a href=\"https:\/\/newsinfoco.com.br\/inicio\" title=\"In\u00edcio\">In\u00edcio<\/a>\n\t\t<\/span><span class=\"aioseo-breadcrumb-separator\">&raquo;<\/span><span class=\"aioseo-breadcrumb\">\n\t\t\t<a href=\"https:\/\/newsinfoco.com.br\/inicio\/category\/destaque\/\" title=\"Destaque\">Destaque<\/a>\n\t\t<\/span><span class=\"aioseo-breadcrumb-separator\">&raquo;<\/span><span class=\"aioseo-breadcrumb\">\n\t\t\tMatr\u00edcula em escolas municipais de Alagoinhas come\u00e7a em Janeiro e exigir\u00e1 CPF de alunos\n\t\t<\/span><\/div>","aioseo_breadcrumb_json":[{"label":"In\u00edcio","link":"https:\/\/newsinfoco.com.br\/inicio"},{"label":"Destaque","link":"https:\/\/newsinfoco.com.br\/inicio\/category\/destaque\/"},{"label":"Matr\u00edcula em escolas municipais de Alagoinhas come\u00e7a em Janeiro e exigir\u00e1 CPF de alunos","link":"https:\/\/newsinfoco.com.br\/inicio\/matricula-em-escolas-municipais-de-alagoinhas-comeca-em-janeiro-e-exigira-cpf-de-alunos\/"}],"_links":{"self":[{"href":"https:\/\/newsinfoco.com.br\/inicio\/wp-json\/wp\/v2\/posts\/19417","targetHints":{"allow":["GET"]}}],"collection":[{"href":"https:\/\/newsinfoco.com.br\/inicio\/wp-json\/wp\/v2\/posts"}],"about":[{"href":"https:\/\/newsinfoco.com.br\/inicio\/wp-json\/wp\/v2\/types\/post"}],"author":[{"embeddable":true,"href":"https:\/\/newsinfoco.com.br\/inicio\/wp-json\/wp\/v2\/users\/1"}],"replies":[{"embeddable":true,"href":"https:\/\/newsinfoco.com.br\/inicio\/wp-json\/wp\/v2\/comments?post=19417"}],"version-history":[{"count":0,"href":"https:\/\/newsinfoco.com.br\/inicio\/wp-json\/wp\/v2\/posts\/19417\/revisions"}],"wp:featuredmedia":[{"embeddable":true,"href":"https:\/\/newsinfoco.com.br\/inicio\/wp-json\/wp\/v2\/media\/19418"}],"wp:attachment":[{"href":"https:\/\/newsinfoco.com.br\/inicio\/wp-json\/wp\/v2\/media?parent=19417"}],"wp:term":[{"taxonomy":"category","embeddable":true,"href":"https:\/\/newsinfoco.com.br\/inicio\/wp-json\/wp\/v2\/categories?post=19417"},{"taxonomy":"post_tag","embeddable":true,"href":"https:\/\/newsinfoco.com.br\/inicio\/wp-json\/wp\/v2\/tags?post=19417"}],"curies":[{"name":"wp","href":"https:\/\/api.w.org\/{rel}","templated":true}]}}