{"id":19422,"date":"2019-12-15T20:06:29","date_gmt":"2019-12-15T23:06:29","guid":{"rendered":"http:\/\/newsinfoco.com.br\/?p=19422"},"modified":"2019-12-15T20:06:29","modified_gmt":"2019-12-15T23:06:29","slug":"operacao-castelo-de-areia-o-simbolo-da-cleptocracia-e-o-marco-do-envolvimento-do-judiciario-por-paulo-dias","status":"publish","type":"post","link":"https:\/\/newsinfoco.com.br\/inicio\/operacao-castelo-de-areia-o-simbolo-da-cleptocracia-e-o-marco-do-envolvimento-do-judiciario-por-paulo-dias\/","title":{"rendered":"Opera\u00e7\u00e3o Castelo de Areia, o s\u00edmbolo da cleptocracia e o marco do envolvimento do judici\u00e1rio &#8211; Por Paulo Dias"},"content":{"rendered":"<p style=\"text-align: justify;\">A Opera\u00e7\u00e3o Castelo de Areia volta \u00e0 tona pelas m\u00e3os da Lava Jato e possivelmente revele finalmente a corrup\u00e7\u00e3o do judici\u00e1rio, que todos acreditam que existe, mas que, at\u00e9 o momento, ningu\u00e9m conseguiu as provas &#8211; o sistema \u00e9 blindado demais. Essa opera\u00e7\u00e3o pode colocar Lula como o maior gangster de todos os tempos, deixando Al Capone, El Chapo, Pablo Escobar no chinelo. Agora tenta-se provar \u00e9 que os ministros do STJ anularam essa investiga\u00e7\u00e3o como resultado de venda de senten\u00e7a, alegando falsamente que a investiga\u00e7\u00e3o partiu de den\u00fancia an\u00f4nima. Ainda se determinou a destrui\u00e7\u00e3o de todos os documentos comprobat\u00f3rios do caso, s\u00f3 que um juiz her\u00f3ico derrubou essa decis\u00e3o e a Lava Jato agora tem farto material a seu dispor. Parece que n\u00e3o adiantou muito a ajuda da rapaziada do STJ, a Lava Jato est\u00e1 mais forte do que nunca e Lula mais encalacrado ainda. Esse \u00e9 um esc\u00e2ndalo emblem\u00e1tico que mostra as v\u00edsceras podres do mar de lama que \u00e9 o Brasil. Ent\u00e3o, s\u00f3 nos restar\u00e1 uma op\u00e7\u00e3o, ou o povo defende a Lava Jato mais do que nunca ou pa\u00eds vai sucumbir com tanta ratazana e tanta sanguessuga minando sua vitalidade<\/p>\n<p style=\"text-align: justify;\">A Pol\u00edcia Federal deflagrou a Castelo de Areia em mar\u00e7o de 2009 para apurar suspeitas de superfaturamento e lavagem de dinheiro envolvendo a Camargo Corr\u00eaa, empreiteira respons\u00e1vel por grandes obras estaduais e federais pelo pa\u00eds. O juiz Fausto de Sanctis, da 6\u00aa Vara Criminal Federal de S\u00e3o Paulo, foi o respons\u00e1vel por autorizar a opera\u00e7\u00e3o. Foram presos quatro executivos da construtora e um doleiro, mas dois anos depois o STJ (Superior Tribunal de Justi\u00e7a) anulou a opera\u00e7\u00e3o. Em 2011, os ministros aceitaram as\u00a0 alega\u00e7\u00f5es da defesa da empreiteira, sabidamente falsas, de que escutas telef\u00f4nicas feitas pela Pol\u00edcia Federal eram ilegais por terem sido motivadas por uma den\u00fancia an\u00f4nima. Ap\u00f3s recurso, a corte manteve a anula\u00e7\u00e3o.<\/p>\n<p style=\"text-align: justify;\">Nesse per\u00edodo, a popula\u00e7\u00e3o ainda estava embevecida com o falso milagre econ\u00f4mico do PT e mais uma acusa\u00e7\u00e3o de corrup\u00e7\u00e3o, logo ap\u00f3s o mensal\u00e3o, derrubaria a tese de que \u201cLula n\u00e3o sabia de nada\u201d, isso poderia representar uma cat\u00e1strofe eleitoral, al\u00e9m de interferir(inibir o)\u00a0 no esquema de caixa 2 de campanha, praticamente feito com verbas da corrup\u00e7\u00e3o. Em raz\u00e3o das decis\u00f5es, a investiga\u00e7\u00e3o parou e ningu\u00e9m foi processado ou condenado.<\/p>\n<p style=\"text-align: justify;\">A dupla, posteriormente condenad\u00edssima, PT\/PMDB estava salva, naquele momento at\u00e9 o in\u00edcio desse m\u00eas, quando a Lava Jato encontrou supostas provas, n\u00e3o s\u00f3 da corrup\u00e7\u00e3o, mas da hip\u00f3tese da senten\u00e7a do STJ ter sido comprada. Os ind\u00edcios s\u00e3o fortes e d\u00e3o conta de que se montou uma cleptocracia no pa\u00eds para durar d\u00e9cadas. Em mar\u00e7o de 2014 foi deflagrada a Lava Jato e com ela as suspeitas de que a Camargo Corr\u00eaa integrava o cartel que atuava ilegalmente nas licita\u00e7\u00f5es de obras da Petrobras. O avan\u00e7o das investiga\u00e7\u00f5es remexeu em fatos e ind\u00edcios que j\u00e1 haviam aparecido na Castelo de Areia. E recentemente no escrit\u00f3rio de M\u00e1rcio Tomaz Bastos, advogado e ministro da justi\u00e7a de Lula(a alma mais honesta do pa\u00eds) foram encontrados documentos que sugerem um esquema de propina para o judici\u00e1rio inclusive a suposta negociata em torno da senten\u00e7a que matou a Castelo de Areia- nome que se torna ainda mais apropriado agora.<\/p>\n<p style=\"text-align: justify;\">Planilhas apreendidas pelos agentes na \u00e9poca traziam a indica\u00e7\u00e3o de pagamentos a pol\u00edticos de sete partidos: PPS, PSB, PDT, DEM, PP, PMDB e PSDB. A suspeita da Pol\u00edcia Federal era de que se tratava de propina em troca dos contratos e doa\u00e7\u00e3o ilegal para campanhas eleitorais. As legendas e a empreiteira afirmavam se tratar de doa\u00e7\u00f5es legais. Em raz\u00e3o da anula\u00e7\u00e3o da Castelo de Areia, a Justi\u00e7a Federal de S\u00e3o Paulo determinou, no dia 10 de agosto de 2017, que as provas levantadas na opera\u00e7\u00e3o fossem destru\u00eddas, como documentos, planilhas, mensagens e as grava\u00e7\u00f5es telef\u00f4nicas. Mas o juiz federal Diego Paes Moreira, da 6\u00aa Vara Criminal Federal de S\u00e3o Paulo, suspendeu o descarte, atendendo a pedidos da procuradoria em S\u00e3o Paulo, que acredita que o material poder\u00e1 ser novamente analisado. Tudo est\u00e1 refor\u00e7ado pela dela\u00e7\u00e3o de Palocci.<\/p>\n<p style=\"text-align: justify;\">Lulinha est\u00e1 encrencado. A Lava Jato tamb\u00e9m aprofunda o envolvimento de cervejarias no esquem\u00e3o. E onde existem cervejarias no Estado da Bahia? Alagoinhas pode entrar para a hist\u00f3ria do maior esquema(ou seria sistema) de corrup\u00e7\u00e3o do mundo.<\/p>\n<p style=\"text-align: justify;\"><strong>Paulo Dias \u00e9 jornalista, graduado pela UFBA, especializado em Pedagogia e mestre em Cultura e Literatura pela UNEB. Tem passagens por v\u00e1rios jornais e assessorias de comunica\u00e7\u00e3o em Alagoinhas e Salvador. Atualmente escreve para o site News Infoco<\/strong><\/p>\n<p style=\"text-align: justify;\">\n<div class='share-to-whatsapp-wrapper'><div class='share-on-whsp'>Share on: <\/div><a data-text='Opera\u00e7\u00e3o Castelo de Areia, o s\u00edmbolo da cleptocracia e o marco do envolvimento do judici\u00e1rio - Por Paulo Dias' data-link='https:\/\/newsinfoco.com.br\/inicio\/operacao-castelo-de-areia-o-simbolo-da-cleptocracia-e-o-marco-do-envolvimento-do-judiciario-por-paulo-dias\/' class='whatsapp-button whatsapp-share'>WhatsApp<\/a><div class='clear '><\/div><\/div>","protected":false},"excerpt":{"rendered":"<p>A Opera\u00e7\u00e3o Castelo de Areia volta \u00e0 tona pelas m\u00e3os da Lava Jato e possivelmente revele finalmente a corrup\u00e7\u00e3o do judici\u00e1rio, que todos acreditam que existe, mas que, at\u00e9 o momento, ningu\u00e9m conseguiu as provas &#8211; o sistema \u00e9 blindado demais. Essa opera\u00e7\u00e3o pode colocar Lula como o maior gangster de todos os tempos, deixando [&hellip;]<\/p>\n","protected":false},"author":1,"featured_media":18382,"comment_status":"open","ping_status":"open","sticky":false,"template":"","format":"standard","meta":{"om_disable_all_campaigns":false,"rop_custom_images_group":[],"rop_custom_messages_group":[],"rop_publish_now":"initial","rop_publish_now_accounts":[],"rop_publish_now_history":[],"rop_publish_now_status":"pending","_exactmetrics_skip_tracking":false,"footnotes":""},"categories":[165],"tags":[],"class_list":["post-19422","post","type-post","status-publish","format-standard","has-post-thumbnail","hentry","category-paulo-dias"],"aioseo_notices":[],"aioseo_head":"\n\t\t<!-- All in One SEO 4.9.10 - aioseo.com -->\n\t<meta name=\"description\" content=\"A Opera\u00e7\u00e3o Castelo de Areia volta \u00e0 tona pelas m\u00e3os da Lava Jato e possivelmente revele finalmente a corrup\u00e7\u00e3o do judici\u00e1rio, que todos acreditam que existe, mas que, at\u00e9 o momento, ningu\u00e9m conseguiu as provas - o sistema \u00e9 blindado demais. Essa opera\u00e7\u00e3o pode colocar Lula como o maior gangster de todos os tempos, deixando\" \/>\n\t<meta name=\"robots\" content=\"max-image-preview:large\" \/>\n\t<meta name=\"author\" content=\"administrador\"\/>\n\t<link rel=\"canonical\" href=\"https:\/\/newsinfoco.com.br\/inicio\/operacao-castelo-de-areia-o-simbolo-da-cleptocracia-e-o-marco-do-envolvimento-do-judiciario-por-paulo-dias\/\" \/>\n\t<meta name=\"generator\" content=\"All in One SEO (AIOSEO) 4.9.10\" \/>\n\t\t<meta property=\"og:locale\" content=\"pt_BR\" \/>\n\t\t<meta property=\"og:site_name\" content=\"News In Foco - Editado por Caio Pimenta - O principal site de noticias de Alagoinhas e regi\u00e3o\" \/>\n\t\t<meta property=\"og:type\" content=\"article\" \/>\n\t\t<meta property=\"og:title\" content=\"Opera\u00e7\u00e3o Castelo de Areia, o s\u00edmbolo da cleptocracia e o marco do envolvimento do judici\u00e1rio \u2013 Por Paulo Dias - News In Foco - Editado por Caio Pimenta\" \/>\n\t\t<meta property=\"og:description\" content=\"A Opera\u00e7\u00e3o Castelo de Areia volta \u00e0 tona pelas m\u00e3os da Lava Jato e possivelmente revele finalmente a corrup\u00e7\u00e3o do judici\u00e1rio, que todos acreditam que existe, mas que, at\u00e9 o momento, ningu\u00e9m conseguiu as provas - o sistema \u00e9 blindado demais. Essa opera\u00e7\u00e3o pode colocar Lula como o maior gangster de todos os tempos, deixando\" \/>\n\t\t<meta property=\"og:url\" content=\"https:\/\/newsinfoco.com.br\/inicio\/operacao-castelo-de-areia-o-simbolo-da-cleptocracia-e-o-marco-do-envolvimento-do-judiciario-por-paulo-dias\/\" \/>\n\t\t<meta property=\"article:published_time\" content=\"2019-12-15T23:06:29+00:00\" \/>\n\t\t<meta property=\"article:modified_time\" content=\"2019-12-15T23:06:29+00:00\" \/>\n\t\t<meta name=\"twitter:card\" content=\"summary_large_image\" \/>\n\t\t<meta name=\"twitter:title\" content=\"Opera\u00e7\u00e3o Castelo de Areia, o s\u00edmbolo da cleptocracia e o marco do envolvimento do judici\u00e1rio \u2013 Por Paulo Dias - News In Foco - Editado por Caio Pimenta\" \/>\n\t\t<meta name=\"twitter:description\" content=\"A Opera\u00e7\u00e3o Castelo de Areia volta \u00e0 tona pelas m\u00e3os da Lava Jato e possivelmente revele finalmente a corrup\u00e7\u00e3o do judici\u00e1rio, que todos acreditam que existe, mas que, at\u00e9 o momento, ningu\u00e9m conseguiu as provas - o sistema \u00e9 blindado demais. Essa opera\u00e7\u00e3o pode colocar Lula como o maior gangster de todos os tempos, deixando\" \/>\n\t\t<script type=\"application\/ld+json\" class=\"aioseo-schema\">\n\t\t\t{\"@context\":\"https:\\\/\\\/schema.org\",\"@graph\":[{\"@type\":\"BlogPosting\",\"@id\":\"https:\\\/\\\/newsinfoco.com.br\\\/inicio\\\/operacao-castelo-de-areia-o-simbolo-da-cleptocracia-e-o-marco-do-envolvimento-do-judiciario-por-paulo-dias\\\/#blogposting\",\"name\":\"Opera\\u00e7\\u00e3o Castelo de Areia, o s\\u00edmbolo da cleptocracia e o marco do envolvimento do judici\\u00e1rio \\u2013 Por Paulo Dias - News In Foco - Editado por Caio Pimenta\",\"headline\":\"Opera\\u00e7\\u00e3o Castelo de Areia, o s\\u00edmbolo da cleptocracia e o marco do envolvimento do judici\\u00e1rio &#8211; Por Paulo Dias\",\"author\":{\"@id\":\"https:\\\/\\\/newsinfoco.com.br\\\/inicio\\\/author\\\/administrador\\\/#author\"},\"publisher\":{\"@id\":\"https:\\\/\\\/newsinfoco.com.br\\\/inicio\\\/#organization\"},\"image\":{\"@type\":\"ImageObject\",\"url\":\"https:\\\/\\\/newsinfoco.com.br\\\/inicio\\\/wp-content\\\/uploads\\\/2019\\\/11\\\/foto.jpg\",\"width\":800,\"height\":600,\"caption\":\"Paulo Dias\"},\"datePublished\":\"2019-12-15T20:06:29-03:00\",\"dateModified\":\"2019-12-15T20:06:29-03:00\",\"inLanguage\":\"pt-BR\",\"mainEntityOfPage\":{\"@id\":\"https:\\\/\\\/newsinfoco.com.br\\\/inicio\\\/operacao-castelo-de-areia-o-simbolo-da-cleptocracia-e-o-marco-do-envolvimento-do-judiciario-por-paulo-dias\\\/#webpage\"},\"isPartOf\":{\"@id\":\"https:\\\/\\\/newsinfoco.com.br\\\/inicio\\\/operacao-castelo-de-areia-o-simbolo-da-cleptocracia-e-o-marco-do-envolvimento-do-judiciario-por-paulo-dias\\\/#webpage\"},\"articleSection\":\"Paulo Dias\"},{\"@type\":\"BreadcrumbList\",\"@id\":\"https:\\\/\\\/newsinfoco.com.br\\\/inicio\\\/operacao-castelo-de-areia-o-simbolo-da-cleptocracia-e-o-marco-do-envolvimento-do-judiciario-por-paulo-dias\\\/#breadcrumblist\",\"itemListElement\":[{\"@type\":\"ListItem\",\"@id\":\"https:\\\/\\\/newsinfoco.com.br\\\/inicio#listItem\",\"position\":1,\"name\":\"In\\u00edcio\",\"item\":\"https:\\\/\\\/newsinfoco.com.br\\\/inicio\",\"nextItem\":{\"@type\":\"ListItem\",\"@id\":\"https:\\\/\\\/newsinfoco.com.br\\\/inicio\\\/category\\\/paulo-dias\\\/#listItem\",\"name\":\"Paulo Dias\"}},{\"@type\":\"ListItem\",\"@id\":\"https:\\\/\\\/newsinfoco.com.br\\\/inicio\\\/category\\\/paulo-dias\\\/#listItem\",\"position\":2,\"name\":\"Paulo Dias\",\"item\":\"https:\\\/\\\/newsinfoco.com.br\\\/inicio\\\/category\\\/paulo-dias\\\/\",\"nextItem\":{\"@type\":\"ListItem\",\"@id\":\"https:\\\/\\\/newsinfoco.com.br\\\/inicio\\\/operacao-castelo-de-areia-o-simbolo-da-cleptocracia-e-o-marco-do-envolvimento-do-judiciario-por-paulo-dias\\\/#listItem\",\"name\":\"Opera\\u00e7\\u00e3o Castelo de Areia, o s\\u00edmbolo da cleptocracia e o marco do envolvimento do judici\\u00e1rio &#8211; Por Paulo Dias\"},\"previousItem\":{\"@type\":\"ListItem\",\"@id\":\"https:\\\/\\\/newsinfoco.com.br\\\/inicio#listItem\",\"name\":\"In\\u00edcio\"}},{\"@type\":\"ListItem\",\"@id\":\"https:\\\/\\\/newsinfoco.com.br\\\/inicio\\\/operacao-castelo-de-areia-o-simbolo-da-cleptocracia-e-o-marco-do-envolvimento-do-judiciario-por-paulo-dias\\\/#listItem\",\"position\":3,\"name\":\"Opera\\u00e7\\u00e3o Castelo de Areia, o s\\u00edmbolo da cleptocracia e o marco do envolvimento do judici\\u00e1rio &#8211; Por Paulo Dias\",\"previousItem\":{\"@type\":\"ListItem\",\"@id\":\"https:\\\/\\\/newsinfoco.com.br\\\/inicio\\\/category\\\/paulo-dias\\\/#listItem\",\"name\":\"Paulo Dias\"}}]},{\"@type\":\"Organization\",\"@id\":\"https:\\\/\\\/newsinfoco.com.br\\\/inicio\\\/#organization\",\"name\":\"News In Foco - Editado por Caio Pimenta\",\"description\":\"O principal site de noticias de Alagoinhas e regi\\u00e3o\",\"url\":\"https:\\\/\\\/newsinfoco.com.br\\\/inicio\\\/\"},{\"@type\":\"Person\",\"@id\":\"https:\\\/\\\/newsinfoco.com.br\\\/inicio\\\/author\\\/administrador\\\/#author\",\"url\":\"https:\\\/\\\/newsinfoco.com.br\\\/inicio\\\/author\\\/administrador\\\/\",\"name\":\"administrador\",\"image\":{\"@type\":\"ImageObject\",\"@id\":\"https:\\\/\\\/newsinfoco.com.br\\\/inicio\\\/operacao-castelo-de-areia-o-simbolo-da-cleptocracia-e-o-marco-do-envolvimento-do-judiciario-por-paulo-dias\\\/#authorImage\",\"url\":\"https:\\\/\\\/secure.gravatar.com\\\/avatar\\\/c17a617433de8c1dc9584bb79aab7563b46f5bb7e1728c9b17d9cc3ce6a08e49?s=96&d=mm&r=g\",\"width\":96,\"height\":96,\"caption\":\"administrador\"}},{\"@type\":\"WebPage\",\"@id\":\"https:\\\/\\\/newsinfoco.com.br\\\/inicio\\\/operacao-castelo-de-areia-o-simbolo-da-cleptocracia-e-o-marco-do-envolvimento-do-judiciario-por-paulo-dias\\\/#webpage\",\"url\":\"https:\\\/\\\/newsinfoco.com.br\\\/inicio\\\/operacao-castelo-de-areia-o-simbolo-da-cleptocracia-e-o-marco-do-envolvimento-do-judiciario-por-paulo-dias\\\/\",\"name\":\"Opera\\u00e7\\u00e3o Castelo de Areia, o s\\u00edmbolo da cleptocracia e o marco do envolvimento do judici\\u00e1rio \\u2013 Por Paulo Dias - News In Foco - Editado por Caio Pimenta\",\"description\":\"A Opera\\u00e7\\u00e3o Castelo de Areia volta \\u00e0 tona pelas m\\u00e3os da Lava Jato e possivelmente revele finalmente a corrup\\u00e7\\u00e3o do judici\\u00e1rio, que todos acreditam que existe, mas que, at\\u00e9 o momento, ningu\\u00e9m conseguiu as provas - o sistema \\u00e9 blindado demais. Essa opera\\u00e7\\u00e3o pode colocar Lula como o maior gangster de todos os tempos, deixando\",\"inLanguage\":\"pt-BR\",\"isPartOf\":{\"@id\":\"https:\\\/\\\/newsinfoco.com.br\\\/inicio\\\/#website\"},\"breadcrumb\":{\"@id\":\"https:\\\/\\\/newsinfoco.com.br\\\/inicio\\\/operacao-castelo-de-areia-o-simbolo-da-cleptocracia-e-o-marco-do-envolvimento-do-judiciario-por-paulo-dias\\\/#breadcrumblist\"},\"author\":{\"@id\":\"https:\\\/\\\/newsinfoco.com.br\\\/inicio\\\/author\\\/administrador\\\/#author\"},\"creator\":{\"@id\":\"https:\\\/\\\/newsinfoco.com.br\\\/inicio\\\/author\\\/administrador\\\/#author\"},\"image\":{\"@type\":\"ImageObject\",\"url\":\"https:\\\/\\\/newsinfoco.com.br\\\/inicio\\\/wp-content\\\/uploads\\\/2019\\\/11\\\/foto.jpg\",\"@id\":\"https:\\\/\\\/newsinfoco.com.br\\\/inicio\\\/operacao-castelo-de-areia-o-simbolo-da-cleptocracia-e-o-marco-do-envolvimento-do-judiciario-por-paulo-dias\\\/#mainImage\",\"width\":800,\"height\":600,\"caption\":\"Paulo Dias\"},\"primaryImageOfPage\":{\"@id\":\"https:\\\/\\\/newsinfoco.com.br\\\/inicio\\\/operacao-castelo-de-areia-o-simbolo-da-cleptocracia-e-o-marco-do-envolvimento-do-judiciario-por-paulo-dias\\\/#mainImage\"},\"datePublished\":\"2019-12-15T20:06:29-03:00\",\"dateModified\":\"2019-12-15T20:06:29-03:00\"},{\"@type\":\"WebSite\",\"@id\":\"https:\\\/\\\/newsinfoco.com.br\\\/inicio\\\/#website\",\"url\":\"https:\\\/\\\/newsinfoco.com.br\\\/inicio\\\/\",\"name\":\"News In Foco - Editado por Caio Pimenta\",\"description\":\"O principal site de noticias de Alagoinhas e regi\\u00e3o\",\"inLanguage\":\"pt-BR\",\"publisher\":{\"@id\":\"https:\\\/\\\/newsinfoco.com.br\\\/inicio\\\/#organization\"}}]}\n\t\t<\/script>\n\t\t<!-- All in One SEO -->\n\n","aioseo_head_json":{"title":"Opera\u00e7\u00e3o Castelo de Areia, o s\u00edmbolo da cleptocracia e o marco do envolvimento do judici\u00e1rio \u2013 Por Paulo Dias - News In Foco - Editado por Caio Pimenta","description":"A Opera\u00e7\u00e3o Castelo de Areia volta \u00e0 tona pelas m\u00e3os da Lava Jato e possivelmente revele finalmente a corrup\u00e7\u00e3o do judici\u00e1rio, que todos acreditam que existe, mas que, at\u00e9 o momento, ningu\u00e9m conseguiu as provas - o sistema \u00e9 blindado demais. Essa opera\u00e7\u00e3o pode colocar Lula como o maior gangster de todos os tempos, deixando","canonical_url":"https:\/\/newsinfoco.com.br\/inicio\/operacao-castelo-de-areia-o-simbolo-da-cleptocracia-e-o-marco-do-envolvimento-do-judiciario-por-paulo-dias\/","robots":"max-image-preview:large","keywords":"","webmasterTools":{"miscellaneous":""},"schema":{"@context":"https:\/\/schema.org","@graph":[{"@type":"BlogPosting","@id":"https:\/\/newsinfoco.com.br\/inicio\/operacao-castelo-de-areia-o-simbolo-da-cleptocracia-e-o-marco-do-envolvimento-do-judiciario-por-paulo-dias\/#blogposting","name":"Opera\u00e7\u00e3o Castelo de Areia, o s\u00edmbolo da cleptocracia e o marco do envolvimento do judici\u00e1rio \u2013 Por Paulo Dias - News In Foco - Editado por Caio Pimenta","headline":"Opera\u00e7\u00e3o Castelo de Areia, o s\u00edmbolo da cleptocracia e o marco do envolvimento do judici\u00e1rio &#8211; Por Paulo Dias","author":{"@id":"https:\/\/newsinfoco.com.br\/inicio\/author\/administrador\/#author"},"publisher":{"@id":"https:\/\/newsinfoco.com.br\/inicio\/#organization"},"image":{"@type":"ImageObject","url":"https:\/\/newsinfoco.com.br\/inicio\/wp-content\/uploads\/2019\/11\/foto.jpg","width":800,"height":600,"caption":"Paulo Dias"},"datePublished":"2019-12-15T20:06:29-03:00","dateModified":"2019-12-15T20:06:29-03:00","inLanguage":"pt-BR","mainEntityOfPage":{"@id":"https:\/\/newsinfoco.com.br\/inicio\/operacao-castelo-de-areia-o-simbolo-da-cleptocracia-e-o-marco-do-envolvimento-do-judiciario-por-paulo-dias\/#webpage"},"isPartOf":{"@id":"https:\/\/newsinfoco.com.br\/inicio\/operacao-castelo-de-areia-o-simbolo-da-cleptocracia-e-o-marco-do-envolvimento-do-judiciario-por-paulo-dias\/#webpage"},"articleSection":"Paulo Dias"},{"@type":"BreadcrumbList","@id":"https:\/\/newsinfoco.com.br\/inicio\/operacao-castelo-de-areia-o-simbolo-da-cleptocracia-e-o-marco-do-envolvimento-do-judiciario-por-paulo-dias\/#breadcrumblist","itemListElement":[{"@type":"ListItem","@id":"https:\/\/newsinfoco.com.br\/inicio#listItem","position":1,"name":"In\u00edcio","item":"https:\/\/newsinfoco.com.br\/inicio","nextItem":{"@type":"ListItem","@id":"https:\/\/newsinfoco.com.br\/inicio\/category\/paulo-dias\/#listItem","name":"Paulo Dias"}},{"@type":"ListItem","@id":"https:\/\/newsinfoco.com.br\/inicio\/category\/paulo-dias\/#listItem","position":2,"name":"Paulo Dias","item":"https:\/\/newsinfoco.com.br\/inicio\/category\/paulo-dias\/","nextItem":{"@type":"ListItem","@id":"https:\/\/newsinfoco.com.br\/inicio\/operacao-castelo-de-areia-o-simbolo-da-cleptocracia-e-o-marco-do-envolvimento-do-judiciario-por-paulo-dias\/#listItem","name":"Opera\u00e7\u00e3o Castelo de Areia, o s\u00edmbolo da cleptocracia e o marco do envolvimento do judici\u00e1rio &#8211; Por Paulo Dias"},"previousItem":{"@type":"ListItem","@id":"https:\/\/newsinfoco.com.br\/inicio#listItem","name":"In\u00edcio"}},{"@type":"ListItem","@id":"https:\/\/newsinfoco.com.br\/inicio\/operacao-castelo-de-areia-o-simbolo-da-cleptocracia-e-o-marco-do-envolvimento-do-judiciario-por-paulo-dias\/#listItem","position":3,"name":"Opera\u00e7\u00e3o Castelo de Areia, o s\u00edmbolo da cleptocracia e o marco do envolvimento do judici\u00e1rio &#8211; Por Paulo Dias","previousItem":{"@type":"ListItem","@id":"https:\/\/newsinfoco.com.br\/inicio\/category\/paulo-dias\/#listItem","name":"Paulo Dias"}}]},{"@type":"Organization","@id":"https:\/\/newsinfoco.com.br\/inicio\/#organization","name":"News In Foco - Editado por Caio Pimenta","description":"O principal site de noticias de Alagoinhas e regi\u00e3o","url":"https:\/\/newsinfoco.com.br\/inicio\/"},{"@type":"Person","@id":"https:\/\/newsinfoco.com.br\/inicio\/author\/administrador\/#author","url":"https:\/\/newsinfoco.com.br\/inicio\/author\/administrador\/","name":"administrador","image":{"@type":"ImageObject","@id":"https:\/\/newsinfoco.com.br\/inicio\/operacao-castelo-de-areia-o-simbolo-da-cleptocracia-e-o-marco-do-envolvimento-do-judiciario-por-paulo-dias\/#authorImage","url":"https:\/\/secure.gravatar.com\/avatar\/c17a617433de8c1dc9584bb79aab7563b46f5bb7e1728c9b17d9cc3ce6a08e49?s=96&d=mm&r=g","width":96,"height":96,"caption":"administrador"}},{"@type":"WebPage","@id":"https:\/\/newsinfoco.com.br\/inicio\/operacao-castelo-de-areia-o-simbolo-da-cleptocracia-e-o-marco-do-envolvimento-do-judiciario-por-paulo-dias\/#webpage","url":"https:\/\/newsinfoco.com.br\/inicio\/operacao-castelo-de-areia-o-simbolo-da-cleptocracia-e-o-marco-do-envolvimento-do-judiciario-por-paulo-dias\/","name":"Opera\u00e7\u00e3o Castelo de Areia, o s\u00edmbolo da cleptocracia e o marco do envolvimento do judici\u00e1rio \u2013 Por Paulo Dias - News In Foco - Editado por Caio Pimenta","description":"A Opera\u00e7\u00e3o Castelo de Areia volta \u00e0 tona pelas m\u00e3os da Lava Jato e possivelmente revele finalmente a corrup\u00e7\u00e3o do judici\u00e1rio, que todos acreditam que existe, mas que, at\u00e9 o momento, ningu\u00e9m conseguiu as provas - o sistema \u00e9 blindado demais. Essa opera\u00e7\u00e3o pode colocar Lula como o maior gangster de todos os tempos, deixando","inLanguage":"pt-BR","isPartOf":{"@id":"https:\/\/newsinfoco.com.br\/inicio\/#website"},"breadcrumb":{"@id":"https:\/\/newsinfoco.com.br\/inicio\/operacao-castelo-de-areia-o-simbolo-da-cleptocracia-e-o-marco-do-envolvimento-do-judiciario-por-paulo-dias\/#breadcrumblist"},"author":{"@id":"https:\/\/newsinfoco.com.br\/inicio\/author\/administrador\/#author"},"creator":{"@id":"https:\/\/newsinfoco.com.br\/inicio\/author\/administrador\/#author"},"image":{"@type":"ImageObject","url":"https:\/\/newsinfoco.com.br\/inicio\/wp-content\/uploads\/2019\/11\/foto.jpg","@id":"https:\/\/newsinfoco.com.br\/inicio\/operacao-castelo-de-areia-o-simbolo-da-cleptocracia-e-o-marco-do-envolvimento-do-judiciario-por-paulo-dias\/#mainImage","width":800,"height":600,"caption":"Paulo Dias"},"primaryImageOfPage":{"@id":"https:\/\/newsinfoco.com.br\/inicio\/operacao-castelo-de-areia-o-simbolo-da-cleptocracia-e-o-marco-do-envolvimento-do-judiciario-por-paulo-dias\/#mainImage"},"datePublished":"2019-12-15T20:06:29-03:00","dateModified":"2019-12-15T20:06:29-03:00"},{"@type":"WebSite","@id":"https:\/\/newsinfoco.com.br\/inicio\/#website","url":"https:\/\/newsinfoco.com.br\/inicio\/","name":"News In Foco - Editado por Caio Pimenta","description":"O principal site de noticias de Alagoinhas e regi\u00e3o","inLanguage":"pt-BR","publisher":{"@id":"https:\/\/newsinfoco.com.br\/inicio\/#organization"}}]},"og:locale":"pt_BR","og:site_name":"News In Foco - Editado por Caio Pimenta - O principal site de noticias de Alagoinhas e regi\u00e3o","og:type":"article","og:title":"Opera\u00e7\u00e3o Castelo de Areia, o s\u00edmbolo da cleptocracia e o marco do envolvimento do judici\u00e1rio \u2013 Por Paulo Dias - News In Foco - Editado por Caio Pimenta","og:description":"A Opera\u00e7\u00e3o Castelo de Areia volta \u00e0 tona pelas m\u00e3os da Lava Jato e possivelmente revele finalmente a corrup\u00e7\u00e3o do judici\u00e1rio, que todos acreditam que existe, mas que, at\u00e9 o momento, ningu\u00e9m conseguiu as provas - o sistema \u00e9 blindado demais. Essa opera\u00e7\u00e3o pode colocar Lula como o maior gangster de todos os tempos, deixando","og:url":"https:\/\/newsinfoco.com.br\/inicio\/operacao-castelo-de-areia-o-simbolo-da-cleptocracia-e-o-marco-do-envolvimento-do-judiciario-por-paulo-dias\/","article:published_time":"2019-12-15T23:06:29+00:00","article:modified_time":"2019-12-15T23:06:29+00:00","twitter:card":"summary_large_image","twitter:title":"Opera\u00e7\u00e3o Castelo de Areia, o s\u00edmbolo da cleptocracia e o marco do envolvimento do judici\u00e1rio \u2013 Por Paulo Dias - News In Foco - Editado por Caio Pimenta","twitter:description":"A Opera\u00e7\u00e3o Castelo de Areia volta \u00e0 tona pelas m\u00e3os da Lava Jato e possivelmente revele finalmente a corrup\u00e7\u00e3o do judici\u00e1rio, que todos acreditam que existe, mas que, at\u00e9 o momento, ningu\u00e9m conseguiu as provas - o sistema \u00e9 blindado demais. Essa opera\u00e7\u00e3o pode colocar Lula como o maior gangster de todos os tempos, deixando"},"aioseo_meta_data":{"post_id":"19422","title":null,"description":null,"keywords":null,"keyphrases":null,"primary_term":null,"canonical_url":null,"og_title":null,"og_description":null,"og_object_type":"default","og_image_type":"default","og_image_url":null,"og_image_width":null,"og_image_height":null,"og_image_custom_url":null,"og_image_custom_fields":null,"og_video":null,"og_custom_url":null,"og_article_section":null,"og_article_tags":null,"twitter_use_og":false,"twitter_card":"default","twitter_image_type":"default","twitter_image_url":null,"twitter_image_custom_url":null,"twitter_image_custom_fields":null,"twitter_title":null,"twitter_description":null,"schema":{"blockGraphs":[],"customGraphs":[],"default":{"data":{"Article":[],"Course":[],"Dataset":[],"FAQPage":[],"Movie":[],"Person":[],"Product":[],"ProductReview":[],"Car":[],"Recipe":[],"Service":[],"SoftwareApplication":[],"WebPage":[]},"graphName":"","isEnabled":true},"graphs":[]},"schema_type":"default","schema_type_options":null,"pillar_content":false,"robots_default":true,"robots_noindex":false,"robots_noarchive":false,"robots_nosnippet":false,"robots_nofollow":false,"robots_noimageindex":false,"robots_noodp":false,"robots_notranslate":false,"robots_max_snippet":null,"robots_max_videopreview":null,"robots_max_imagepreview":"large","priority":null,"frequency":null,"local_seo":null,"breadcrumb_settings":null,"limit_modified_date":false,"ai":null,"created":"2023-06-12 15:40:44","updated":"2025-07-11 02:17:48","seo_analyzer_scan_date":null},"aioseo_breadcrumb":"<div class=\"aioseo-breadcrumbs\"><span class=\"aioseo-breadcrumb\">\n\t\t\t<a href=\"https:\/\/newsinfoco.com.br\/inicio\" title=\"In\u00edcio\">In\u00edcio<\/a>\n\t\t<\/span><span class=\"aioseo-breadcrumb-separator\">&raquo;<\/span><span class=\"aioseo-breadcrumb\">\n\t\t\t<a href=\"https:\/\/newsinfoco.com.br\/inicio\/category\/paulo-dias\/\" title=\"Paulo Dias\">Paulo Dias<\/a>\n\t\t<\/span><span class=\"aioseo-breadcrumb-separator\">&raquo;<\/span><span class=\"aioseo-breadcrumb\">\n\t\t\tOpera\u00e7\u00e3o Castelo de Areia, o s\u00edmbolo da cleptocracia e o marco do envolvimento do judici\u00e1rio \u2013 Por Paulo Dias\n\t\t<\/span><\/div>","aioseo_breadcrumb_json":[{"label":"In\u00edcio","link":"https:\/\/newsinfoco.com.br\/inicio"},{"label":"Paulo Dias","link":"https:\/\/newsinfoco.com.br\/inicio\/category\/paulo-dias\/"},{"label":"Opera\u00e7\u00e3o Castelo de Areia, o s\u00edmbolo da cleptocracia e o marco do envolvimento do judici\u00e1rio &#8211; Por Paulo Dias","link":"https:\/\/newsinfoco.com.br\/inicio\/operacao-castelo-de-areia-o-simbolo-da-cleptocracia-e-o-marco-do-envolvimento-do-judiciario-por-paulo-dias\/"}],"_links":{"self":[{"href":"https:\/\/newsinfoco.com.br\/inicio\/wp-json\/wp\/v2\/posts\/19422","targetHints":{"allow":["GET"]}}],"collection":[{"href":"https:\/\/newsinfoco.com.br\/inicio\/wp-json\/wp\/v2\/posts"}],"about":[{"href":"https:\/\/newsinfoco.com.br\/inicio\/wp-json\/wp\/v2\/types\/post"}],"author":[{"embeddable":true,"href":"https:\/\/newsinfoco.com.br\/inicio\/wp-json\/wp\/v2\/users\/1"}],"replies":[{"embeddable":true,"href":"https:\/\/newsinfoco.com.br\/inicio\/wp-json\/wp\/v2\/comments?post=19422"}],"version-history":[{"count":0,"href":"https:\/\/newsinfoco.com.br\/inicio\/wp-json\/wp\/v2\/posts\/19422\/revisions"}],"wp:featuredmedia":[{"embeddable":true,"href":"https:\/\/newsinfoco.com.br\/inicio\/wp-json\/wp\/v2\/media\/18382"}],"wp:attachment":[{"href":"https:\/\/newsinfoco.com.br\/inicio\/wp-json\/wp\/v2\/media?parent=19422"}],"wp:term":[{"taxonomy":"category","embeddable":true,"href":"https:\/\/newsinfoco.com.br\/inicio\/wp-json\/wp\/v2\/categories?post=19422"},{"taxonomy":"post_tag","embeddable":true,"href":"https:\/\/newsinfoco.com.br\/inicio\/wp-json\/wp\/v2\/tags?post=19422"}],"curies":[{"name":"wp","href":"https:\/\/api.w.org\/{rel}","templated":true}]}}