{"id":19428,"date":"2019-12-16T21:30:58","date_gmt":"2019-12-17T00:30:58","guid":{"rendered":"http:\/\/newsinfoco.com.br\/?p=19428"},"modified":"2019-12-16T21:30:58","modified_gmt":"2019-12-17T00:30:58","slug":"novo-veiculo-para-o-transporte-de-pacientes-alagoinhas-conquista-a-7a-ambulancia","status":"publish","type":"post","link":"https:\/\/newsinfoco.com.br\/inicio\/novo-veiculo-para-o-transporte-de-pacientes-alagoinhas-conquista-a-7a-ambulancia\/","title":{"rendered":"Novo ve\u00edculo para o transporte de pacientes: Alagoinhas conquista a 7\u00aa ambul\u00e2ncia"},"content":{"rendered":"<p style=\"text-align: justify;\">O prefeito Joaquim Neto esteve, nesta segunda-feira (16), na Secretaria de Sa\u00fade do Estado da Bahia (Sesab), onde assinou o documento para a conquista de mais uma ambul\u00e2ncia a Alagoinhas. O equipamento significa mais mobilidade para o transporte de pacientes no munic\u00edpio e agilidade no atendimento \u00e0s situa\u00e7\u00f5es de urg\u00eancia e emerg\u00eancia. No total, j\u00e1 s\u00e3o 7 ambul\u00e2ncias entregues, em um per\u00edodo de 3 anos de gest\u00e3o municipal.<\/p>\n<p style=\"text-align: justify;\">\u201c\u00c9 mais um presente de Natal para Alagoinhas. Acabamos de receber uma ambul\u00e2ncia 0km \u2013 a 7\u00aa, em um per\u00edodo de 3 anos. Esse equipamento fortalece a nossa rede de sa\u00fade, beneficia diretamente a nossa popula\u00e7\u00e3o\u201d, afirmou o prefeito Joaquim Neto.<\/p>\n<p style=\"text-align: justify;\">Al\u00e9m da ambul\u00e2ncia, Alagoinhas recebe tamb\u00e9m um refor\u00e7o para atender a pacientes diab\u00e9ticos: o munic\u00edpio contar\u00e1 agora com um kit para o tratamento do p\u00e9 diab\u00e9tico, composto por maca fixa, Doppler e outros aparelhos. \u201cEm Alagoinhas, temos um Centro Integral de Aten\u00e7\u00e3o ao paciente diab\u00e9tico e esse kit representa um avan\u00e7o significativo. As amputa\u00e7\u00f5es decorrentes de complica\u00e7\u00f5es do p\u00e9 diab\u00e9tico s\u00e3o um grave problema de sa\u00fade p\u00fablica, com elevadas taxas de interna\u00e7\u00e3o hospitalar. Ent\u00e3o \u00e9 mais um passo \u00e0 frente, mais uma conquista do munic\u00edpio\u201d, ressaltou a secret\u00e1ria municipal de sa\u00fade, Rosania Rabelo.<\/p>\n<p style=\"text-align: justify;\">O documento foi assinado na manh\u00e3 desta segunda-feira e \u00e9 fruto de uma emenda do deputado estadual Jos\u00e9 de Arimateia, com indica\u00e7\u00e3o do vereador Djalma.<\/p>\n<p style=\"text-align: justify;\">\u00a0 \u00a0 \u00a0 \u00a0 \u00a0 \u00a0 \u00a0 \u00a0 \u00a0 \u00a0 \u00a0 \u00a0 \u00a0 \u00a0 \u00a0 \u00a0 \u00a0 \u00a0 \u00a0 \u00a0 \u00a0 \u00a0 \u00a0SECOM ALAGOINHAS<\/p>\n<div class='share-to-whatsapp-wrapper'><div class='share-on-whsp'>Share on: <\/div><a data-text='Novo ve\u00edculo para o transporte de pacientes: Alagoinhas conquista a 7\u00aa ambul\u00e2ncia' data-link='https:\/\/newsinfoco.com.br\/inicio\/novo-veiculo-para-o-transporte-de-pacientes-alagoinhas-conquista-a-7a-ambulancia\/' class='whatsapp-button whatsapp-share'>WhatsApp<\/a><div class='clear '><\/div><\/div>","protected":false},"excerpt":{"rendered":"<p>O prefeito Joaquim Neto esteve, nesta segunda-feira (16), na Secretaria de Sa\u00fade do Estado da Bahia (Sesab), onde assinou o documento para a conquista de mais uma ambul\u00e2ncia a Alagoinhas. O equipamento significa mais mobilidade para o transporte de pacientes no munic\u00edpio e agilidade no atendimento \u00e0s situa\u00e7\u00f5es de urg\u00eancia e emerg\u00eancia. No total, j\u00e1 [&hellip;]<\/p>\n","protected":false},"author":1,"featured_media":19429,"comment_status":"open","ping_status":"open","sticky":false,"template":"","format":"standard","meta":{"om_disable_all_campaigns":false,"rop_custom_images_group":[],"rop_custom_messages_group":[],"rop_publish_now":"initial","rop_publish_now_accounts":[],"rop_publish_now_history":[],"rop_publish_now_status":"pending","_exactmetrics_skip_tracking":false,"footnotes":""},"categories":[38,30],"tags":[],"class_list":["post-19428","post","type-post","status-publish","format-standard","has-post-thumbnail","hentry","category-alagoinhas-e-regiao","category-destaque"],"aioseo_notices":[],"aioseo_head":"\n\t\t<!-- All in One SEO 4.9.10 - aioseo.com -->\n\t<meta name=\"description\" content=\"O prefeito Joaquim Neto esteve, nesta segunda-feira (16), na Secretaria de Sa\u00fade do Estado da Bahia (Sesab), onde assinou o documento para a conquista de mais uma ambul\u00e2ncia a Alagoinhas. O equipamento significa mais mobilidade para o transporte de pacientes no munic\u00edpio e agilidade no atendimento \u00e0s situa\u00e7\u00f5es de urg\u00eancia e emerg\u00eancia. No total, j\u00e1\" \/>\n\t<meta name=\"robots\" content=\"max-image-preview:large\" \/>\n\t<meta name=\"author\" content=\"administrador\"\/>\n\t<link rel=\"canonical\" href=\"https:\/\/newsinfoco.com.br\/inicio\/novo-veiculo-para-o-transporte-de-pacientes-alagoinhas-conquista-a-7a-ambulancia\/\" \/>\n\t<meta name=\"generator\" content=\"All in One SEO (AIOSEO) 4.9.10\" \/>\n\t\t<meta property=\"og:locale\" content=\"pt_BR\" \/>\n\t\t<meta property=\"og:site_name\" content=\"News In Foco - Editado por Caio Pimenta - O principal site de noticias de Alagoinhas e regi\u00e3o\" \/>\n\t\t<meta property=\"og:type\" content=\"article\" \/>\n\t\t<meta property=\"og:title\" content=\"Novo ve\u00edculo para o transporte de pacientes: Alagoinhas conquista a 7\u00aa ambul\u00e2ncia - News In Foco - Editado por Caio Pimenta\" \/>\n\t\t<meta property=\"og:description\" content=\"O prefeito Joaquim Neto esteve, nesta segunda-feira (16), na Secretaria de Sa\u00fade do Estado da Bahia (Sesab), onde assinou o documento para a conquista de mais uma ambul\u00e2ncia a Alagoinhas. O equipamento significa mais mobilidade para o transporte de pacientes no munic\u00edpio e agilidade no atendimento \u00e0s situa\u00e7\u00f5es de urg\u00eancia e emerg\u00eancia. No total, j\u00e1\" \/>\n\t\t<meta property=\"og:url\" content=\"https:\/\/newsinfoco.com.br\/inicio\/novo-veiculo-para-o-transporte-de-pacientes-alagoinhas-conquista-a-7a-ambulancia\/\" \/>\n\t\t<meta property=\"article:published_time\" content=\"2019-12-17T00:30:58+00:00\" \/>\n\t\t<meta property=\"article:modified_time\" content=\"2019-12-17T00:30:58+00:00\" \/>\n\t\t<meta name=\"twitter:card\" content=\"summary_large_image\" \/>\n\t\t<meta name=\"twitter:title\" content=\"Novo ve\u00edculo para o transporte de pacientes: Alagoinhas conquista a 7\u00aa ambul\u00e2ncia - News In Foco - Editado por Caio Pimenta\" \/>\n\t\t<meta name=\"twitter:description\" content=\"O prefeito Joaquim Neto esteve, nesta segunda-feira (16), na Secretaria de Sa\u00fade do Estado da Bahia (Sesab), onde assinou o documento para a conquista de mais uma ambul\u00e2ncia a Alagoinhas. O equipamento significa mais mobilidade para o transporte de pacientes no munic\u00edpio e agilidade no atendimento \u00e0s situa\u00e7\u00f5es de urg\u00eancia e emerg\u00eancia. No total, j\u00e1\" \/>\n\t\t<script type=\"application\/ld+json\" class=\"aioseo-schema\">\n\t\t\t{\"@context\":\"https:\\\/\\\/schema.org\",\"@graph\":[{\"@type\":\"BlogPosting\",\"@id\":\"https:\\\/\\\/newsinfoco.com.br\\\/inicio\\\/novo-veiculo-para-o-transporte-de-pacientes-alagoinhas-conquista-a-7a-ambulancia\\\/#blogposting\",\"name\":\"Novo ve\\u00edculo para o transporte de pacientes: Alagoinhas conquista a 7\\u00aa ambul\\u00e2ncia - News In Foco - Editado por Caio Pimenta\",\"headline\":\"Novo ve\\u00edculo para o transporte de pacientes: Alagoinhas conquista a 7\\u00aa ambul\\u00e2ncia\",\"author\":{\"@id\":\"https:\\\/\\\/newsinfoco.com.br\\\/inicio\\\/author\\\/administrador\\\/#author\"},\"publisher\":{\"@id\":\"https:\\\/\\\/newsinfoco.com.br\\\/inicio\\\/#organization\"},\"image\":{\"@type\":\"ImageObject\",\"url\":\"https:\\\/\\\/newsinfoco.com.br\\\/inicio\\\/wp-content\\\/uploads\\\/2019\\\/12\\\/assinatura-doc3.jpeg\",\"width\":974,\"height\":649},\"datePublished\":\"2019-12-16T21:30:58-03:00\",\"dateModified\":\"2019-12-16T21:30:58-03:00\",\"inLanguage\":\"pt-BR\",\"mainEntityOfPage\":{\"@id\":\"https:\\\/\\\/newsinfoco.com.br\\\/inicio\\\/novo-veiculo-para-o-transporte-de-pacientes-alagoinhas-conquista-a-7a-ambulancia\\\/#webpage\"},\"isPartOf\":{\"@id\":\"https:\\\/\\\/newsinfoco.com.br\\\/inicio\\\/novo-veiculo-para-o-transporte-de-pacientes-alagoinhas-conquista-a-7a-ambulancia\\\/#webpage\"},\"articleSection\":\"Alagoinhas e Regi\\u00e3o, Destaque\"},{\"@type\":\"BreadcrumbList\",\"@id\":\"https:\\\/\\\/newsinfoco.com.br\\\/inicio\\\/novo-veiculo-para-o-transporte-de-pacientes-alagoinhas-conquista-a-7a-ambulancia\\\/#breadcrumblist\",\"itemListElement\":[{\"@type\":\"ListItem\",\"@id\":\"https:\\\/\\\/newsinfoco.com.br\\\/inicio#listItem\",\"position\":1,\"name\":\"In\\u00edcio\",\"item\":\"https:\\\/\\\/newsinfoco.com.br\\\/inicio\",\"nextItem\":{\"@type\":\"ListItem\",\"@id\":\"https:\\\/\\\/newsinfoco.com.br\\\/inicio\\\/category\\\/destaque\\\/#listItem\",\"name\":\"Destaque\"}},{\"@type\":\"ListItem\",\"@id\":\"https:\\\/\\\/newsinfoco.com.br\\\/inicio\\\/category\\\/destaque\\\/#listItem\",\"position\":2,\"name\":\"Destaque\",\"item\":\"https:\\\/\\\/newsinfoco.com.br\\\/inicio\\\/category\\\/destaque\\\/\",\"nextItem\":{\"@type\":\"ListItem\",\"@id\":\"https:\\\/\\\/newsinfoco.com.br\\\/inicio\\\/novo-veiculo-para-o-transporte-de-pacientes-alagoinhas-conquista-a-7a-ambulancia\\\/#listItem\",\"name\":\"Novo ve\\u00edculo para o transporte de pacientes: Alagoinhas conquista a 7\\u00aa ambul\\u00e2ncia\"},\"previousItem\":{\"@type\":\"ListItem\",\"@id\":\"https:\\\/\\\/newsinfoco.com.br\\\/inicio#listItem\",\"name\":\"In\\u00edcio\"}},{\"@type\":\"ListItem\",\"@id\":\"https:\\\/\\\/newsinfoco.com.br\\\/inicio\\\/novo-veiculo-para-o-transporte-de-pacientes-alagoinhas-conquista-a-7a-ambulancia\\\/#listItem\",\"position\":3,\"name\":\"Novo ve\\u00edculo para o transporte de pacientes: Alagoinhas conquista a 7\\u00aa ambul\\u00e2ncia\",\"previousItem\":{\"@type\":\"ListItem\",\"@id\":\"https:\\\/\\\/newsinfoco.com.br\\\/inicio\\\/category\\\/destaque\\\/#listItem\",\"name\":\"Destaque\"}}]},{\"@type\":\"Organization\",\"@id\":\"https:\\\/\\\/newsinfoco.com.br\\\/inicio\\\/#organization\",\"name\":\"News In Foco - Editado por Caio Pimenta\",\"description\":\"O principal site de noticias de Alagoinhas e regi\\u00e3o\",\"url\":\"https:\\\/\\\/newsinfoco.com.br\\\/inicio\\\/\"},{\"@type\":\"Person\",\"@id\":\"https:\\\/\\\/newsinfoco.com.br\\\/inicio\\\/author\\\/administrador\\\/#author\",\"url\":\"https:\\\/\\\/newsinfoco.com.br\\\/inicio\\\/author\\\/administrador\\\/\",\"name\":\"administrador\",\"image\":{\"@type\":\"ImageObject\",\"@id\":\"https:\\\/\\\/newsinfoco.com.br\\\/inicio\\\/novo-veiculo-para-o-transporte-de-pacientes-alagoinhas-conquista-a-7a-ambulancia\\\/#authorImage\",\"url\":\"https:\\\/\\\/secure.gravatar.com\\\/avatar\\\/c17a617433de8c1dc9584bb79aab7563b46f5bb7e1728c9b17d9cc3ce6a08e49?s=96&d=mm&r=g\",\"width\":96,\"height\":96,\"caption\":\"administrador\"}},{\"@type\":\"WebPage\",\"@id\":\"https:\\\/\\\/newsinfoco.com.br\\\/inicio\\\/novo-veiculo-para-o-transporte-de-pacientes-alagoinhas-conquista-a-7a-ambulancia\\\/#webpage\",\"url\":\"https:\\\/\\\/newsinfoco.com.br\\\/inicio\\\/novo-veiculo-para-o-transporte-de-pacientes-alagoinhas-conquista-a-7a-ambulancia\\\/\",\"name\":\"Novo ve\\u00edculo para o transporte de pacientes: Alagoinhas conquista a 7\\u00aa ambul\\u00e2ncia - News In Foco - Editado por Caio Pimenta\",\"description\":\"O prefeito Joaquim Neto esteve, nesta segunda-feira (16), na Secretaria de Sa\\u00fade do Estado da Bahia (Sesab), onde assinou o documento para a conquista de mais uma ambul\\u00e2ncia a Alagoinhas. O equipamento significa mais mobilidade para o transporte de pacientes no munic\\u00edpio e agilidade no atendimento \\u00e0s situa\\u00e7\\u00f5es de urg\\u00eancia e emerg\\u00eancia. No total, j\\u00e1\",\"inLanguage\":\"pt-BR\",\"isPartOf\":{\"@id\":\"https:\\\/\\\/newsinfoco.com.br\\\/inicio\\\/#website\"},\"breadcrumb\":{\"@id\":\"https:\\\/\\\/newsinfoco.com.br\\\/inicio\\\/novo-veiculo-para-o-transporte-de-pacientes-alagoinhas-conquista-a-7a-ambulancia\\\/#breadcrumblist\"},\"author\":{\"@id\":\"https:\\\/\\\/newsinfoco.com.br\\\/inicio\\\/author\\\/administrador\\\/#author\"},\"creator\":{\"@id\":\"https:\\\/\\\/newsinfoco.com.br\\\/inicio\\\/author\\\/administrador\\\/#author\"},\"image\":{\"@type\":\"ImageObject\",\"url\":\"https:\\\/\\\/newsinfoco.com.br\\\/inicio\\\/wp-content\\\/uploads\\\/2019\\\/12\\\/assinatura-doc3.jpeg\",\"@id\":\"https:\\\/\\\/newsinfoco.com.br\\\/inicio\\\/novo-veiculo-para-o-transporte-de-pacientes-alagoinhas-conquista-a-7a-ambulancia\\\/#mainImage\",\"width\":974,\"height\":649},\"primaryImageOfPage\":{\"@id\":\"https:\\\/\\\/newsinfoco.com.br\\\/inicio\\\/novo-veiculo-para-o-transporte-de-pacientes-alagoinhas-conquista-a-7a-ambulancia\\\/#mainImage\"},\"datePublished\":\"2019-12-16T21:30:58-03:00\",\"dateModified\":\"2019-12-16T21:30:58-03:00\"},{\"@type\":\"WebSite\",\"@id\":\"https:\\\/\\\/newsinfoco.com.br\\\/inicio\\\/#website\",\"url\":\"https:\\\/\\\/newsinfoco.com.br\\\/inicio\\\/\",\"name\":\"News In Foco - Editado por Caio Pimenta\",\"description\":\"O principal site de noticias de Alagoinhas e regi\\u00e3o\",\"inLanguage\":\"pt-BR\",\"publisher\":{\"@id\":\"https:\\\/\\\/newsinfoco.com.br\\\/inicio\\\/#organization\"}}]}\n\t\t<\/script>\n\t\t<!-- All in One SEO -->\n\n","aioseo_head_json":{"title":"Novo ve\u00edculo para o transporte de pacientes: Alagoinhas conquista a 7\u00aa ambul\u00e2ncia - News In Foco - Editado por Caio Pimenta","description":"O prefeito Joaquim Neto esteve, nesta segunda-feira (16), na Secretaria de Sa\u00fade do Estado da Bahia (Sesab), onde assinou o documento para a conquista de mais uma ambul\u00e2ncia a Alagoinhas. O equipamento significa mais mobilidade para o transporte de pacientes no munic\u00edpio e agilidade no atendimento \u00e0s situa\u00e7\u00f5es de urg\u00eancia e emerg\u00eancia. No total, j\u00e1","canonical_url":"https:\/\/newsinfoco.com.br\/inicio\/novo-veiculo-para-o-transporte-de-pacientes-alagoinhas-conquista-a-7a-ambulancia\/","robots":"max-image-preview:large","keywords":"","webmasterTools":{"miscellaneous":""},"schema":{"@context":"https:\/\/schema.org","@graph":[{"@type":"BlogPosting","@id":"https:\/\/newsinfoco.com.br\/inicio\/novo-veiculo-para-o-transporte-de-pacientes-alagoinhas-conquista-a-7a-ambulancia\/#blogposting","name":"Novo ve\u00edculo para o transporte de pacientes: Alagoinhas conquista a 7\u00aa ambul\u00e2ncia - News In Foco - Editado por Caio Pimenta","headline":"Novo ve\u00edculo para o transporte de pacientes: Alagoinhas conquista a 7\u00aa ambul\u00e2ncia","author":{"@id":"https:\/\/newsinfoco.com.br\/inicio\/author\/administrador\/#author"},"publisher":{"@id":"https:\/\/newsinfoco.com.br\/inicio\/#organization"},"image":{"@type":"ImageObject","url":"https:\/\/newsinfoco.com.br\/inicio\/wp-content\/uploads\/2019\/12\/assinatura-doc3.jpeg","width":974,"height":649},"datePublished":"2019-12-16T21:30:58-03:00","dateModified":"2019-12-16T21:30:58-03:00","inLanguage":"pt-BR","mainEntityOfPage":{"@id":"https:\/\/newsinfoco.com.br\/inicio\/novo-veiculo-para-o-transporte-de-pacientes-alagoinhas-conquista-a-7a-ambulancia\/#webpage"},"isPartOf":{"@id":"https:\/\/newsinfoco.com.br\/inicio\/novo-veiculo-para-o-transporte-de-pacientes-alagoinhas-conquista-a-7a-ambulancia\/#webpage"},"articleSection":"Alagoinhas e Regi\u00e3o, Destaque"},{"@type":"BreadcrumbList","@id":"https:\/\/newsinfoco.com.br\/inicio\/novo-veiculo-para-o-transporte-de-pacientes-alagoinhas-conquista-a-7a-ambulancia\/#breadcrumblist","itemListElement":[{"@type":"ListItem","@id":"https:\/\/newsinfoco.com.br\/inicio#listItem","position":1,"name":"In\u00edcio","item":"https:\/\/newsinfoco.com.br\/inicio","nextItem":{"@type":"ListItem","@id":"https:\/\/newsinfoco.com.br\/inicio\/category\/destaque\/#listItem","name":"Destaque"}},{"@type":"ListItem","@id":"https:\/\/newsinfoco.com.br\/inicio\/category\/destaque\/#listItem","position":2,"name":"Destaque","item":"https:\/\/newsinfoco.com.br\/inicio\/category\/destaque\/","nextItem":{"@type":"ListItem","@id":"https:\/\/newsinfoco.com.br\/inicio\/novo-veiculo-para-o-transporte-de-pacientes-alagoinhas-conquista-a-7a-ambulancia\/#listItem","name":"Novo ve\u00edculo para o transporte de pacientes: Alagoinhas conquista a 7\u00aa ambul\u00e2ncia"},"previousItem":{"@type":"ListItem","@id":"https:\/\/newsinfoco.com.br\/inicio#listItem","name":"In\u00edcio"}},{"@type":"ListItem","@id":"https:\/\/newsinfoco.com.br\/inicio\/novo-veiculo-para-o-transporte-de-pacientes-alagoinhas-conquista-a-7a-ambulancia\/#listItem","position":3,"name":"Novo ve\u00edculo para o transporte de pacientes: Alagoinhas conquista a 7\u00aa ambul\u00e2ncia","previousItem":{"@type":"ListItem","@id":"https:\/\/newsinfoco.com.br\/inicio\/category\/destaque\/#listItem","name":"Destaque"}}]},{"@type":"Organization","@id":"https:\/\/newsinfoco.com.br\/inicio\/#organization","name":"News In Foco - Editado por Caio Pimenta","description":"O principal site de noticias de Alagoinhas e regi\u00e3o","url":"https:\/\/newsinfoco.com.br\/inicio\/"},{"@type":"Person","@id":"https:\/\/newsinfoco.com.br\/inicio\/author\/administrador\/#author","url":"https:\/\/newsinfoco.com.br\/inicio\/author\/administrador\/","name":"administrador","image":{"@type":"ImageObject","@id":"https:\/\/newsinfoco.com.br\/inicio\/novo-veiculo-para-o-transporte-de-pacientes-alagoinhas-conquista-a-7a-ambulancia\/#authorImage","url":"https:\/\/secure.gravatar.com\/avatar\/c17a617433de8c1dc9584bb79aab7563b46f5bb7e1728c9b17d9cc3ce6a08e49?s=96&d=mm&r=g","width":96,"height":96,"caption":"administrador"}},{"@type":"WebPage","@id":"https:\/\/newsinfoco.com.br\/inicio\/novo-veiculo-para-o-transporte-de-pacientes-alagoinhas-conquista-a-7a-ambulancia\/#webpage","url":"https:\/\/newsinfoco.com.br\/inicio\/novo-veiculo-para-o-transporte-de-pacientes-alagoinhas-conquista-a-7a-ambulancia\/","name":"Novo ve\u00edculo para o transporte de pacientes: Alagoinhas conquista a 7\u00aa ambul\u00e2ncia - News In Foco - Editado por Caio Pimenta","description":"O prefeito Joaquim Neto esteve, nesta segunda-feira (16), na Secretaria de Sa\u00fade do Estado da Bahia (Sesab), onde assinou o documento para a conquista de mais uma ambul\u00e2ncia a Alagoinhas. O equipamento significa mais mobilidade para o transporte de pacientes no munic\u00edpio e agilidade no atendimento \u00e0s situa\u00e7\u00f5es de urg\u00eancia e emerg\u00eancia. No total, j\u00e1","inLanguage":"pt-BR","isPartOf":{"@id":"https:\/\/newsinfoco.com.br\/inicio\/#website"},"breadcrumb":{"@id":"https:\/\/newsinfoco.com.br\/inicio\/novo-veiculo-para-o-transporte-de-pacientes-alagoinhas-conquista-a-7a-ambulancia\/#breadcrumblist"},"author":{"@id":"https:\/\/newsinfoco.com.br\/inicio\/author\/administrador\/#author"},"creator":{"@id":"https:\/\/newsinfoco.com.br\/inicio\/author\/administrador\/#author"},"image":{"@type":"ImageObject","url":"https:\/\/newsinfoco.com.br\/inicio\/wp-content\/uploads\/2019\/12\/assinatura-doc3.jpeg","@id":"https:\/\/newsinfoco.com.br\/inicio\/novo-veiculo-para-o-transporte-de-pacientes-alagoinhas-conquista-a-7a-ambulancia\/#mainImage","width":974,"height":649},"primaryImageOfPage":{"@id":"https:\/\/newsinfoco.com.br\/inicio\/novo-veiculo-para-o-transporte-de-pacientes-alagoinhas-conquista-a-7a-ambulancia\/#mainImage"},"datePublished":"2019-12-16T21:30:58-03:00","dateModified":"2019-12-16T21:30:58-03:00"},{"@type":"WebSite","@id":"https:\/\/newsinfoco.com.br\/inicio\/#website","url":"https:\/\/newsinfoco.com.br\/inicio\/","name":"News In Foco - Editado por Caio Pimenta","description":"O principal site de noticias de Alagoinhas e regi\u00e3o","inLanguage":"pt-BR","publisher":{"@id":"https:\/\/newsinfoco.com.br\/inicio\/#organization"}}]},"og:locale":"pt_BR","og:site_name":"News In Foco - Editado por Caio Pimenta - O principal site de noticias de Alagoinhas e regi\u00e3o","og:type":"article","og:title":"Novo ve\u00edculo para o transporte de pacientes: Alagoinhas conquista a 7\u00aa ambul\u00e2ncia - News In Foco - Editado por Caio Pimenta","og:description":"O prefeito Joaquim Neto esteve, nesta segunda-feira (16), na Secretaria de Sa\u00fade do Estado da Bahia (Sesab), onde assinou o documento para a conquista de mais uma ambul\u00e2ncia a Alagoinhas. O equipamento significa mais mobilidade para o transporte de pacientes no munic\u00edpio e agilidade no atendimento \u00e0s situa\u00e7\u00f5es de urg\u00eancia e emerg\u00eancia. No total, j\u00e1","og:url":"https:\/\/newsinfoco.com.br\/inicio\/novo-veiculo-para-o-transporte-de-pacientes-alagoinhas-conquista-a-7a-ambulancia\/","article:published_time":"2019-12-17T00:30:58+00:00","article:modified_time":"2019-12-17T00:30:58+00:00","twitter:card":"summary_large_image","twitter:title":"Novo ve\u00edculo para o transporte de pacientes: Alagoinhas conquista a 7\u00aa ambul\u00e2ncia - News In Foco - Editado por Caio Pimenta","twitter:description":"O prefeito Joaquim Neto esteve, nesta segunda-feira (16), na Secretaria de Sa\u00fade do Estado da Bahia (Sesab), onde assinou o documento para a conquista de mais uma ambul\u00e2ncia a Alagoinhas. O equipamento significa mais mobilidade para o transporte de pacientes no munic\u00edpio e agilidade no atendimento \u00e0s situa\u00e7\u00f5es de urg\u00eancia e emerg\u00eancia. No total, j\u00e1"},"aioseo_meta_data":{"post_id":"19428","title":null,"description":null,"keywords":null,"keyphrases":null,"primary_term":null,"canonical_url":null,"og_title":null,"og_description":null,"og_object_type":"default","og_image_type":"default","og_image_url":null,"og_image_width":null,"og_image_height":null,"og_image_custom_url":null,"og_image_custom_fields":null,"og_video":null,"og_custom_url":null,"og_article_section":null,"og_article_tags":null,"twitter_use_og":false,"twitter_card":"default","twitter_image_type":"default","twitter_image_url":null,"twitter_image_custom_url":null,"twitter_image_custom_fields":null,"twitter_title":null,"twitter_description":null,"schema":{"blockGraphs":[],"customGraphs":[],"default":{"data":{"Article":[],"Course":[],"Dataset":[],"FAQPage":[],"Movie":[],"Person":[],"Product":[],"ProductReview":[],"Car":[],"Recipe":[],"Service":[],"SoftwareApplication":[],"WebPage":[]},"graphName":"","isEnabled":true},"graphs":[]},"schema_type":"default","schema_type_options":null,"pillar_content":false,"robots_default":true,"robots_noindex":false,"robots_noarchive":false,"robots_nosnippet":false,"robots_nofollow":false,"robots_noimageindex":false,"robots_noodp":false,"robots_notranslate":false,"robots_max_snippet":null,"robots_max_videopreview":null,"robots_max_imagepreview":"large","priority":null,"frequency":null,"local_seo":null,"breadcrumb_settings":null,"limit_modified_date":false,"ai":null,"created":"2023-06-12 15:42:24","updated":"2025-07-11 02:18:45","seo_analyzer_scan_date":null},"aioseo_breadcrumb":"<div class=\"aioseo-breadcrumbs\"><span class=\"aioseo-breadcrumb\">\n\t\t\t<a href=\"https:\/\/newsinfoco.com.br\/inicio\" title=\"In\u00edcio\">In\u00edcio<\/a>\n\t\t<\/span><span class=\"aioseo-breadcrumb-separator\">&raquo;<\/span><span class=\"aioseo-breadcrumb\">\n\t\t\t<a href=\"https:\/\/newsinfoco.com.br\/inicio\/category\/destaque\/\" title=\"Destaque\">Destaque<\/a>\n\t\t<\/span><span class=\"aioseo-breadcrumb-separator\">&raquo;<\/span><span class=\"aioseo-breadcrumb\">\n\t\t\tNovo ve\u00edculo para o transporte de pacientes: Alagoinhas conquista a 7\u00aa ambul\u00e2ncia\n\t\t<\/span><\/div>","aioseo_breadcrumb_json":[{"label":"In\u00edcio","link":"https:\/\/newsinfoco.com.br\/inicio"},{"label":"Destaque","link":"https:\/\/newsinfoco.com.br\/inicio\/category\/destaque\/"},{"label":"Novo ve\u00edculo para o transporte de pacientes: Alagoinhas conquista a 7\u00aa ambul\u00e2ncia","link":"https:\/\/newsinfoco.com.br\/inicio\/novo-veiculo-para-o-transporte-de-pacientes-alagoinhas-conquista-a-7a-ambulancia\/"}],"_links":{"self":[{"href":"https:\/\/newsinfoco.com.br\/inicio\/wp-json\/wp\/v2\/posts\/19428","targetHints":{"allow":["GET"]}}],"collection":[{"href":"https:\/\/newsinfoco.com.br\/inicio\/wp-json\/wp\/v2\/posts"}],"about":[{"href":"https:\/\/newsinfoco.com.br\/inicio\/wp-json\/wp\/v2\/types\/post"}],"author":[{"embeddable":true,"href":"https:\/\/newsinfoco.com.br\/inicio\/wp-json\/wp\/v2\/users\/1"}],"replies":[{"embeddable":true,"href":"https:\/\/newsinfoco.com.br\/inicio\/wp-json\/wp\/v2\/comments?post=19428"}],"version-history":[{"count":0,"href":"https:\/\/newsinfoco.com.br\/inicio\/wp-json\/wp\/v2\/posts\/19428\/revisions"}],"wp:featuredmedia":[{"embeddable":true,"href":"https:\/\/newsinfoco.com.br\/inicio\/wp-json\/wp\/v2\/media\/19429"}],"wp:attachment":[{"href":"https:\/\/newsinfoco.com.br\/inicio\/wp-json\/wp\/v2\/media?parent=19428"}],"wp:term":[{"taxonomy":"category","embeddable":true,"href":"https:\/\/newsinfoco.com.br\/inicio\/wp-json\/wp\/v2\/categories?post=19428"},{"taxonomy":"post_tag","embeddable":true,"href":"https:\/\/newsinfoco.com.br\/inicio\/wp-json\/wp\/v2\/tags?post=19428"}],"curies":[{"name":"wp","href":"https:\/\/api.w.org\/{rel}","templated":true}]}}