{"id":19442,"date":"2019-12-17T11:46:26","date_gmt":"2019-12-17T14:46:26","guid":{"rendered":"http:\/\/newsinfoco.com.br\/?p=19442"},"modified":"2019-12-17T11:46:26","modified_gmt":"2019-12-17T14:46:26","slug":"assistencia-social-foi-eficiente-em-implantar-programas-sociais-em-alagoinhas-mas-falta-maior-fomento-do-governo-federal-e-do-governo-do-estado","status":"publish","type":"post","link":"https:\/\/newsinfoco.com.br\/inicio\/assistencia-social-foi-eficiente-em-implantar-programas-sociais-em-alagoinhas-mas-falta-maior-fomento-do-governo-federal-e-do-governo-do-estado\/","title":{"rendered":"Assist\u00eancia Social foi eficiente em implantar programas sociais em Alagoinhas, mas falta maior fomento do Governo Federal e do Governo do Estado"},"content":{"rendered":"<p style=\"text-align: justify;\">Alfredo Menezes fez um breve balan\u00e7o dos tr\u00eas anos de sua gest\u00e3o na Secretaria Municipal de Assist\u00eancia Social- SEMAS- no programa Primeira M\u00e3o, nesta segunda-feira(16) ressaltando pontos positivos como as 41 mil fam\u00edlias referenciadas no CRAS(Centro de Refer\u00eancia de Assist\u00eancia Social) que produziram 51 mil atendimentos e a log\u00edstica montada que permitiu a realiza\u00e7\u00e3o de 5700 visitas domiciliares. Houve tamb\u00e9m a adapta\u00e7\u00e3o as novas exig\u00eancias do Bolsa Fam\u00edlia, bem como a redu\u00e7\u00e3o dos custos com Restaurante Popular em quase 50%, mantendo a mesma qualidade da alimenta\u00e7\u00e3o oferecida, fornecendo um total de 500 mil refei\u00e7\u00f5es, recebendo um p\u00fablico de 800 pessoas\/ dia. A frota da Semas passou de 12 para 20 carros. O CREAS (Centro de Refer\u00eancia Especializado de Assist\u00eancia Social) auxiliou a 16 mil casos de viola\u00e7\u00f5es, as mais diversas, \u00e0 vulner\u00e1veis como crian\u00e7as, adolescentes, idosos, negros, homossexuais e mulheres.<\/p>\n<p style=\"text-align: justify;\">Alfredo Menezes deixou a boa impress\u00e3o de ter feito bem o dever de casa ou seja, o b\u00e1sico dentro do que \u00e9 oferecido pelo repasse federal, do que pode contemplar o or\u00e7amento municipal, e do que chega do governo do estado, que significa o m\u00ednimo para atender os casos extremos, mas n\u00e3o o suficiente para atacar o problema social em suas causas. O problema social do Brasil \u00e9 a pobreza, super\u00e1-la deveria ser o objetivo da pasta, unindo os tr\u00eas n\u00edveis de governo, mas isso n\u00e3o acontece.<\/p>\n<p style=\"text-align: justify;\">Os n\u00fameros mais importantes, mas que Alfredo Menezes n\u00e3o mostrou, s\u00e3o os relacionados ao pr\u00f3prio Fundo Municipal de Assist\u00eancia Social, quanto cada ente repassou \u2013 Prefeitura, Governo do Estado e Governo Federal. Aqui est\u00e1 o ponto crucial. Este ano de 2019 foi dif\u00edcil para a SEMAS, pois o Governo Federal reteve 10 meses de repasses para o CRAS e o CREAS, Alfredo, no entanto, n\u00e3o deixou claro se os programas funcionaram de forma prec\u00e1ria ou se a prefeitura supriu o rombo e manteve o mesmo n\u00edvel de atendimento. Outro ponto a lamentar s\u00e3o as falhas do governo anterior. Al\u00e9m da alimenta\u00e7\u00e3o no governo Paulo Cezar ter sido o dobro do gasto atual(isso aconteceu em v\u00e1rias \u00e1reas), a SEMAS, naquela gest\u00e3o, recebeu verbas para um centro de acolhimento da popula\u00e7\u00e3o de rua, mas n\u00e3o realizou as obras, com o dinheiro terminando por ser devolvido para a Uni\u00e3o. Segundo dados da pr\u00f3pria SEMAS, 1600 andarilhos foram registrados nesses 3 anos, todos eles poderiam ser beneficiados com esse recurso. \u00c9 de causar revolta.<\/p>\n<p style=\"text-align: justify;\">Outra falha grave, as resid\u00eancias populares, constru\u00eddas ao longo do governo anterior, tiveram uma verba para a\u00e7\u00f5es sociais que nunca foi requerida pela SEMAS, sob a responsabilidade \u00e0 \u00e9poca da primeira dama. As verbas referentes ao conjunto Urupiara foram resgatadas pelo atual governo, cerca R$ 1,2 milh\u00e3o, muito dinheiro que o secret\u00e1rio n\u00e3o deixou muito claro como foi empregado. Espera-se a libera\u00e7\u00e3o da verba do conjunto Linha Verde em torno R$ 500 mil.<\/p>\n<p style=\"text-align: justify;\">A SEMAS contribui com institui\u00e7\u00f5es filantr\u00f3picas como Pestalozzi e Pastoral do Menor, mas n\u00e3o se tem tamb\u00e9m n\u00fameros para dimensionar esse aux\u00edlio e seus efeitos, diante do p\u00fablico a ser atendido e diante das necessidades que se tem em cada entidade. A secretaria tamb\u00e9m tem um custo alto com alugu\u00e9is que precisa ser repensado. A informa\u00e7\u00e3o p\u00fablica ainda \u00e9 muito nebulosa, precisa-se dar mais estrutura a informatiza\u00e7\u00e3o de dados, mais subst\u00e2ncia ao Portal da Transpar\u00eancia e tratar mais profissionalmente a Secretaria de Comunica\u00e7\u00e3o, que tem \u00f3timos profissionais, contudo em n\u00famero insuficiente.<\/p>\n<p style=\"text-align: justify;\">A SEMAS trabalha com v\u00e1rios conselhos: Conselho tutelar, Conselho do Idoso, Conselho Municipal do Direito da Crian\u00e7a e do Adolescente, Conselho Municipal da Assist\u00eancia Social, Conselho do Direito do LGBT,Conselho das Mulheres,Conselho da Pessoa com Defici\u00eancia, Conselho de Inclus\u00e3o Digital. Seria importante ter algumas a\u00e7\u00f5es e n\u00fameros de cada um. O secret\u00e1rio tamb\u00e9m disse que a SEMAS n\u00e3o faz assistencialismo, mas aumentou o n\u00famero de aux\u00edlios, existe o aux\u00edlio documenta\u00e7\u00e3o, cesta b\u00e1sica, funeral, moradia, enxoval e viagem. Essa palavra &#8216;assistencialismo&#8217; talvez ainda fa\u00e7a parte do presente, no Brasil, pois, para especialistas, qualquer medida paliativa ou programa sem porta de sa\u00edda seria ainda assistencialista.<\/p>\n<p><iframe loading=\"lazy\" title=\"Alfredinho Menezes faz balan\u00e7o das a\u00e7\u00f5es da SEMAS no ano 2019\" width=\"696\" height=\"392\" src=\"https:\/\/www.youtube.com\/embed\/WbSQkw1MLnE?feature=oembed\" frameborder=\"0\" allow=\"accelerometer; autoplay; encrypted-media; gyroscope; picture-in-picture\" allowfullscreen><\/iframe><\/p>\n<p style=\"text-align: right;\">Por Paulo Dias para o News Infoco<\/p>\n<p style=\"text-align: justify;\">\n<div class='share-to-whatsapp-wrapper'><div class='share-on-whsp'>Share on: <\/div><a data-text='Assist\u00eancia Social foi eficiente em implantar programas sociais em Alagoinhas, mas falta maior fomento do Governo Federal e do Governo do Estado' data-link='https:\/\/newsinfoco.com.br\/inicio\/assistencia-social-foi-eficiente-em-implantar-programas-sociais-em-alagoinhas-mas-falta-maior-fomento-do-governo-federal-e-do-governo-do-estado\/' class='whatsapp-button whatsapp-share'>WhatsApp<\/a><div class='clear '><\/div><\/div>","protected":false},"excerpt":{"rendered":"<p>Alfredo Menezes fez um breve balan\u00e7o dos tr\u00eas anos de sua gest\u00e3o na Secretaria Municipal de Assist\u00eancia Social- SEMAS- no programa Primeira M\u00e3o, nesta segunda-feira(16) ressaltando pontos positivos como as 41 mil fam\u00edlias referenciadas no CRAS(Centro de Refer\u00eancia de Assist\u00eancia Social) que produziram 51 mil atendimentos e a log\u00edstica montada que permitiu a realiza\u00e7\u00e3o de [&hellip;]<\/p>\n","protected":false},"author":1,"featured_media":19443,"comment_status":"open","ping_status":"open","sticky":false,"template":"","format":"standard","meta":{"om_disable_all_campaigns":false,"rop_custom_images_group":[],"rop_custom_messages_group":[],"rop_publish_now":"initial","rop_publish_now_accounts":[],"rop_publish_now_history":[],"rop_publish_now_status":"pending","_exactmetrics_skip_tracking":false,"footnotes":""},"categories":[38,30],"tags":[],"class_list":["post-19442","post","type-post","status-publish","format-standard","has-post-thumbnail","hentry","category-alagoinhas-e-regiao","category-destaque"],"aioseo_notices":[],"aioseo_head":"\n\t\t<!-- All in One SEO 4.9.10 - aioseo.com -->\n\t<meta name=\"description\" content=\"Alfredo Menezes fez um breve balan\u00e7o dos tr\u00eas anos de sua gest\u00e3o na Secretaria Municipal de Assist\u00eancia Social- SEMAS- no programa Primeira M\u00e3o, nesta segunda-feira(16) ressaltando pontos positivos como as 41 mil fam\u00edlias referenciadas no CRAS(Centro de Refer\u00eancia de Assist\u00eancia Social) que produziram 51 mil atendimentos e a log\u00edstica montada que permitiu a realiza\u00e7\u00e3o de\" \/>\n\t<meta name=\"robots\" content=\"max-image-preview:large\" \/>\n\t<meta name=\"author\" content=\"administrador\"\/>\n\t<link rel=\"canonical\" href=\"https:\/\/newsinfoco.com.br\/inicio\/assistencia-social-foi-eficiente-em-implantar-programas-sociais-em-alagoinhas-mas-falta-maior-fomento-do-governo-federal-e-do-governo-do-estado\/\" \/>\n\t<meta name=\"generator\" content=\"All in One SEO (AIOSEO) 4.9.10\" \/>\n\t\t<meta property=\"og:locale\" content=\"pt_BR\" \/>\n\t\t<meta property=\"og:site_name\" content=\"News In Foco - Editado por Caio Pimenta - O principal site de noticias de Alagoinhas e regi\u00e3o\" \/>\n\t\t<meta property=\"og:type\" content=\"article\" \/>\n\t\t<meta property=\"og:title\" content=\"Assist\u00eancia Social foi eficiente em implantar programas sociais em Alagoinhas, mas falta maior fomento do Governo Federal e do Governo do Estado - News In Foco - Editado por Caio Pimenta\" \/>\n\t\t<meta property=\"og:description\" content=\"Alfredo Menezes fez um breve balan\u00e7o dos tr\u00eas anos de sua gest\u00e3o na Secretaria Municipal de Assist\u00eancia Social- SEMAS- no programa Primeira M\u00e3o, nesta segunda-feira(16) ressaltando pontos positivos como as 41 mil fam\u00edlias referenciadas no CRAS(Centro de Refer\u00eancia de Assist\u00eancia Social) que produziram 51 mil atendimentos e a log\u00edstica montada que permitiu a realiza\u00e7\u00e3o de\" \/>\n\t\t<meta property=\"og:url\" content=\"https:\/\/newsinfoco.com.br\/inicio\/assistencia-social-foi-eficiente-em-implantar-programas-sociais-em-alagoinhas-mas-falta-maior-fomento-do-governo-federal-e-do-governo-do-estado\/\" \/>\n\t\t<meta property=\"article:published_time\" content=\"2019-12-17T14:46:26+00:00\" \/>\n\t\t<meta property=\"article:modified_time\" content=\"2019-12-17T14:46:26+00:00\" \/>\n\t\t<meta name=\"twitter:card\" content=\"summary_large_image\" \/>\n\t\t<meta name=\"twitter:title\" content=\"Assist\u00eancia Social foi eficiente em implantar programas sociais em Alagoinhas, mas falta maior fomento do Governo Federal e do Governo do Estado - News In Foco - Editado por Caio Pimenta\" \/>\n\t\t<meta name=\"twitter:description\" content=\"Alfredo Menezes fez um breve balan\u00e7o dos tr\u00eas anos de sua gest\u00e3o na Secretaria Municipal de Assist\u00eancia Social- SEMAS- no programa Primeira M\u00e3o, nesta segunda-feira(16) ressaltando pontos positivos como as 41 mil fam\u00edlias referenciadas no CRAS(Centro de Refer\u00eancia de Assist\u00eancia Social) que produziram 51 mil atendimentos e a log\u00edstica montada que permitiu a realiza\u00e7\u00e3o de\" \/>\n\t\t<script type=\"application\/ld+json\" class=\"aioseo-schema\">\n\t\t\t{\"@context\":\"https:\\\/\\\/schema.org\",\"@graph\":[{\"@type\":\"BlogPosting\",\"@id\":\"https:\\\/\\\/newsinfoco.com.br\\\/inicio\\\/assistencia-social-foi-eficiente-em-implantar-programas-sociais-em-alagoinhas-mas-falta-maior-fomento-do-governo-federal-e-do-governo-do-estado\\\/#blogposting\",\"name\":\"Assist\\u00eancia Social foi eficiente em implantar programas sociais em Alagoinhas, mas falta maior fomento do Governo Federal e do Governo do Estado - News In Foco - Editado por Caio Pimenta\",\"headline\":\"Assist\\u00eancia Social foi eficiente em implantar programas sociais em Alagoinhas, mas falta maior fomento do Governo Federal e do Governo do Estado\",\"author\":{\"@id\":\"https:\\\/\\\/newsinfoco.com.br\\\/inicio\\\/author\\\/administrador\\\/#author\"},\"publisher\":{\"@id\":\"https:\\\/\\\/newsinfoco.com.br\\\/inicio\\\/#organization\"},\"image\":{\"@type\":\"ImageObject\",\"url\":\"https:\\\/\\\/newsinfoco.com.br\\\/inicio\\\/wp-content\\\/uploads\\\/2019\\\/12\\\/images-1.jpg\",\"width\":612,\"height\":431,\"caption\":\"Alfredo Menezes, secret\\u00e1rio municipal de assistencia social\"},\"datePublished\":\"2019-12-17T11:46:26-03:00\",\"dateModified\":\"2019-12-17T11:46:26-03:00\",\"inLanguage\":\"pt-BR\",\"mainEntityOfPage\":{\"@id\":\"https:\\\/\\\/newsinfoco.com.br\\\/inicio\\\/assistencia-social-foi-eficiente-em-implantar-programas-sociais-em-alagoinhas-mas-falta-maior-fomento-do-governo-federal-e-do-governo-do-estado\\\/#webpage\"},\"isPartOf\":{\"@id\":\"https:\\\/\\\/newsinfoco.com.br\\\/inicio\\\/assistencia-social-foi-eficiente-em-implantar-programas-sociais-em-alagoinhas-mas-falta-maior-fomento-do-governo-federal-e-do-governo-do-estado\\\/#webpage\"},\"articleSection\":\"Alagoinhas e Regi\\u00e3o, Destaque\"},{\"@type\":\"BreadcrumbList\",\"@id\":\"https:\\\/\\\/newsinfoco.com.br\\\/inicio\\\/assistencia-social-foi-eficiente-em-implantar-programas-sociais-em-alagoinhas-mas-falta-maior-fomento-do-governo-federal-e-do-governo-do-estado\\\/#breadcrumblist\",\"itemListElement\":[{\"@type\":\"ListItem\",\"@id\":\"https:\\\/\\\/newsinfoco.com.br\\\/inicio#listItem\",\"position\":1,\"name\":\"In\\u00edcio\",\"item\":\"https:\\\/\\\/newsinfoco.com.br\\\/inicio\",\"nextItem\":{\"@type\":\"ListItem\",\"@id\":\"https:\\\/\\\/newsinfoco.com.br\\\/inicio\\\/category\\\/destaque\\\/#listItem\",\"name\":\"Destaque\"}},{\"@type\":\"ListItem\",\"@id\":\"https:\\\/\\\/newsinfoco.com.br\\\/inicio\\\/category\\\/destaque\\\/#listItem\",\"position\":2,\"name\":\"Destaque\",\"item\":\"https:\\\/\\\/newsinfoco.com.br\\\/inicio\\\/category\\\/destaque\\\/\",\"nextItem\":{\"@type\":\"ListItem\",\"@id\":\"https:\\\/\\\/newsinfoco.com.br\\\/inicio\\\/assistencia-social-foi-eficiente-em-implantar-programas-sociais-em-alagoinhas-mas-falta-maior-fomento-do-governo-federal-e-do-governo-do-estado\\\/#listItem\",\"name\":\"Assist\\u00eancia Social foi eficiente em implantar programas sociais em Alagoinhas, mas falta maior fomento do Governo Federal e do Governo do Estado\"},\"previousItem\":{\"@type\":\"ListItem\",\"@id\":\"https:\\\/\\\/newsinfoco.com.br\\\/inicio#listItem\",\"name\":\"In\\u00edcio\"}},{\"@type\":\"ListItem\",\"@id\":\"https:\\\/\\\/newsinfoco.com.br\\\/inicio\\\/assistencia-social-foi-eficiente-em-implantar-programas-sociais-em-alagoinhas-mas-falta-maior-fomento-do-governo-federal-e-do-governo-do-estado\\\/#listItem\",\"position\":3,\"name\":\"Assist\\u00eancia Social foi eficiente em implantar programas sociais em Alagoinhas, mas falta maior fomento do Governo Federal e do Governo do Estado\",\"previousItem\":{\"@type\":\"ListItem\",\"@id\":\"https:\\\/\\\/newsinfoco.com.br\\\/inicio\\\/category\\\/destaque\\\/#listItem\",\"name\":\"Destaque\"}}]},{\"@type\":\"Organization\",\"@id\":\"https:\\\/\\\/newsinfoco.com.br\\\/inicio\\\/#organization\",\"name\":\"News In Foco - Editado por Caio Pimenta\",\"description\":\"O principal site de noticias de Alagoinhas e regi\\u00e3o\",\"url\":\"https:\\\/\\\/newsinfoco.com.br\\\/inicio\\\/\"},{\"@type\":\"Person\",\"@id\":\"https:\\\/\\\/newsinfoco.com.br\\\/inicio\\\/author\\\/administrador\\\/#author\",\"url\":\"https:\\\/\\\/newsinfoco.com.br\\\/inicio\\\/author\\\/administrador\\\/\",\"name\":\"administrador\",\"image\":{\"@type\":\"ImageObject\",\"@id\":\"https:\\\/\\\/newsinfoco.com.br\\\/inicio\\\/assistencia-social-foi-eficiente-em-implantar-programas-sociais-em-alagoinhas-mas-falta-maior-fomento-do-governo-federal-e-do-governo-do-estado\\\/#authorImage\",\"url\":\"https:\\\/\\\/secure.gravatar.com\\\/avatar\\\/c17a617433de8c1dc9584bb79aab7563b46f5bb7e1728c9b17d9cc3ce6a08e49?s=96&d=mm&r=g\",\"width\":96,\"height\":96,\"caption\":\"administrador\"}},{\"@type\":\"WebPage\",\"@id\":\"https:\\\/\\\/newsinfoco.com.br\\\/inicio\\\/assistencia-social-foi-eficiente-em-implantar-programas-sociais-em-alagoinhas-mas-falta-maior-fomento-do-governo-federal-e-do-governo-do-estado\\\/#webpage\",\"url\":\"https:\\\/\\\/newsinfoco.com.br\\\/inicio\\\/assistencia-social-foi-eficiente-em-implantar-programas-sociais-em-alagoinhas-mas-falta-maior-fomento-do-governo-federal-e-do-governo-do-estado\\\/\",\"name\":\"Assist\\u00eancia Social foi eficiente em implantar programas sociais em Alagoinhas, mas falta maior fomento do Governo Federal e do Governo do Estado - News In Foco - Editado por Caio Pimenta\",\"description\":\"Alfredo Menezes fez um breve balan\\u00e7o dos tr\\u00eas anos de sua gest\\u00e3o na Secretaria Municipal de Assist\\u00eancia Social- SEMAS- no programa Primeira M\\u00e3o, nesta segunda-feira(16) ressaltando pontos positivos como as 41 mil fam\\u00edlias referenciadas no CRAS(Centro de Refer\\u00eancia de Assist\\u00eancia Social) que produziram 51 mil atendimentos e a log\\u00edstica montada que permitiu a realiza\\u00e7\\u00e3o de\",\"inLanguage\":\"pt-BR\",\"isPartOf\":{\"@id\":\"https:\\\/\\\/newsinfoco.com.br\\\/inicio\\\/#website\"},\"breadcrumb\":{\"@id\":\"https:\\\/\\\/newsinfoco.com.br\\\/inicio\\\/assistencia-social-foi-eficiente-em-implantar-programas-sociais-em-alagoinhas-mas-falta-maior-fomento-do-governo-federal-e-do-governo-do-estado\\\/#breadcrumblist\"},\"author\":{\"@id\":\"https:\\\/\\\/newsinfoco.com.br\\\/inicio\\\/author\\\/administrador\\\/#author\"},\"creator\":{\"@id\":\"https:\\\/\\\/newsinfoco.com.br\\\/inicio\\\/author\\\/administrador\\\/#author\"},\"image\":{\"@type\":\"ImageObject\",\"url\":\"https:\\\/\\\/newsinfoco.com.br\\\/inicio\\\/wp-content\\\/uploads\\\/2019\\\/12\\\/images-1.jpg\",\"@id\":\"https:\\\/\\\/newsinfoco.com.br\\\/inicio\\\/assistencia-social-foi-eficiente-em-implantar-programas-sociais-em-alagoinhas-mas-falta-maior-fomento-do-governo-federal-e-do-governo-do-estado\\\/#mainImage\",\"width\":612,\"height\":431,\"caption\":\"Alfredo Menezes, secret\\u00e1rio municipal de assistencia social\"},\"primaryImageOfPage\":{\"@id\":\"https:\\\/\\\/newsinfoco.com.br\\\/inicio\\\/assistencia-social-foi-eficiente-em-implantar-programas-sociais-em-alagoinhas-mas-falta-maior-fomento-do-governo-federal-e-do-governo-do-estado\\\/#mainImage\"},\"datePublished\":\"2019-12-17T11:46:26-03:00\",\"dateModified\":\"2019-12-17T11:46:26-03:00\"},{\"@type\":\"WebSite\",\"@id\":\"https:\\\/\\\/newsinfoco.com.br\\\/inicio\\\/#website\",\"url\":\"https:\\\/\\\/newsinfoco.com.br\\\/inicio\\\/\",\"name\":\"News In Foco - Editado por Caio Pimenta\",\"description\":\"O principal site de noticias de Alagoinhas e regi\\u00e3o\",\"inLanguage\":\"pt-BR\",\"publisher\":{\"@id\":\"https:\\\/\\\/newsinfoco.com.br\\\/inicio\\\/#organization\"}}]}\n\t\t<\/script>\n\t\t<!-- All in One SEO -->\n\n","aioseo_head_json":{"title":"Assist\u00eancia Social foi eficiente em implantar programas sociais em Alagoinhas, mas falta maior fomento do Governo Federal e do Governo do Estado - News In Foco - Editado por Caio Pimenta","description":"Alfredo Menezes fez um breve balan\u00e7o dos tr\u00eas anos de sua gest\u00e3o na Secretaria Municipal de Assist\u00eancia Social- SEMAS- no programa Primeira M\u00e3o, nesta segunda-feira(16) ressaltando pontos positivos como as 41 mil fam\u00edlias referenciadas no CRAS(Centro de Refer\u00eancia de Assist\u00eancia Social) que produziram 51 mil atendimentos e a log\u00edstica montada que permitiu a realiza\u00e7\u00e3o de","canonical_url":"https:\/\/newsinfoco.com.br\/inicio\/assistencia-social-foi-eficiente-em-implantar-programas-sociais-em-alagoinhas-mas-falta-maior-fomento-do-governo-federal-e-do-governo-do-estado\/","robots":"max-image-preview:large","keywords":"","webmasterTools":{"miscellaneous":""},"schema":{"@context":"https:\/\/schema.org","@graph":[{"@type":"BlogPosting","@id":"https:\/\/newsinfoco.com.br\/inicio\/assistencia-social-foi-eficiente-em-implantar-programas-sociais-em-alagoinhas-mas-falta-maior-fomento-do-governo-federal-e-do-governo-do-estado\/#blogposting","name":"Assist\u00eancia Social foi eficiente em implantar programas sociais em Alagoinhas, mas falta maior fomento do Governo Federal e do Governo do Estado - News In Foco - Editado por Caio Pimenta","headline":"Assist\u00eancia Social foi eficiente em implantar programas sociais em Alagoinhas, mas falta maior fomento do Governo Federal e do Governo do Estado","author":{"@id":"https:\/\/newsinfoco.com.br\/inicio\/author\/administrador\/#author"},"publisher":{"@id":"https:\/\/newsinfoco.com.br\/inicio\/#organization"},"image":{"@type":"ImageObject","url":"https:\/\/newsinfoco.com.br\/inicio\/wp-content\/uploads\/2019\/12\/images-1.jpg","width":612,"height":431,"caption":"Alfredo Menezes, secret\u00e1rio municipal de assistencia social"},"datePublished":"2019-12-17T11:46:26-03:00","dateModified":"2019-12-17T11:46:26-03:00","inLanguage":"pt-BR","mainEntityOfPage":{"@id":"https:\/\/newsinfoco.com.br\/inicio\/assistencia-social-foi-eficiente-em-implantar-programas-sociais-em-alagoinhas-mas-falta-maior-fomento-do-governo-federal-e-do-governo-do-estado\/#webpage"},"isPartOf":{"@id":"https:\/\/newsinfoco.com.br\/inicio\/assistencia-social-foi-eficiente-em-implantar-programas-sociais-em-alagoinhas-mas-falta-maior-fomento-do-governo-federal-e-do-governo-do-estado\/#webpage"},"articleSection":"Alagoinhas e Regi\u00e3o, Destaque"},{"@type":"BreadcrumbList","@id":"https:\/\/newsinfoco.com.br\/inicio\/assistencia-social-foi-eficiente-em-implantar-programas-sociais-em-alagoinhas-mas-falta-maior-fomento-do-governo-federal-e-do-governo-do-estado\/#breadcrumblist","itemListElement":[{"@type":"ListItem","@id":"https:\/\/newsinfoco.com.br\/inicio#listItem","position":1,"name":"In\u00edcio","item":"https:\/\/newsinfoco.com.br\/inicio","nextItem":{"@type":"ListItem","@id":"https:\/\/newsinfoco.com.br\/inicio\/category\/destaque\/#listItem","name":"Destaque"}},{"@type":"ListItem","@id":"https:\/\/newsinfoco.com.br\/inicio\/category\/destaque\/#listItem","position":2,"name":"Destaque","item":"https:\/\/newsinfoco.com.br\/inicio\/category\/destaque\/","nextItem":{"@type":"ListItem","@id":"https:\/\/newsinfoco.com.br\/inicio\/assistencia-social-foi-eficiente-em-implantar-programas-sociais-em-alagoinhas-mas-falta-maior-fomento-do-governo-federal-e-do-governo-do-estado\/#listItem","name":"Assist\u00eancia Social foi eficiente em implantar programas sociais em Alagoinhas, mas falta maior fomento do Governo Federal e do Governo do Estado"},"previousItem":{"@type":"ListItem","@id":"https:\/\/newsinfoco.com.br\/inicio#listItem","name":"In\u00edcio"}},{"@type":"ListItem","@id":"https:\/\/newsinfoco.com.br\/inicio\/assistencia-social-foi-eficiente-em-implantar-programas-sociais-em-alagoinhas-mas-falta-maior-fomento-do-governo-federal-e-do-governo-do-estado\/#listItem","position":3,"name":"Assist\u00eancia Social foi eficiente em implantar programas sociais em Alagoinhas, mas falta maior fomento do Governo Federal e do Governo do Estado","previousItem":{"@type":"ListItem","@id":"https:\/\/newsinfoco.com.br\/inicio\/category\/destaque\/#listItem","name":"Destaque"}}]},{"@type":"Organization","@id":"https:\/\/newsinfoco.com.br\/inicio\/#organization","name":"News In Foco - Editado por Caio Pimenta","description":"O principal site de noticias de Alagoinhas e regi\u00e3o","url":"https:\/\/newsinfoco.com.br\/inicio\/"},{"@type":"Person","@id":"https:\/\/newsinfoco.com.br\/inicio\/author\/administrador\/#author","url":"https:\/\/newsinfoco.com.br\/inicio\/author\/administrador\/","name":"administrador","image":{"@type":"ImageObject","@id":"https:\/\/newsinfoco.com.br\/inicio\/assistencia-social-foi-eficiente-em-implantar-programas-sociais-em-alagoinhas-mas-falta-maior-fomento-do-governo-federal-e-do-governo-do-estado\/#authorImage","url":"https:\/\/secure.gravatar.com\/avatar\/c17a617433de8c1dc9584bb79aab7563b46f5bb7e1728c9b17d9cc3ce6a08e49?s=96&d=mm&r=g","width":96,"height":96,"caption":"administrador"}},{"@type":"WebPage","@id":"https:\/\/newsinfoco.com.br\/inicio\/assistencia-social-foi-eficiente-em-implantar-programas-sociais-em-alagoinhas-mas-falta-maior-fomento-do-governo-federal-e-do-governo-do-estado\/#webpage","url":"https:\/\/newsinfoco.com.br\/inicio\/assistencia-social-foi-eficiente-em-implantar-programas-sociais-em-alagoinhas-mas-falta-maior-fomento-do-governo-federal-e-do-governo-do-estado\/","name":"Assist\u00eancia Social foi eficiente em implantar programas sociais em Alagoinhas, mas falta maior fomento do Governo Federal e do Governo do Estado - News In Foco - Editado por Caio Pimenta","description":"Alfredo Menezes fez um breve balan\u00e7o dos tr\u00eas anos de sua gest\u00e3o na Secretaria Municipal de Assist\u00eancia Social- SEMAS- no programa Primeira M\u00e3o, nesta segunda-feira(16) ressaltando pontos positivos como as 41 mil fam\u00edlias referenciadas no CRAS(Centro de Refer\u00eancia de Assist\u00eancia Social) que produziram 51 mil atendimentos e a log\u00edstica montada que permitiu a realiza\u00e7\u00e3o de","inLanguage":"pt-BR","isPartOf":{"@id":"https:\/\/newsinfoco.com.br\/inicio\/#website"},"breadcrumb":{"@id":"https:\/\/newsinfoco.com.br\/inicio\/assistencia-social-foi-eficiente-em-implantar-programas-sociais-em-alagoinhas-mas-falta-maior-fomento-do-governo-federal-e-do-governo-do-estado\/#breadcrumblist"},"author":{"@id":"https:\/\/newsinfoco.com.br\/inicio\/author\/administrador\/#author"},"creator":{"@id":"https:\/\/newsinfoco.com.br\/inicio\/author\/administrador\/#author"},"image":{"@type":"ImageObject","url":"https:\/\/newsinfoco.com.br\/inicio\/wp-content\/uploads\/2019\/12\/images-1.jpg","@id":"https:\/\/newsinfoco.com.br\/inicio\/assistencia-social-foi-eficiente-em-implantar-programas-sociais-em-alagoinhas-mas-falta-maior-fomento-do-governo-federal-e-do-governo-do-estado\/#mainImage","width":612,"height":431,"caption":"Alfredo Menezes, secret\u00e1rio municipal de assistencia social"},"primaryImageOfPage":{"@id":"https:\/\/newsinfoco.com.br\/inicio\/assistencia-social-foi-eficiente-em-implantar-programas-sociais-em-alagoinhas-mas-falta-maior-fomento-do-governo-federal-e-do-governo-do-estado\/#mainImage"},"datePublished":"2019-12-17T11:46:26-03:00","dateModified":"2019-12-17T11:46:26-03:00"},{"@type":"WebSite","@id":"https:\/\/newsinfoco.com.br\/inicio\/#website","url":"https:\/\/newsinfoco.com.br\/inicio\/","name":"News In Foco - Editado por Caio Pimenta","description":"O principal site de noticias de Alagoinhas e regi\u00e3o","inLanguage":"pt-BR","publisher":{"@id":"https:\/\/newsinfoco.com.br\/inicio\/#organization"}}]},"og:locale":"pt_BR","og:site_name":"News In Foco - Editado por Caio Pimenta - O principal site de noticias de Alagoinhas e regi\u00e3o","og:type":"article","og:title":"Assist\u00eancia Social foi eficiente em implantar programas sociais em Alagoinhas, mas falta maior fomento do Governo Federal e do Governo do Estado - News In Foco - Editado por Caio Pimenta","og:description":"Alfredo Menezes fez um breve balan\u00e7o dos tr\u00eas anos de sua gest\u00e3o na Secretaria Municipal de Assist\u00eancia Social- SEMAS- no programa Primeira M\u00e3o, nesta segunda-feira(16) ressaltando pontos positivos como as 41 mil fam\u00edlias referenciadas no CRAS(Centro de Refer\u00eancia de Assist\u00eancia Social) que produziram 51 mil atendimentos e a log\u00edstica montada que permitiu a realiza\u00e7\u00e3o de","og:url":"https:\/\/newsinfoco.com.br\/inicio\/assistencia-social-foi-eficiente-em-implantar-programas-sociais-em-alagoinhas-mas-falta-maior-fomento-do-governo-federal-e-do-governo-do-estado\/","article:published_time":"2019-12-17T14:46:26+00:00","article:modified_time":"2019-12-17T14:46:26+00:00","twitter:card":"summary_large_image","twitter:title":"Assist\u00eancia Social foi eficiente em implantar programas sociais em Alagoinhas, mas falta maior fomento do Governo Federal e do Governo do Estado - News In Foco - Editado por Caio Pimenta","twitter:description":"Alfredo Menezes fez um breve balan\u00e7o dos tr\u00eas anos de sua gest\u00e3o na Secretaria Municipal de Assist\u00eancia Social- SEMAS- no programa Primeira M\u00e3o, nesta segunda-feira(16) ressaltando pontos positivos como as 41 mil fam\u00edlias referenciadas no CRAS(Centro de Refer\u00eancia de Assist\u00eancia Social) que produziram 51 mil atendimentos e a log\u00edstica montada que permitiu a realiza\u00e7\u00e3o de"},"aioseo_meta_data":{"post_id":"19442","title":null,"description":null,"keywords":null,"keyphrases":null,"primary_term":null,"canonical_url":null,"og_title":null,"og_description":null,"og_object_type":"default","og_image_type":"default","og_image_url":null,"og_image_width":null,"og_image_height":null,"og_image_custom_url":null,"og_image_custom_fields":null,"og_video":null,"og_custom_url":null,"og_article_section":null,"og_article_tags":null,"twitter_use_og":false,"twitter_card":"default","twitter_image_type":"default","twitter_image_url":null,"twitter_image_custom_url":null,"twitter_image_custom_fields":null,"twitter_title":null,"twitter_description":null,"schema":{"blockGraphs":[],"customGraphs":[],"default":{"data":{"Article":[],"Course":[],"Dataset":[],"FAQPage":[],"Movie":[],"Person":[],"Product":[],"ProductReview":[],"Car":[],"Recipe":[],"Service":[],"SoftwareApplication":[],"WebPage":[]},"graphName":"","isEnabled":true},"graphs":[]},"schema_type":"default","schema_type_options":null,"pillar_content":false,"robots_default":true,"robots_noindex":false,"robots_noarchive":false,"robots_nosnippet":false,"robots_nofollow":false,"robots_noimageindex":false,"robots_noodp":false,"robots_notranslate":false,"robots_max_snippet":null,"robots_max_videopreview":null,"robots_max_imagepreview":"large","priority":null,"frequency":null,"local_seo":null,"breadcrumb_settings":null,"limit_modified_date":false,"ai":null,"created":"2023-06-12 15:42:24","updated":"2025-07-11 02:18:45","seo_analyzer_scan_date":null},"aioseo_breadcrumb":"<div class=\"aioseo-breadcrumbs\"><span class=\"aioseo-breadcrumb\">\n\t\t\t<a href=\"https:\/\/newsinfoco.com.br\/inicio\" title=\"In\u00edcio\">In\u00edcio<\/a>\n\t\t<\/span><span class=\"aioseo-breadcrumb-separator\">&raquo;<\/span><span class=\"aioseo-breadcrumb\">\n\t\t\t<a href=\"https:\/\/newsinfoco.com.br\/inicio\/category\/destaque\/\" title=\"Destaque\">Destaque<\/a>\n\t\t<\/span><span class=\"aioseo-breadcrumb-separator\">&raquo;<\/span><span class=\"aioseo-breadcrumb\">\n\t\t\tAssist\u00eancia Social foi eficiente em implantar programas sociais em Alagoinhas, mas falta maior fomento do Governo Federal e do Governo do Estado\n\t\t<\/span><\/div>","aioseo_breadcrumb_json":[{"label":"In\u00edcio","link":"https:\/\/newsinfoco.com.br\/inicio"},{"label":"Destaque","link":"https:\/\/newsinfoco.com.br\/inicio\/category\/destaque\/"},{"label":"Assist\u00eancia Social foi eficiente em implantar programas sociais em Alagoinhas, mas falta maior fomento do Governo Federal e do Governo do Estado","link":"https:\/\/newsinfoco.com.br\/inicio\/assistencia-social-foi-eficiente-em-implantar-programas-sociais-em-alagoinhas-mas-falta-maior-fomento-do-governo-federal-e-do-governo-do-estado\/"}],"_links":{"self":[{"href":"https:\/\/newsinfoco.com.br\/inicio\/wp-json\/wp\/v2\/posts\/19442","targetHints":{"allow":["GET"]}}],"collection":[{"href":"https:\/\/newsinfoco.com.br\/inicio\/wp-json\/wp\/v2\/posts"}],"about":[{"href":"https:\/\/newsinfoco.com.br\/inicio\/wp-json\/wp\/v2\/types\/post"}],"author":[{"embeddable":true,"href":"https:\/\/newsinfoco.com.br\/inicio\/wp-json\/wp\/v2\/users\/1"}],"replies":[{"embeddable":true,"href":"https:\/\/newsinfoco.com.br\/inicio\/wp-json\/wp\/v2\/comments?post=19442"}],"version-history":[{"count":0,"href":"https:\/\/newsinfoco.com.br\/inicio\/wp-json\/wp\/v2\/posts\/19442\/revisions"}],"wp:featuredmedia":[{"embeddable":true,"href":"https:\/\/newsinfoco.com.br\/inicio\/wp-json\/wp\/v2\/media\/19443"}],"wp:attachment":[{"href":"https:\/\/newsinfoco.com.br\/inicio\/wp-json\/wp\/v2\/media?parent=19442"}],"wp:term":[{"taxonomy":"category","embeddable":true,"href":"https:\/\/newsinfoco.com.br\/inicio\/wp-json\/wp\/v2\/categories?post=19442"},{"taxonomy":"post_tag","embeddable":true,"href":"https:\/\/newsinfoco.com.br\/inicio\/wp-json\/wp\/v2\/tags?post=19442"}],"curies":[{"name":"wp","href":"https:\/\/api.w.org\/{rel}","templated":true}]}}