{"id":19454,"date":"2019-12-17T21:46:53","date_gmt":"2019-12-18T00:46:53","guid":{"rendered":"http:\/\/newsinfoco.com.br\/?p=19454"},"modified":"2019-12-17T21:46:53","modified_gmt":"2019-12-18T00:46:53","slug":"juizes-estao-proibidos-de-comentar-decisao-de-colegas-e-declarar-apoio-em-redes-sociais","status":"publish","type":"post","link":"https:\/\/newsinfoco.com.br\/inicio\/juizes-estao-proibidos-de-comentar-decisao-de-colegas-e-declarar-apoio-em-redes-sociais\/","title":{"rendered":"Ju\u00edzes est\u00e3o proibidos de comentar decis\u00e3o de colegas e declarar apoio em redes sociais"},"content":{"rendered":"<p style=\"text-align: justify;\">O Conselho Nacional de Justi\u00e7a (CNJ) aprovou nesta ter\u00e7a-feira (17) uma resolu\u00e7\u00e3o que pro\u00edbe a manifesta\u00e7\u00e3o de ju\u00edzes sobre processos pendentes de julgamento, bem como cr\u00edticas a decis\u00f5es de outros magistrados. Tamb\u00e9m foram aprovadas outras normas de conduta em redes sociais. Fica tamb\u00e9m proibido emitir opini\u00e3o que demonstra atua\u00e7\u00e3o em atividade pol\u00edtico-partid\u00e1ria.<\/p>\n<p style=\"text-align: justify;\">O texto estava em discuss\u00e3o no CNJ, presidido pelo ministro Dias Toffoli, desde o meio do ano e vinha sendo criticado por entidades da magistratura. Em raz\u00e3o das cr\u00edticas, ele suprimiu trechos pol\u00eamicos da vers\u00e3o original da resolu\u00e7\u00e3o.<\/p><div class=\"newsi-conteudo_19\" id=\"newsi-2630003649\"><a href=\"https:\/\/www.instagram.com\/prefeituraalagoinhas?igsh=YzgzdDJ1bWR3aWI4\" aria-label=\"SAVE_20251006_221555\"><img loading=\"lazy\" decoding=\"async\" src=\"https:\/\/newsinfoco.com.br\/inicio\/wp-content\/uploads\/2025\/10\/SAVE_20251006_221555-rotated.jpg\" alt=\"\"  srcset=\"https:\/\/newsinfoco.com.br\/inicio\/wp-content\/uploads\/2025\/10\/SAVE_20251006_221555-rotated.jpg 1140w, https:\/\/newsinfoco.com.br\/inicio\/wp-content\/uploads\/2025\/10\/SAVE_20251006_221555-300x52.jpg 300w, https:\/\/newsinfoco.com.br\/inicio\/wp-content\/uploads\/2025\/10\/SAVE_20251006_221555-1024x177.jpg 1024w, https:\/\/newsinfoco.com.br\/inicio\/wp-content\/uploads\/2025\/10\/SAVE_20251006_221555-768x133.jpg 768w, https:\/\/newsinfoco.com.br\/inicio\/wp-content\/uploads\/2025\/10\/SAVE_20251006_221555-600x104.jpg 600w, https:\/\/newsinfoco.com.br\/inicio\/wp-content\/uploads\/2025\/10\/SAVE_20251006_221555-696x120.jpg 696w, https:\/\/newsinfoco.com.br\/inicio\/wp-content\/uploads\/2025\/10\/SAVE_20251006_221555-1068x185.jpg 1068w\" sizes=\"(max-width: 1140px) 100vw, 1140px\" width=\"1140\" height=\"197\"   \/><\/a><\/div>\n<p style=\"text-align: justify;\">A principal parte suprimida\u00a0\u00e9 a que recomendava ao juiz evitar intera\u00e7\u00f5es pessoais, nas redes, que pudessem suscitar d\u00favidas em rela\u00e7\u00e3o \u00e0 sua imparcialidade, especialmente com escrit\u00f3rios de advocacia, membros do Minist\u00e9rio P\u00fablico e partes em processos.<\/p>\n<p style=\"text-align: justify;\">O ministro excluiu esse trecho justificando que, hoje, as comunica\u00e7\u00f5es interpessoais se d\u00e3o por v\u00e1rias formas, n\u00e3o apenas pessoalmente.<\/p>\n<p style=\"text-align: justify;\">Por redes sociais entendem-se, conforme definido na resolu\u00e7\u00e3o, todas as \u201cplataformas digitais e aplicativos de computador ou dispositivo eletr\u00f4nico m\u00f3vel voltados \u00e0 intera\u00e7\u00e3o p\u00fablica e social\u201d, como Twitter, Facebook e WhatsApp. Com informa\u00e7\u00f5es da Folha de S.Paulo.<\/p>\n<div class='share-to-whatsapp-wrapper'><div class='share-on-whsp'>Share on: <\/div><a data-text='Ju\u00edzes est\u00e3o proibidos de comentar decis\u00e3o de colegas e declarar apoio em redes sociais' data-link='https:\/\/newsinfoco.com.br\/inicio\/juizes-estao-proibidos-de-comentar-decisao-de-colegas-e-declarar-apoio-em-redes-sociais\/' class='whatsapp-button whatsapp-share'>WhatsApp<\/a><div class='clear '><\/div><\/div>","protected":false},"excerpt":{"rendered":"<p>O Conselho Nacional de Justi\u00e7a (CNJ) aprovou nesta ter\u00e7a-feira (17) uma resolu\u00e7\u00e3o que pro\u00edbe a manifesta\u00e7\u00e3o de ju\u00edzes sobre processos pendentes de julgamento, bem como cr\u00edticas a decis\u00f5es de outros magistrados. Tamb\u00e9m foram aprovadas outras normas de conduta em redes sociais. Fica tamb\u00e9m proibido emitir opini\u00e3o que demonstra atua\u00e7\u00e3o em atividade pol\u00edtico-partid\u00e1ria. O texto estava [&hellip;]<\/p>\n","protected":false},"author":1,"featured_media":19455,"comment_status":"open","ping_status":"open","sticky":false,"template":"","format":"standard","meta":{"om_disable_all_campaigns":false,"_exactmetrics_skip_tracking":false,"_exactmetrics_sitenote_active":false,"_exactmetrics_sitenote_note":"","_exactmetrics_sitenote_category":0,"footnotes":""},"categories":[21,30],"tags":[],"class_list":["post-19454","post","type-post","status-publish","format-standard","has-post-thumbnail","hentry","category-brasil","category-destaque"],"aioseo_notices":[],"_links":{"self":[{"href":"https:\/\/newsinfoco.com.br\/inicio\/wp-json\/wp\/v2\/posts\/19454","targetHints":{"allow":["GET"]}}],"collection":[{"href":"https:\/\/newsinfoco.com.br\/inicio\/wp-json\/wp\/v2\/posts"}],"about":[{"href":"https:\/\/newsinfoco.com.br\/inicio\/wp-json\/wp\/v2\/types\/post"}],"author":[{"embeddable":true,"href":"https:\/\/newsinfoco.com.br\/inicio\/wp-json\/wp\/v2\/users\/1"}],"replies":[{"embeddable":true,"href":"https:\/\/newsinfoco.com.br\/inicio\/wp-json\/wp\/v2\/comments?post=19454"}],"version-history":[{"count":0,"href":"https:\/\/newsinfoco.com.br\/inicio\/wp-json\/wp\/v2\/posts\/19454\/revisions"}],"wp:featuredmedia":[{"embeddable":true,"href":"https:\/\/newsinfoco.com.br\/inicio\/wp-json\/wp\/v2\/media\/19455"}],"wp:attachment":[{"href":"https:\/\/newsinfoco.com.br\/inicio\/wp-json\/wp\/v2\/media?parent=19454"}],"wp:term":[{"taxonomy":"category","embeddable":true,"href":"https:\/\/newsinfoco.com.br\/inicio\/wp-json\/wp\/v2\/categories?post=19454"},{"taxonomy":"post_tag","embeddable":true,"href":"https:\/\/newsinfoco.com.br\/inicio\/wp-json\/wp\/v2\/tags?post=19454"}],"curies":[{"name":"wp","href":"https:\/\/api.w.org\/{rel}","templated":true}]}}