{"id":19468,"date":"2019-12-19T21:14:50","date_gmt":"2019-12-20T00:14:50","guid":{"rendered":"http:\/\/newsinfoco.com.br\/?p=19468"},"modified":"2019-12-19T21:16:04","modified_gmt":"2019-12-20T00:16:04","slug":"em-entrevista-ao-programa-primeira-mao-joaquim-neto-faz-uma-retrospectiva-de-sua-gestao-critica-paulo-azi-e-anuncia-entrega-de-obras","status":"publish","type":"post","link":"https:\/\/newsinfoco.com.br\/inicio\/em-entrevista-ao-programa-primeira-mao-joaquim-neto-faz-uma-retrospectiva-de-sua-gestao-critica-paulo-azi-e-anuncia-entrega-de-obras\/","title":{"rendered":"Em entrevista ao programa Primeira M\u00e3o, Joaquim Neto faz uma retrospectiva de sua gest\u00e3o, critica Paulo Azi e anuncia entrega de obras"},"content":{"rendered":"<p style=\"text-align: justify;\">A entrevista de final de ano que o prefeito Joaquim Neto concedeu ao programa Primeira M\u00e3o, nesta ter\u00e7a-feira(17) foi uma s\u00edntese, de fato, de seus tr\u00eas anos de governo. Uma frase dita pelo gestor serve como emblema desse per\u00edodo: \u201cestou sempre na rua, vendo minhas obras\u201d. Joaquim fala de todas as obras feitas no munic\u00edpio, sejam elas com recursos federais ou advindas do empr\u00e9stimo junto a CAF \u2013 Banco de Desenvolvimento da Am\u00e9rica Latina. Ele n\u00e3o deixa claro o que foi feito com o recurso pr\u00f3prios, diante disso, opositores e advers\u00e1rios alegam que em sua gest\u00e3o n\u00e3o se fez nenhuma grande obra com dinheiro dos cofres municipais.<\/p>\n<p style=\"text-align: justify;\">Embora neste ponto n\u00e3o consiga ser claro, e volta e meia vereadores de oposi\u00e7\u00e3o se queixem da dificuldade de conseguirem informa\u00e7\u00f5es solicitadas nas secretarias, segundo dados oficiais de entidades renomadas do pa\u00eds como a FIRJAN, sua gest\u00e3o \u00e9 considerada uma das administra\u00e7\u00f5es mais transparentes do estado. Uma outra faceta que emerge em uma apar\u00eancia de positividade, Joaquim se defende atacando das acusa\u00e7\u00f5es do deputado Paulo Azi quanto \u00e0 n\u00e3o realiza\u00e7\u00e3o de cirurgias eletivas, vinculadas a uma emenda parlamentar deste de R$1,5 mi. Desmontando-se, dessa forma, aquela figura cordial estilo JK, Joaquim agora vai pra cima e questiona o deputado, outrora padrinho politico, sobre a falta de investimentos na cidade. Ele o compara inclusive ao deputado federal Caludio Cajado(PP) que mal foi votado em Alagoinhas, e que segundo o prefeito, j\u00e1 destinou 2 milh\u00f5es para a cidade, R$ 500 mil a mais que Paulo Azi.<\/p><div class=\"newsi-conteudo_19\" id=\"newsi-2973520006\"><a href=\"https:\/\/www.instagram.com\/prefeituraalagoinhas?igsh=YzgzdDJ1bWR3aWI4\" aria-label=\"SAVE_20251006_221555\"><img loading=\"lazy\" decoding=\"async\" src=\"https:\/\/newsinfoco.com.br\/inicio\/wp-content\/uploads\/2025\/10\/SAVE_20251006_221555-rotated.jpg\" alt=\"\"  srcset=\"https:\/\/newsinfoco.com.br\/inicio\/wp-content\/uploads\/2025\/10\/SAVE_20251006_221555-rotated.jpg 1140w, https:\/\/newsinfoco.com.br\/inicio\/wp-content\/uploads\/2025\/10\/SAVE_20251006_221555-300x52.jpg 300w, https:\/\/newsinfoco.com.br\/inicio\/wp-content\/uploads\/2025\/10\/SAVE_20251006_221555-1024x177.jpg 1024w, https:\/\/newsinfoco.com.br\/inicio\/wp-content\/uploads\/2025\/10\/SAVE_20251006_221555-768x133.jpg 768w, https:\/\/newsinfoco.com.br\/inicio\/wp-content\/uploads\/2025\/10\/SAVE_20251006_221555-600x104.jpg 600w, https:\/\/newsinfoco.com.br\/inicio\/wp-content\/uploads\/2025\/10\/SAVE_20251006_221555-696x120.jpg 696w, https:\/\/newsinfoco.com.br\/inicio\/wp-content\/uploads\/2025\/10\/SAVE_20251006_221555-1068x185.jpg 1068w\" sizes=\"(max-width: 1140px) 100vw, 1140px\" width=\"1140\" height=\"197\"   \/><\/a><\/div>\n<p style=\"text-align: justify;\">Na oportunidade, Joaquim Neto convidou a todos para o Reveillon na pra\u00e7a Kennedy, a \u00faltima a ser requalificada. Entrega tamb\u00e9m a avenida Rio Branco pavimentada e livre dos problemas de drenagem, finalmente, com o emprego de macro drenagem. A liga\u00e7\u00e3o da avenida com a Dantas Bi\u00e3o, nas proximidades do shopping Laguna, \u00e9 uma grande not\u00edcia, que melhorar\u00e1 vida de quem mora na Alagoinhas IV e nas Inocoops e beneficia o tr\u00e2nsito no local. Melhor escoamento, menos gasolina se gasta, o custo\/cidade diminui e o custo de vida tamb\u00e9m, claro.<\/p>\n<p style=\"text-align: justify;\">Outro ponto positivo foi o asfaltamento da rua no entorno da 3\u00aa DIRES e a confirma\u00e7\u00e3o que est\u00e1 prestes a entregar a UPA de Santa Terezinha. al\u00e9m de concluir unidades de sa\u00fade na Baixa da Candeia e no Pindobal.<\/p>\n<p style=\"text-align: justify;\">Quanto ao hospital do c\u00e2ncer, afirmou mais uma vez que sua administra\u00e7\u00e3o teve participa\u00e7\u00e3o, embora seus advers\u00e1rios aleguem que a constru\u00e7\u00e3o da unidade \u00e9 exclusiva da Santa Casa de Miseric\u00f3rdia. Ele justificou tudo o que fez, desde de dar todo o apoio \u00e0 institui\u00e7\u00e3o na esfera estadual para sua habilita\u00e7\u00e3o, at\u00e9 garantir que a prefeitura firmar\u00e1 um conv\u00eanio de R$400 mil para que a unidade possa operar. Contudo, temos que ponderar que isso n\u00e3o significa necessariamente 100% do custeio da unidade, tratando-se mais ainda de uma obriga\u00e7\u00e3o \u00f3bvia, devido a um servi\u00e7o que a Santa Casa de Misericordia prestar\u00e1 ao munic\u00edpio.<\/p>\n<p style=\"text-align: justify;\">Joaquim tamb\u00e9m anunciou a reforma a Biblioteca Municipal, esquecida e abandonada por gest\u00f5es passadas, por\u00e9m n\u00e3o mencionou a amplia\u00e7\u00e3o de seu acervo. Biblioteca vive de livros. Outro ponto, o projeto foi pouco divulgado. Qual a fonte\u00a0 e o valor dos recursos? O que ser\u00e1 reformado no equipamento?&#8230; Nesses 3 anos de gest\u00e3o, infelizmente, a SECET, do qual se esperava muito mais de sua secret\u00e1ria Iraci Gama, pouco fez fez pela cultura do munic\u00edpio, sendo talvez a reforma da Biblioteca o primeiro grande investimento em cultura da pasta.<\/p>\n<p style=\"text-align: justify;\">Joaquim demonstra ainda disposi\u00e7\u00e3o para disputar a reelei\u00e7\u00e3o, embora as \u00faltimas pesquisas eleitorais n\u00e3o tenham lhe dado boas expectativas. Apesar disso, ele acredita que dos 3 anos de gest\u00e3o, 2019 foi o melhor ano, inclusive com previs\u00e3o de entrega de obras importantes na area de infraestrutura e sa\u00fade, o calcanhar de aquiles de sua administra\u00e7\u00e3o at\u00e9 aqui. Resta saber se tudo isso ter\u00e1 influencia na melhoria da aprova\u00e7\u00e3o de seu governo.<\/p>\n<p style=\"text-align: right;\">Por Paulo Dias com a colabora\u00e7\u00e3o de Caio Pimenta para o News Infoco<\/p>\n<div class='share-to-whatsapp-wrapper'><div class='share-on-whsp'>Share on: <\/div><a data-text='Em entrevista ao programa Primeira M\u00e3o, Joaquim Neto faz uma retrospectiva de sua gest\u00e3o, critica Paulo Azi e anuncia entrega de obras' data-link='https:\/\/newsinfoco.com.br\/inicio\/em-entrevista-ao-programa-primeira-mao-joaquim-neto-faz-uma-retrospectiva-de-sua-gestao-critica-paulo-azi-e-anuncia-entrega-de-obras\/' class='whatsapp-button whatsapp-share'>WhatsApp<\/a><div class='clear '><\/div><\/div>","protected":false},"excerpt":{"rendered":"<p>A entrevista de final de ano que o prefeito Joaquim Neto concedeu ao programa Primeira M\u00e3o, nesta ter\u00e7a-feira(17) foi uma s\u00edntese, de fato, de seus tr\u00eas anos de governo. Uma frase dita pelo gestor serve como emblema desse per\u00edodo: \u201cestou sempre na rua, vendo minhas obras\u201d. Joaquim fala de todas as obras feitas no munic\u00edpio, [&hellip;]<\/p>\n","protected":false},"author":1,"featured_media":12322,"comment_status":"open","ping_status":"open","sticky":false,"template":"","format":"standard","meta":{"om_disable_all_campaigns":false,"_exactmetrics_skip_tracking":false,"_exactmetrics_sitenote_active":false,"_exactmetrics_sitenote_note":"","_exactmetrics_sitenote_category":0,"footnotes":""},"categories":[38,30],"tags":[],"class_list":["post-19468","post","type-post","status-publish","format-standard","has-post-thumbnail","hentry","category-alagoinhas-e-regiao","category-destaque"],"aioseo_notices":[],"_links":{"self":[{"href":"https:\/\/newsinfoco.com.br\/inicio\/wp-json\/wp\/v2\/posts\/19468","targetHints":{"allow":["GET"]}}],"collection":[{"href":"https:\/\/newsinfoco.com.br\/inicio\/wp-json\/wp\/v2\/posts"}],"about":[{"href":"https:\/\/newsinfoco.com.br\/inicio\/wp-json\/wp\/v2\/types\/post"}],"author":[{"embeddable":true,"href":"https:\/\/newsinfoco.com.br\/inicio\/wp-json\/wp\/v2\/users\/1"}],"replies":[{"embeddable":true,"href":"https:\/\/newsinfoco.com.br\/inicio\/wp-json\/wp\/v2\/comments?post=19468"}],"version-history":[{"count":0,"href":"https:\/\/newsinfoco.com.br\/inicio\/wp-json\/wp\/v2\/posts\/19468\/revisions"}],"wp:featuredmedia":[{"embeddable":true,"href":"https:\/\/newsinfoco.com.br\/inicio\/wp-json\/wp\/v2\/media\/12322"}],"wp:attachment":[{"href":"https:\/\/newsinfoco.com.br\/inicio\/wp-json\/wp\/v2\/media?parent=19468"}],"wp:term":[{"taxonomy":"category","embeddable":true,"href":"https:\/\/newsinfoco.com.br\/inicio\/wp-json\/wp\/v2\/categories?post=19468"},{"taxonomy":"post_tag","embeddable":true,"href":"https:\/\/newsinfoco.com.br\/inicio\/wp-json\/wp\/v2\/tags?post=19468"}],"curies":[{"name":"wp","href":"https:\/\/api.w.org\/{rel}","templated":true}]}}