{"id":19470,"date":"2019-12-18T17:31:07","date_gmt":"2019-12-18T20:31:07","guid":{"rendered":"http:\/\/newsinfoco.com.br\/?p=19470"},"modified":"2019-12-18T17:31:07","modified_gmt":"2019-12-18T20:31:07","slug":"apresentacoes-de-corais-natalinos-movimentam-as-pracas-e-abrem-calendario-dos-festejos-de-fim-de-ano","status":"publish","type":"post","link":"https:\/\/newsinfoco.com.br\/inicio\/apresentacoes-de-corais-natalinos-movimentam-as-pracas-e-abrem-calendario-dos-festejos-de-fim-de-ano\/","title":{"rendered":"Apresenta\u00e7\u00f5es de corais natalinos movimentam as pra\u00e7as e abrem calend\u00e1rio dos festejos de fim de ano"},"content":{"rendered":"<p style=\"text-align: justify;\"><span style=\"color: #000000;\">As apresenta\u00e7\u00f5es dos corais natalinos continuam esta semana, nas pra\u00e7as Conselheiro Rui Barbosa e J.J. Seabra. \u00c0s v\u00e9speras dos festejos natalinos e fechando o ano com um saldo positivo de realiza\u00e7\u00f5es, a Prefeitura \u2013 que em 2019 surpreendeu com a ilumina\u00e7\u00e3o em mais de 20 pontos da cidade \u2013 tamb\u00e9m emocionou moradores, com os corais que iniciaram as apresenta\u00e7\u00f5es no dia 16 de dezembro.<\/span><\/p>\n<p style=\"text-align: justify;\"><span style=\"color: #000000;\">\u201cMuito bonito. As pessoas precisam disso. Tem que ter mesmo mais gente na pra\u00e7a, mais m\u00fasica, poesia. A Cultura \u00e9 que faz a sociedade se expressar e viver melhor [\u2026] quando vi essa arruma\u00e7\u00e3o da cidade semana passada, fiquei encantada\u201d, relatou Helina Soares Vieira, ap\u00f3s assistir aos corais, na Pra\u00e7a J. J. Seabra.<\/span><\/p><div class=\"newsi-conteudo_19\" id=\"newsi-4091548309\"><a href=\"https:\/\/www.instagram.com\/prefeituraalagoinhas?igsh=YzgzdDJ1bWR3aWI4\" aria-label=\"SAVE_20251006_221555\"><img loading=\"lazy\" decoding=\"async\" src=\"https:\/\/newsinfoco.com.br\/inicio\/wp-content\/uploads\/2025\/10\/SAVE_20251006_221555-rotated.jpg\" alt=\"\"  srcset=\"https:\/\/newsinfoco.com.br\/inicio\/wp-content\/uploads\/2025\/10\/SAVE_20251006_221555-rotated.jpg 1140w, https:\/\/newsinfoco.com.br\/inicio\/wp-content\/uploads\/2025\/10\/SAVE_20251006_221555-300x52.jpg 300w, https:\/\/newsinfoco.com.br\/inicio\/wp-content\/uploads\/2025\/10\/SAVE_20251006_221555-1024x177.jpg 1024w, https:\/\/newsinfoco.com.br\/inicio\/wp-content\/uploads\/2025\/10\/SAVE_20251006_221555-768x133.jpg 768w, https:\/\/newsinfoco.com.br\/inicio\/wp-content\/uploads\/2025\/10\/SAVE_20251006_221555-600x104.jpg 600w, https:\/\/newsinfoco.com.br\/inicio\/wp-content\/uploads\/2025\/10\/SAVE_20251006_221555-696x120.jpg 696w, https:\/\/newsinfoco.com.br\/inicio\/wp-content\/uploads\/2025\/10\/SAVE_20251006_221555-1068x185.jpg 1068w\" sizes=\"(max-width: 1140px) 100vw, 1140px\" width=\"1140\" height=\"197\"   \/><\/a><\/div>\n<p style=\"text-align: justify;\"><span style=\"color: #000000;\">A programa\u00e7\u00e3o continua, hoje (18), na Pra\u00e7a Conselheiro Rui Barbosa. Ontem (17), se apresentaram, no Coreto, alunos da escola de m\u00fasica \u201cSim, Toque\u201d, e o coral da Pastoral do Menor. Nesta quarta-feira, \u00e9 a vez de Sementes de Luz, a partir das 18h30, e do Ter\u00e7o dos Homens.<\/span><\/p>\n<p style=\"text-align: justify;\"><span style=\"color: #000000;\">As apresenta\u00e7\u00f5es seguem at\u00e9 o dia 20 de dezembro, e a grade completa est\u00e1 dispon\u00edvel atrav\u00e9s do link:\u00a0<a style=\"color: #000000;\" href=\"https:\/\/www.alagoinhas.ba.gov.br\/index.php\/com-decoracao-especial-e-lampadas-led-espalhadas-em-mais-de-20-pontos-da-cidade-prefeitura-divulga-maior-programacao-natalina-da-historia-de-alagoinhas-1\/\">https:\/\/www.alagoinhas.ba.gov.br\/index.php\/com-decoracao-especial-e-lampadas-led-espalhadas-em-mais-de-20-pontos-da-cidade-prefeitura-divulga-maior-programacao-natalina-da-historia-de-alagoinhas-1\/<\/a>.<\/span><\/p>\n<p>\u00a0 \u00a0 \u00a0 \u00a0 \u00a0 \u00a0 \u00a0 \u00a0 \u00a0 \u00a0 \u00a0 \u00a0 \u00a0 \u00a0 \u00a0 \u00a0 \u00a0 \u00a0 \u00a0 \u00a0 \u00a0 \u00a0 \u00a0 \u00a0 \u00a0 SECOM ALAGOINHAS<\/p>\n<div class='share-to-whatsapp-wrapper'><div class='share-on-whsp'>Share on: <\/div><a data-text='Apresenta\u00e7\u00f5es de corais natalinos movimentam as pra\u00e7as e abrem calend\u00e1rio dos festejos de fim de ano' data-link='https:\/\/newsinfoco.com.br\/inicio\/apresentacoes-de-corais-natalinos-movimentam-as-pracas-e-abrem-calendario-dos-festejos-de-fim-de-ano\/' class='whatsapp-button whatsapp-share'>WhatsApp<\/a><div class='clear '><\/div><\/div>","protected":false},"excerpt":{"rendered":"<p>As apresenta\u00e7\u00f5es dos corais natalinos continuam esta semana, nas pra\u00e7as Conselheiro Rui Barbosa e J.J. Seabra. \u00c0s v\u00e9speras dos festejos natalinos e fechando o ano com um saldo positivo de realiza\u00e7\u00f5es, a Prefeitura \u2013 que em 2019 surpreendeu com a ilumina\u00e7\u00e3o em mais de 20 pontos da cidade \u2013 tamb\u00e9m emocionou moradores, com os corais [&hellip;]<\/p>\n","protected":false},"author":1,"featured_media":19471,"comment_status":"open","ping_status":"open","sticky":false,"template":"","format":"standard","meta":{"om_disable_all_campaigns":false,"_exactmetrics_skip_tracking":false,"_exactmetrics_sitenote_active":false,"_exactmetrics_sitenote_note":"","_exactmetrics_sitenote_category":0,"footnotes":""},"categories":[38,30],"tags":[],"class_list":["post-19470","post","type-post","status-publish","format-standard","has-post-thumbnail","hentry","category-alagoinhas-e-regiao","category-destaque"],"aioseo_notices":[],"_links":{"self":[{"href":"https:\/\/newsinfoco.com.br\/inicio\/wp-json\/wp\/v2\/posts\/19470","targetHints":{"allow":["GET"]}}],"collection":[{"href":"https:\/\/newsinfoco.com.br\/inicio\/wp-json\/wp\/v2\/posts"}],"about":[{"href":"https:\/\/newsinfoco.com.br\/inicio\/wp-json\/wp\/v2\/types\/post"}],"author":[{"embeddable":true,"href":"https:\/\/newsinfoco.com.br\/inicio\/wp-json\/wp\/v2\/users\/1"}],"replies":[{"embeddable":true,"href":"https:\/\/newsinfoco.com.br\/inicio\/wp-json\/wp\/v2\/comments?post=19470"}],"version-history":[{"count":0,"href":"https:\/\/newsinfoco.com.br\/inicio\/wp-json\/wp\/v2\/posts\/19470\/revisions"}],"wp:featuredmedia":[{"embeddable":true,"href":"https:\/\/newsinfoco.com.br\/inicio\/wp-json\/wp\/v2\/media\/19471"}],"wp:attachment":[{"href":"https:\/\/newsinfoco.com.br\/inicio\/wp-json\/wp\/v2\/media?parent=19470"}],"wp:term":[{"taxonomy":"category","embeddable":true,"href":"https:\/\/newsinfoco.com.br\/inicio\/wp-json\/wp\/v2\/categories?post=19470"},{"taxonomy":"post_tag","embeddable":true,"href":"https:\/\/newsinfoco.com.br\/inicio\/wp-json\/wp\/v2\/tags?post=19470"}],"curies":[{"name":"wp","href":"https:\/\/api.w.org\/{rel}","templated":true}]}}