{"id":19473,"date":"2019-12-18T17:36:53","date_gmt":"2019-12-18T20:36:53","guid":{"rendered":"http:\/\/newsinfoco.com.br\/?p=19473"},"modified":"2019-12-18T17:36:53","modified_gmt":"2019-12-18T20:36:53","slug":"ordem-de-servico-para-ampliacao-e-reforma-da-unidade-de-saude-nova-brasilia-sera-assinada-nesta-quinta-feira-19","status":"publish","type":"post","link":"https:\/\/newsinfoco.com.br\/inicio\/ordem-de-servico-para-ampliacao-e-reforma-da-unidade-de-saude-nova-brasilia-sera-assinada-nesta-quinta-feira-19\/","title":{"rendered":"Ordem de Servi\u00e7o para amplia\u00e7\u00e3o e reforma da Unidade de Sa\u00fade Nova Bras\u00edlia ser\u00e1 assinada nesta quinta-feira (19)"},"content":{"rendered":"<p style=\"text-align: justify;\">O prefeito Joaquim Neto assina, nesta quinta-feira (19), \u00e0s 8h, a ordem de servi\u00e7o para o in\u00edcio das obras da Unidade de Sa\u00fade de Nova Bras\u00edlia, que ser\u00e1 completamente reformada e ampliada, atendendo \u00e0 solicita\u00e7\u00e3o da comunidade.<\/p>\n<p style=\"text-align: justify;\">A unidade contar\u00e1 tamb\u00e9m com mais uma equipe de sa\u00fade da fam\u00edlia, beneficiando cerca de 4 mil pessoas da \u00e1rea descoberta. O investimento \u00e9 de quase R$ 148 mil reais, com apoio de emenda parlamentar.<\/p><div class=\"newsi-conteudo_19\" id=\"newsi-2357783173\"><a href=\"https:\/\/www.instagram.com\/prefeituraalagoinhas?igsh=YzgzdDJ1bWR3aWI4\" aria-label=\"SAVE_20251006_221555\"><img loading=\"lazy\" decoding=\"async\" src=\"https:\/\/newsinfoco.com.br\/inicio\/wp-content\/uploads\/2025\/10\/SAVE_20251006_221555-rotated.jpg\" alt=\"\"  srcset=\"https:\/\/newsinfoco.com.br\/inicio\/wp-content\/uploads\/2025\/10\/SAVE_20251006_221555-rotated.jpg 1140w, https:\/\/newsinfoco.com.br\/inicio\/wp-content\/uploads\/2025\/10\/SAVE_20251006_221555-300x52.jpg 300w, https:\/\/newsinfoco.com.br\/inicio\/wp-content\/uploads\/2025\/10\/SAVE_20251006_221555-1024x177.jpg 1024w, https:\/\/newsinfoco.com.br\/inicio\/wp-content\/uploads\/2025\/10\/SAVE_20251006_221555-768x133.jpg 768w, https:\/\/newsinfoco.com.br\/inicio\/wp-content\/uploads\/2025\/10\/SAVE_20251006_221555-600x104.jpg 600w, https:\/\/newsinfoco.com.br\/inicio\/wp-content\/uploads\/2025\/10\/SAVE_20251006_221555-696x120.jpg 696w, https:\/\/newsinfoco.com.br\/inicio\/wp-content\/uploads\/2025\/10\/SAVE_20251006_221555-1068x185.jpg 1068w\" sizes=\"(max-width: 1140px) 100vw, 1140px\" width=\"1140\" height=\"197\"   \/><\/a><\/div>\n<p style=\"text-align: justify;\">De acordo com a Secretaria Municipal de Sa\u00fade, a a\u00e7\u00e3o n\u00e3o \u00e9 isolada. A gestora da pasta, Rosania Rabelo, informou que obras importantes sair\u00e3o do papel, j\u00e1 nos pr\u00f3ximos dias, para se concretizarem em avan\u00e7o significativo\u00a0\u00e0 popula\u00e7\u00e3o. Uma s\u00e9rie de ordens de servi\u00e7o para reforma, amplia\u00e7\u00e3o e a constru\u00e7\u00e3o de unidades ser\u00e3o assinadas at\u00e9 o in\u00edcio da pr\u00f3xima semana.<br \/>\n<strong><br \/>\nORDEM DE SERVI\u00c7O \u2013 UNIDADE DE SA\u00daDE DE NOVA BRAS\u00cdLIA<\/strong><br \/>\n<strong>Data:<\/strong>\u00a019\/12\/2019 (quinta-feira)<br \/>\n<strong>Hor\u00e1rio:<\/strong>\u00a08h<br \/>\n<strong>Local:<\/strong>\u00a0USF Nova Bras\u00edlia (Rua Nova Brasilia, Barreiro)<\/p>\n<p style=\"text-align: justify;\">\u00a0 \u00a0 \u00a0 \u00a0 \u00a0 \u00a0 \u00a0 \u00a0 \u00a0 \u00a0 \u00a0 \u00a0 \u00a0 \u00a0 \u00a0 \u00a0 \u00a0 \u00a0 SECOM ALAGOINHAS<\/p>\n<div class='share-to-whatsapp-wrapper'><div class='share-on-whsp'>Share on: <\/div><a data-text='Ordem de Servi\u00e7o para amplia\u00e7\u00e3o e reforma da Unidade de Sa\u00fade Nova Bras\u00edlia ser\u00e1 assinada nesta quinta-feira (19)' data-link='https:\/\/newsinfoco.com.br\/inicio\/ordem-de-servico-para-ampliacao-e-reforma-da-unidade-de-saude-nova-brasilia-sera-assinada-nesta-quinta-feira-19\/' class='whatsapp-button whatsapp-share'>WhatsApp<\/a><div class='clear '><\/div><\/div>","protected":false},"excerpt":{"rendered":"<p>O prefeito Joaquim Neto assina, nesta quinta-feira (19), \u00e0s 8h, a ordem de servi\u00e7o para o in\u00edcio das obras da Unidade de Sa\u00fade de Nova Bras\u00edlia, que ser\u00e1 completamente reformada e ampliada, atendendo \u00e0 solicita\u00e7\u00e3o da comunidade. A unidade contar\u00e1 tamb\u00e9m com mais uma equipe de sa\u00fade da fam\u00edlia, beneficiando cerca de 4 mil pessoas [&hellip;]<\/p>\n","protected":false},"author":1,"featured_media":19255,"comment_status":"open","ping_status":"open","sticky":false,"template":"","format":"standard","meta":{"om_disable_all_campaigns":false,"_exactmetrics_skip_tracking":false,"_exactmetrics_sitenote_active":false,"_exactmetrics_sitenote_note":"","_exactmetrics_sitenote_category":0,"footnotes":""},"categories":[38,30],"tags":[],"class_list":["post-19473","post","type-post","status-publish","format-standard","has-post-thumbnail","hentry","category-alagoinhas-e-regiao","category-destaque"],"aioseo_notices":[],"_links":{"self":[{"href":"https:\/\/newsinfoco.com.br\/inicio\/wp-json\/wp\/v2\/posts\/19473","targetHints":{"allow":["GET"]}}],"collection":[{"href":"https:\/\/newsinfoco.com.br\/inicio\/wp-json\/wp\/v2\/posts"}],"about":[{"href":"https:\/\/newsinfoco.com.br\/inicio\/wp-json\/wp\/v2\/types\/post"}],"author":[{"embeddable":true,"href":"https:\/\/newsinfoco.com.br\/inicio\/wp-json\/wp\/v2\/users\/1"}],"replies":[{"embeddable":true,"href":"https:\/\/newsinfoco.com.br\/inicio\/wp-json\/wp\/v2\/comments?post=19473"}],"version-history":[{"count":0,"href":"https:\/\/newsinfoco.com.br\/inicio\/wp-json\/wp\/v2\/posts\/19473\/revisions"}],"wp:featuredmedia":[{"embeddable":true,"href":"https:\/\/newsinfoco.com.br\/inicio\/wp-json\/wp\/v2\/media\/19255"}],"wp:attachment":[{"href":"https:\/\/newsinfoco.com.br\/inicio\/wp-json\/wp\/v2\/media?parent=19473"}],"wp:term":[{"taxonomy":"category","embeddable":true,"href":"https:\/\/newsinfoco.com.br\/inicio\/wp-json\/wp\/v2\/categories?post=19473"},{"taxonomy":"post_tag","embeddable":true,"href":"https:\/\/newsinfoco.com.br\/inicio\/wp-json\/wp\/v2\/tags?post=19473"}],"curies":[{"name":"wp","href":"https:\/\/api.w.org\/{rel}","templated":true}]}}