{"id":19477,"date":"2019-12-18T22:24:52","date_gmt":"2019-12-19T01:24:52","guid":{"rendered":"http:\/\/newsinfoco.com.br\/?p=19477"},"modified":"2019-12-18T22:24:52","modified_gmt":"2019-12-19T01:24:52","slug":"prefeitura-leva-asfalto-a-avenida-rio-branco-e-a-mais-ruas-do-petrolar","status":"publish","type":"post","link":"https:\/\/newsinfoco.com.br\/inicio\/prefeitura-leva-asfalto-a-avenida-rio-branco-e-a-mais-ruas-do-petrolar\/","title":{"rendered":"Prefeitura leva asfalto \u00e0 Avenida Rio Branco e a mais ruas do Petrolar"},"content":{"rendered":"<p style=\"text-align: justify;\">A\u00a0Prefeitura de Alagoinhas segue promovendo a transforma\u00e7\u00e3o da infraestrutura da cidade e tem mais asfalto saindo do papel. Na manh\u00e3 desta quarta-feira (18), o prefeito Joaquim Neto, acompanhado por secret\u00e1rios, visitou o andamento de obras na Avenida Rio Branco e conversou com moradores.Ap\u00f3s receber asfalto, os trabalhos na avenida est\u00e3o concentrados na execu\u00e7\u00e3o de passeios e meio fio e na recupera\u00e7\u00e3o do trecho que liga\u00a0 a via at\u00e9 \u00e0 Pra\u00e7a Kennedy.<\/p>\n<p style=\"text-align: justify;\">\u201cEsta avenida est\u00e1 sendo renovada em 5 km desde \u00e0 pra\u00e7a Kennedy at\u00e9 o Alagoinhas IV, perto da BR 101, se transformando na mais nova avenida estruturante de alagoinhas, que vai desafogar a Dantas Bi\u00e3o. O local tamb\u00e9m j\u00e1 passou por obras de macrodrenagem, esgotamento sanit\u00e1rio, o que vai por fim aos alagamentos. \u00c9 mais um avan\u00e7o no plano de mobilidade e mais legado importante para a popula\u00e7\u00e3o de Alagoinhas\u201d, disse o prefeito Joaquim Neto.<\/p><div class=\"newsi-conteudo_19\" id=\"newsi-3435998012\"><a href=\"https:\/\/www.instagram.com\/prefeituraalagoinhas?igsh=YzgzdDJ1bWR3aWI4\" aria-label=\"SAVE_20251006_221555\"><img loading=\"lazy\" decoding=\"async\" src=\"https:\/\/newsinfoco.com.br\/inicio\/wp-content\/uploads\/2025\/10\/SAVE_20251006_221555-rotated.jpg\" alt=\"\"  srcset=\"https:\/\/newsinfoco.com.br\/inicio\/wp-content\/uploads\/2025\/10\/SAVE_20251006_221555-rotated.jpg 1140w, https:\/\/newsinfoco.com.br\/inicio\/wp-content\/uploads\/2025\/10\/SAVE_20251006_221555-300x52.jpg 300w, https:\/\/newsinfoco.com.br\/inicio\/wp-content\/uploads\/2025\/10\/SAVE_20251006_221555-1024x177.jpg 1024w, https:\/\/newsinfoco.com.br\/inicio\/wp-content\/uploads\/2025\/10\/SAVE_20251006_221555-768x133.jpg 768w, https:\/\/newsinfoco.com.br\/inicio\/wp-content\/uploads\/2025\/10\/SAVE_20251006_221555-600x104.jpg 600w, https:\/\/newsinfoco.com.br\/inicio\/wp-content\/uploads\/2025\/10\/SAVE_20251006_221555-696x120.jpg 696w, https:\/\/newsinfoco.com.br\/inicio\/wp-content\/uploads\/2025\/10\/SAVE_20251006_221555-1068x185.jpg 1068w\" sizes=\"(max-width: 1140px) 100vw, 1140px\" width=\"1140\" height=\"197\"   \/><\/a><\/div>\n<p style=\"text-align: justify;\">Na sequ\u00eancia, o prefeito seguiu para a Rua Eurico Batista, um outro trecho da regi\u00e3o que \u00a0passou por obras de macrodrenagem e que est\u00e1 sendo preparada para receber pavimenta\u00e7\u00e3o. \u201cAqui antigamente eram bacias de lama e hoje tem macrodrenagem e esgotamento sanit\u00e1rio. Toda a \u00e1gua que vem da Santa Terezinha passa por aqui e vai at\u00e9 \u00e0 Fonte dos Padres. A pavimenta\u00e7ao com asfalto vai dar muito mais conforto e trazer melhorias significativas ao tr\u00e1fego entre as duas avenidas\u201d, destacou o prefeito.<\/p>\n<p style=\"text-align: justify;\">Ainda na \u00e1rea de pavimenta\u00e7\u00e3o, cumprindo o cronograma da prefeitura, no Jardim Petrolar, ap\u00f3s o asfaltamento recente de sete vias da Santa Maria (j\u00e1 em fase de execu\u00e7\u00e3o do meio fio e cal\u00e7adas), as equipes da Secretaria de Infraestrutura (SECIN) seguem com frentes de trabalho nas ruas Democratas, Minas Gerais, Su\u00edssa, Brasil e It\u00e1lia.<\/p>\n<p style=\"text-align: justify;\">\u00a0 \u00a0 \u00a0 \u00a0 \u00a0 \u00a0 \u00a0 \u00a0 \u00a0 \u00a0 \u00a0 \u00a0 \u00a0 \u00a0 \u00a0 SECOM ALAGOINHAS<\/p>\n<div class='share-to-whatsapp-wrapper'><div class='share-on-whsp'>Share on: <\/div><a data-text='Prefeitura leva asfalto \u00e0 Avenida Rio Branco e a mais ruas do Petrolar' data-link='https:\/\/newsinfoco.com.br\/inicio\/prefeitura-leva-asfalto-a-avenida-rio-branco-e-a-mais-ruas-do-petrolar\/' class='whatsapp-button whatsapp-share'>WhatsApp<\/a><div class='clear '><\/div><\/div>","protected":false},"excerpt":{"rendered":"<p>A\u00a0Prefeitura de Alagoinhas segue promovendo a transforma\u00e7\u00e3o da infraestrutura da cidade e tem mais asfalto saindo do papel. Na manh\u00e3 desta quarta-feira (18), o prefeito Joaquim Neto, acompanhado por secret\u00e1rios, visitou o andamento de obras na Avenida Rio Branco e conversou com moradores.Ap\u00f3s receber asfalto, os trabalhos na avenida est\u00e3o concentrados na execu\u00e7\u00e3o de passeios [&hellip;]<\/p>\n","protected":false},"author":1,"featured_media":19478,"comment_status":"open","ping_status":"open","sticky":false,"template":"","format":"standard","meta":{"om_disable_all_campaigns":false,"_exactmetrics_skip_tracking":false,"_exactmetrics_sitenote_active":false,"_exactmetrics_sitenote_note":"","_exactmetrics_sitenote_category":0,"footnotes":""},"categories":[38,30],"tags":[],"class_list":["post-19477","post","type-post","status-publish","format-standard","has-post-thumbnail","hentry","category-alagoinhas-e-regiao","category-destaque"],"aioseo_notices":[],"_links":{"self":[{"href":"https:\/\/newsinfoco.com.br\/inicio\/wp-json\/wp\/v2\/posts\/19477","targetHints":{"allow":["GET"]}}],"collection":[{"href":"https:\/\/newsinfoco.com.br\/inicio\/wp-json\/wp\/v2\/posts"}],"about":[{"href":"https:\/\/newsinfoco.com.br\/inicio\/wp-json\/wp\/v2\/types\/post"}],"author":[{"embeddable":true,"href":"https:\/\/newsinfoco.com.br\/inicio\/wp-json\/wp\/v2\/users\/1"}],"replies":[{"embeddable":true,"href":"https:\/\/newsinfoco.com.br\/inicio\/wp-json\/wp\/v2\/comments?post=19477"}],"version-history":[{"count":0,"href":"https:\/\/newsinfoco.com.br\/inicio\/wp-json\/wp\/v2\/posts\/19477\/revisions"}],"wp:featuredmedia":[{"embeddable":true,"href":"https:\/\/newsinfoco.com.br\/inicio\/wp-json\/wp\/v2\/media\/19478"}],"wp:attachment":[{"href":"https:\/\/newsinfoco.com.br\/inicio\/wp-json\/wp\/v2\/media?parent=19477"}],"wp:term":[{"taxonomy":"category","embeddable":true,"href":"https:\/\/newsinfoco.com.br\/inicio\/wp-json\/wp\/v2\/categories?post=19477"},{"taxonomy":"post_tag","embeddable":true,"href":"https:\/\/newsinfoco.com.br\/inicio\/wp-json\/wp\/v2\/tags?post=19477"}],"curies":[{"name":"wp","href":"https:\/\/api.w.org\/{rel}","templated":true}]}}