{"id":19480,"date":"2019-12-18T22:34:39","date_gmt":"2019-12-19T01:34:39","guid":{"rendered":"http:\/\/newsinfoco.com.br\/?p=19480"},"modified":"2019-12-18T22:34:39","modified_gmt":"2019-12-19T01:34:39","slug":"apos-operacao-da-promotoria-do-rio-bolsonaro-silencia-e-recebe-flavio-no-alvorada","status":"publish","type":"post","link":"https:\/\/newsinfoco.com.br\/inicio\/apos-operacao-da-promotoria-do-rio-bolsonaro-silencia-e-recebe-flavio-no-alvorada\/","title":{"rendered":"Ap\u00f3s opera\u00e7\u00e3o da Promotoria do Rio, Bolsonaro silencia e recebe Fl\u00e1vio no Alvorada"},"content":{"rendered":"<p style=\"text-align: justify;\">No dia em que seu primog\u00eanito foi alvo de uma opera\u00e7\u00e3o do Minist\u00e9rio P\u00fablico do Rio de Janeiro, o presidente Jair Bolsonaro evitou a imprensa e recebeu o senador Fl\u00e1vio Bolsonaro (sem partido), no Pal\u00e1cio da Alvorada nesta quarta-feira (18).<\/p>\n<p style=\"text-align: justify;\">O senador chegou \u00e0 resid\u00eancia oficial da Presid\u00eancia por volta de 17h30 em um carro oficial do Senado, cerca de 20 minutos antes do pai.<\/p><div class=\"newsi-conteudo_19\" id=\"newsi-1374003084\"><a href=\"https:\/\/www.instagram.com\/prefeituraalagoinhas?igsh=YzgzdDJ1bWR3aWI4\" aria-label=\"SAVE_20251006_221555\"><img loading=\"lazy\" decoding=\"async\" src=\"https:\/\/newsinfoco.com.br\/inicio\/wp-content\/uploads\/2025\/10\/SAVE_20251006_221555-rotated.jpg\" alt=\"\"  srcset=\"https:\/\/newsinfoco.com.br\/inicio\/wp-content\/uploads\/2025\/10\/SAVE_20251006_221555-rotated.jpg 1140w, https:\/\/newsinfoco.com.br\/inicio\/wp-content\/uploads\/2025\/10\/SAVE_20251006_221555-300x52.jpg 300w, https:\/\/newsinfoco.com.br\/inicio\/wp-content\/uploads\/2025\/10\/SAVE_20251006_221555-1024x177.jpg 1024w, https:\/\/newsinfoco.com.br\/inicio\/wp-content\/uploads\/2025\/10\/SAVE_20251006_221555-768x133.jpg 768w, https:\/\/newsinfoco.com.br\/inicio\/wp-content\/uploads\/2025\/10\/SAVE_20251006_221555-600x104.jpg 600w, https:\/\/newsinfoco.com.br\/inicio\/wp-content\/uploads\/2025\/10\/SAVE_20251006_221555-696x120.jpg 696w, https:\/\/newsinfoco.com.br\/inicio\/wp-content\/uploads\/2025\/10\/SAVE_20251006_221555-1068x185.jpg 1068w\" sizes=\"(max-width: 1140px) 100vw, 1140px\" width=\"1140\" height=\"197\"   \/><\/a><\/div>\n<p style=\"text-align: justify;\">Ao chegar ao Alvorada, o presidente desembarcou no t\u00e9rreo, onde o filho o aguardava, e n\u00e3o na garagem, onde o ve\u00edculo costuma deix\u00e1-lo. O encontro entre eles n\u00e3o consta na agenda oficial do presidente. Questionada, a assessoria de imprensa do Pal\u00e1cio do Planalto n\u00e3o soube informar o motivo da reuni\u00e3o.<\/p>\n<p style=\"text-align: justify;\">Bolsonaro participou de um evento religioso \u00e0 tarde, mas chegou e saiu do local sem passar pela \u00e1rea onde estavam os jornalistas.<\/p>\n<p style=\"text-align: justify;\">Na sequ\u00eancia, n\u00e3o fez discurso em cerim\u00f4nia do Planalto e saiu do sal\u00e3o nobre evitando o local reservado \u00e0 imprensa.<\/p>\n<p style=\"text-align: justify;\">Na semana passada, Bolsonaro disse que em breve viriam outras acusa\u00e7\u00f5es contra seus familiares, mas n\u00e3o deu detalhes do que se tratava.<\/p>\n<p style=\"text-align: justify;\">A opera\u00e7\u00e3o da Promotoria apura suposta lavagem de dinheiro e a pr\u00e1tica de \u201crachadinha\u201d no gabinete de Fl\u00e1vio quando ele era deputado estadual no Rio. Al\u00e9m do hoje senador, foram alvo ex-assessor Fabr\u00edcio Queiroz e outros ex-funcion\u00e1rios do gabinete.<\/p>\n<p style=\"text-align: justify;\">Tamb\u00e9m est\u00e3o entre os 24 alvos da opera\u00e7\u00e3o parentes de Ana Cristina Valle, ex-mulher de Jair Bolsonaro \u2014alguns deles moram em Resende (RJ).<\/p>\n<p style=\"text-align: justify;\">J\u00e1 foram recolhidos documentos e celulares na casa de alguns dos alvos. O Minist\u00e9rio P\u00fablico n\u00e3o se pronunciou sobre a opera\u00e7\u00e3o, alegando que o procedimento corre sob sigilo.<\/p>\n<p style=\"text-align: justify;\">As buscas e apreens\u00f5es ocorrem ap\u00f3s quase dois anos do in\u00edcio das investiga\u00e7\u00f5es contra Queiroz.<\/p>\n<p style=\"text-align: justify;\">A Promotoria fluminense recebeu em janeiro de 2018 relat\u00f3rio do antigo Coaf \u2014hoje Unidade de Intelig\u00eancia Financeira (UIF) \u2014 apontando movimenta\u00e7\u00f5es at\u00edpicas do policial militar aposentado.<\/p>\n<p style=\"text-align: justify;\">Ap\u00f3s pedido de Fl\u00e1vio, as apura\u00e7\u00f5es foram suspensas a partir de julho deste ano por liminar (decis\u00e3o provis\u00f3ria) do presidente do Supremo Tribunal Federal, Dias Toffoli, mas foram retomadas neste m\u00eas ap\u00f3s decis\u00e3o do plen\u00e1rio da corte.<\/p>\n<p style=\"text-align: justify;\">No caso de Fl\u00e1vio, o alvo de busca e apreens\u00e3o foi a loja de chocolates do senador. Os agentes chegaram por volta das 6h40 ao shopping Via Parque, na Barra da Tijuca (zona oeste do Rio), onde fica a franquia da Kopenhagen que pertence a Fl\u00e1vio, e deixaram o local por volta das 10h40.<\/p>\n<p style=\"text-align: justify;\">O primog\u00eanito de Bolsonaro \u00e9 dono de 50% da franquia desde janeiro de 2015. A firma \u00e9 citada num relat\u00f3rio do antigo Coaf que descreve oito transfer\u00eancias que somam R$ 120 mil dela para o senador entre agosto de 2017 e janeiro de 2018.<\/p>\n<p style=\"text-align: justify;\">A empresa tamb\u00e9m foi alvo de quebra de sigilo banc\u00e1rio e fiscal pela Justi\u00e7a em abril.<\/p>\n<p style=\"text-align: justify;\">Frederick Wassef, advogado do senador, afirmou em nota que os investigadores n\u00e3o encontrar\u00e3o nas buscas nada que comprometa o filho do presidente. \u201cO que sabemos at\u00e9 o momento, pela imprensa, \u00e9 que a opera\u00e7\u00e3o pode ter extrapolado os limites da [medida] cautelar, alcan\u00e7ando pessoas e objetos que n\u00e3o est\u00e3o ligados ao caso\u201d.<\/p>\n<p style=\"text-align: justify;\">J\u00e1 a defesa da fam\u00edlia de Queiroz afirmou que recebe a a\u00e7\u00e3o \u201ccom tranquilidade e, ao mesmo tempo surpresa, pois \u00e9 absolutamente desnecess\u00e1ria\u201d. \u201cEle sempre colaborou com as investiga\u00e7\u00f5es, j\u00e1 tendo, inclusive, apresentado todos os esclarecimentos a respeito dos fatos\u201d, disse o advogado Paulo Klein.<\/p>\n<div class='share-to-whatsapp-wrapper'><div class='share-on-whsp'>Share on: <\/div><a data-text='Ap\u00f3s opera\u00e7\u00e3o da Promotoria do Rio, Bolsonaro silencia e recebe Fl\u00e1vio no Alvorada' data-link='https:\/\/newsinfoco.com.br\/inicio\/apos-operacao-da-promotoria-do-rio-bolsonaro-silencia-e-recebe-flavio-no-alvorada\/' class='whatsapp-button whatsapp-share'>WhatsApp<\/a><div class='clear '><\/div><\/div>","protected":false},"excerpt":{"rendered":"<p>No dia em que seu primog\u00eanito foi alvo de uma opera\u00e7\u00e3o do Minist\u00e9rio P\u00fablico do Rio de Janeiro, o presidente Jair Bolsonaro evitou a imprensa e recebeu o senador Fl\u00e1vio Bolsonaro (sem partido), no Pal\u00e1cio da Alvorada nesta quarta-feira (18). O senador chegou \u00e0 resid\u00eancia oficial da Presid\u00eancia por volta de 17h30 em um carro [&hellip;]<\/p>\n","protected":false},"author":1,"featured_media":15605,"comment_status":"open","ping_status":"open","sticky":false,"template":"","format":"standard","meta":{"om_disable_all_campaigns":false,"_exactmetrics_skip_tracking":false,"_exactmetrics_sitenote_active":false,"_exactmetrics_sitenote_note":"","_exactmetrics_sitenote_category":0,"footnotes":""},"categories":[21,30],"tags":[],"class_list":["post-19480","post","type-post","status-publish","format-standard","has-post-thumbnail","hentry","category-brasil","category-destaque"],"aioseo_notices":[],"_links":{"self":[{"href":"https:\/\/newsinfoco.com.br\/inicio\/wp-json\/wp\/v2\/posts\/19480","targetHints":{"allow":["GET"]}}],"collection":[{"href":"https:\/\/newsinfoco.com.br\/inicio\/wp-json\/wp\/v2\/posts"}],"about":[{"href":"https:\/\/newsinfoco.com.br\/inicio\/wp-json\/wp\/v2\/types\/post"}],"author":[{"embeddable":true,"href":"https:\/\/newsinfoco.com.br\/inicio\/wp-json\/wp\/v2\/users\/1"}],"replies":[{"embeddable":true,"href":"https:\/\/newsinfoco.com.br\/inicio\/wp-json\/wp\/v2\/comments?post=19480"}],"version-history":[{"count":0,"href":"https:\/\/newsinfoco.com.br\/inicio\/wp-json\/wp\/v2\/posts\/19480\/revisions"}],"wp:featuredmedia":[{"embeddable":true,"href":"https:\/\/newsinfoco.com.br\/inicio\/wp-json\/wp\/v2\/media\/15605"}],"wp:attachment":[{"href":"https:\/\/newsinfoco.com.br\/inicio\/wp-json\/wp\/v2\/media?parent=19480"}],"wp:term":[{"taxonomy":"category","embeddable":true,"href":"https:\/\/newsinfoco.com.br\/inicio\/wp-json\/wp\/v2\/categories?post=19480"},{"taxonomy":"post_tag","embeddable":true,"href":"https:\/\/newsinfoco.com.br\/inicio\/wp-json\/wp\/v2\/tags?post=19480"}],"curies":[{"name":"wp","href":"https:\/\/api.w.org\/{rel}","templated":true}]}}