{"id":19488,"date":"2019-12-19T19:29:25","date_gmt":"2019-12-19T22:29:25","guid":{"rendered":"http:\/\/newsinfoco.com.br\/?p=19488"},"modified":"2019-12-19T19:29:25","modified_gmt":"2019-12-19T22:29:25","slug":"prefeitura-continua-trabalho-de-limpeza-do-rio-catu","status":"publish","type":"post","link":"https:\/\/newsinfoco.com.br\/inicio\/prefeitura-continua-trabalho-de-limpeza-do-rio-catu\/","title":{"rendered":"Prefeitura continua trabalho de limpeza do Rio Catu"},"content":{"rendered":"<p style=\"text-align: justify;\">A cada semana, diversas a\u00e7\u00f5es ligadas \u00e0 manuten\u00e7\u00e3o da cidade v\u00eam ganhando for\u00e7a, e a limpeza do Rio Catu \u00e9 uma das frentes de trabalho. \u00a0Todo o per\u00edmetro urbano do rio est\u00e1 recebendo o servi\u00e7o, que visa facilitar o escoamento das \u00e1guas e evitar que a vegeta\u00e7\u00e3o e o lixo que se acumulam nas margens provoquem alagamentos na cidade.<\/p>\n<p style=\"text-align: justify;\">Al\u00e9m de preparo para as chuvas e o aumento da \u00e1gua no rio, a a\u00e7\u00e3o tamb\u00e9m \u00e9 essencial para evitar a prolifera\u00e7\u00e3o de animais pe\u00e7onhentos e insetos, contribuindo, assim, com o combate \u00e0 transmiss\u00e3o do mosquito da Dengue e outras doen\u00e7as.<\/p><div class=\"newsi-conteudo_19\" id=\"newsi-4100250197\"><a href=\"https:\/\/www.instagram.com\/prefeituraalagoinhas?igsh=YzgzdDJ1bWR3aWI4\" aria-label=\"SAVE_20251006_221555\"><img loading=\"lazy\" decoding=\"async\" src=\"https:\/\/newsinfoco.com.br\/inicio\/wp-content\/uploads\/2025\/10\/SAVE_20251006_221555-rotated.jpg\" alt=\"\"  srcset=\"https:\/\/newsinfoco.com.br\/inicio\/wp-content\/uploads\/2025\/10\/SAVE_20251006_221555-rotated.jpg 1140w, https:\/\/newsinfoco.com.br\/inicio\/wp-content\/uploads\/2025\/10\/SAVE_20251006_221555-300x52.jpg 300w, https:\/\/newsinfoco.com.br\/inicio\/wp-content\/uploads\/2025\/10\/SAVE_20251006_221555-1024x177.jpg 1024w, https:\/\/newsinfoco.com.br\/inicio\/wp-content\/uploads\/2025\/10\/SAVE_20251006_221555-768x133.jpg 768w, https:\/\/newsinfoco.com.br\/inicio\/wp-content\/uploads\/2025\/10\/SAVE_20251006_221555-600x104.jpg 600w, https:\/\/newsinfoco.com.br\/inicio\/wp-content\/uploads\/2025\/10\/SAVE_20251006_221555-696x120.jpg 696w, https:\/\/newsinfoco.com.br\/inicio\/wp-content\/uploads\/2025\/10\/SAVE_20251006_221555-1068x185.jpg 1068w\" sizes=\"(max-width: 1140px) 100vw, 1140px\" width=\"1140\" height=\"197\"   \/><\/a><\/div>\n<p style=\"text-align: justify;\">Os trabalhos foram iniciados na \u00e1rea da Avenida Lourival Batista, passaram pela Rua 2 de julho, Rua Milton Ornelas, e, no momento, est\u00e3o sendo executados no trecho da Avenida da Leste\/Pedro Braga. As equipes ainda v\u00e3o atuar no trecho do Teres\u00f3polis e o \u00faltimo ponto ser\u00e1 a Rua Marechal Deodoro.<\/p>\n<p>\u00a0 \u00a0 \u00a0 \u00a0 \u00a0 \u00a0 \u00a0 \u00a0 \u00a0 \u00a0 \u00a0 \u00a0 \u00a0 \u00a0 \u00a0 \u00a0 \u00a0 \u00a0 \u00a0 \u00a0SECOM ALAGOINHAS<\/p>\n<div class='share-to-whatsapp-wrapper'><div class='share-on-whsp'>Share on: <\/div><a data-text='Prefeitura continua trabalho de limpeza do Rio Catu' data-link='https:\/\/newsinfoco.com.br\/inicio\/prefeitura-continua-trabalho-de-limpeza-do-rio-catu\/' class='whatsapp-button whatsapp-share'>WhatsApp<\/a><div class='clear '><\/div><\/div>","protected":false},"excerpt":{"rendered":"<p>A cada semana, diversas a\u00e7\u00f5es ligadas \u00e0 manuten\u00e7\u00e3o da cidade v\u00eam ganhando for\u00e7a, e a limpeza do Rio Catu \u00e9 uma das frentes de trabalho. \u00a0Todo o per\u00edmetro urbano do rio est\u00e1 recebendo o servi\u00e7o, que visa facilitar o escoamento das \u00e1guas e evitar que a vegeta\u00e7\u00e3o e o lixo que se acumulam nas margens [&hellip;]<\/p>\n","protected":false},"author":1,"featured_media":19489,"comment_status":"open","ping_status":"open","sticky":false,"template":"","format":"standard","meta":{"om_disable_all_campaigns":false,"_exactmetrics_skip_tracking":false,"_exactmetrics_sitenote_active":false,"_exactmetrics_sitenote_note":"","_exactmetrics_sitenote_category":0,"footnotes":""},"categories":[38,30],"tags":[],"class_list":["post-19488","post","type-post","status-publish","format-standard","has-post-thumbnail","hentry","category-alagoinhas-e-regiao","category-destaque"],"aioseo_notices":[],"_links":{"self":[{"href":"https:\/\/newsinfoco.com.br\/inicio\/wp-json\/wp\/v2\/posts\/19488","targetHints":{"allow":["GET"]}}],"collection":[{"href":"https:\/\/newsinfoco.com.br\/inicio\/wp-json\/wp\/v2\/posts"}],"about":[{"href":"https:\/\/newsinfoco.com.br\/inicio\/wp-json\/wp\/v2\/types\/post"}],"author":[{"embeddable":true,"href":"https:\/\/newsinfoco.com.br\/inicio\/wp-json\/wp\/v2\/users\/1"}],"replies":[{"embeddable":true,"href":"https:\/\/newsinfoco.com.br\/inicio\/wp-json\/wp\/v2\/comments?post=19488"}],"version-history":[{"count":0,"href":"https:\/\/newsinfoco.com.br\/inicio\/wp-json\/wp\/v2\/posts\/19488\/revisions"}],"wp:featuredmedia":[{"embeddable":true,"href":"https:\/\/newsinfoco.com.br\/inicio\/wp-json\/wp\/v2\/media\/19489"}],"wp:attachment":[{"href":"https:\/\/newsinfoco.com.br\/inicio\/wp-json\/wp\/v2\/media?parent=19488"}],"wp:term":[{"taxonomy":"category","embeddable":true,"href":"https:\/\/newsinfoco.com.br\/inicio\/wp-json\/wp\/v2\/categories?post=19488"},{"taxonomy":"post_tag","embeddable":true,"href":"https:\/\/newsinfoco.com.br\/inicio\/wp-json\/wp\/v2\/tags?post=19488"}],"curies":[{"name":"wp","href":"https:\/\/api.w.org\/{rel}","templated":true}]}}