{"id":19491,"date":"2019-12-19T19:31:39","date_gmt":"2019-12-19T22:31:39","guid":{"rendered":"http:\/\/newsinfoco.com.br\/?p=19491"},"modified":"2019-12-19T19:31:39","modified_gmt":"2019-12-19T22:31:39","slug":"rapper-hiran-que-ganhou-os-palcos-de-todo-o-pais-com-producoes-autorais-e-grandes-parcerias-e-atracao-confirmada-na-virada-cultural-de-alagoinhas","status":"publish","type":"post","link":"https:\/\/newsinfoco.com.br\/inicio\/rapper-hiran-que-ganhou-os-palcos-de-todo-o-pais-com-producoes-autorais-e-grandes-parcerias-e-atracao-confirmada-na-virada-cultural-de-alagoinhas\/","title":{"rendered":"Rapper Hiran, que ganhou os palcos de todo o pa\u00eds, com produ\u00e7\u00f5es autorais e grandes parcerias, \u00e9 atra\u00e7\u00e3o confirmada na Virada Cultural de Alagoinhas"},"content":{"rendered":"<p style=\"text-align: justify;\">O rapper que virou sucesso nos palcos de todo o pa\u00eds, revela\u00e7\u00e3o da m\u00fasica brasileira, com a mistura de beats, suingues, ritmos variados e flows, volta \u00e0 terra natal, neste final de semana \u2013 ap\u00f3s uma temporada de shows em S\u00e3o Paulo, Rio de Janeiro, Salvador e outros estados \u2013 para se apresentar ao p\u00fablico de Alagoinhas, na Virada Cultural da cidade.<\/p>\n<p style=\"text-align: justify;\">Talento da m\u00fasica baiana, Hiran despontou, em 2019, pelos munic\u00edpios brasileiros, levando a mensagem \u201cTem Mana no Rap\u201d e \u201cEu vou fazer dinheiro fora do sistema at\u00e9 o fim\u201d. O rapper foi indica\u00e7\u00e3o de Caetano Veloso, com suas produ\u00e7\u00f5es autorais, passou quase 1 ano no Rio de Janeiro, gravou recentemente o disco novo e promete fazer o p\u00fablico voar alto na Pra\u00e7a Conselheiro Rui Barbosa, cantando em casa.<\/p><div class=\"newsi-conteudo_19\" id=\"newsi-4235993256\"><a href=\"https:\/\/www.instagram.com\/prefeituraalagoinhas?igsh=YzgzdDJ1bWR3aWI4\" aria-label=\"SAVE_20251006_221555\"><img loading=\"lazy\" decoding=\"async\" src=\"https:\/\/newsinfoco.com.br\/inicio\/wp-content\/uploads\/2025\/10\/SAVE_20251006_221555-rotated.jpg\" alt=\"\"  srcset=\"https:\/\/newsinfoco.com.br\/inicio\/wp-content\/uploads\/2025\/10\/SAVE_20251006_221555-rotated.jpg 1140w, https:\/\/newsinfoco.com.br\/inicio\/wp-content\/uploads\/2025\/10\/SAVE_20251006_221555-300x52.jpg 300w, https:\/\/newsinfoco.com.br\/inicio\/wp-content\/uploads\/2025\/10\/SAVE_20251006_221555-1024x177.jpg 1024w, https:\/\/newsinfoco.com.br\/inicio\/wp-content\/uploads\/2025\/10\/SAVE_20251006_221555-768x133.jpg 768w, https:\/\/newsinfoco.com.br\/inicio\/wp-content\/uploads\/2025\/10\/SAVE_20251006_221555-600x104.jpg 600w, https:\/\/newsinfoco.com.br\/inicio\/wp-content\/uploads\/2025\/10\/SAVE_20251006_221555-696x120.jpg 696w, https:\/\/newsinfoco.com.br\/inicio\/wp-content\/uploads\/2025\/10\/SAVE_20251006_221555-1068x185.jpg 1068w\" sizes=\"(max-width: 1140px) 100vw, 1140px\" width=\"1140\" height=\"197\"   \/><\/a><\/div>\n<p style=\"text-align: justify;\">\u201cAcabei de gravar meu 2\u00b0 disco, que vai sair ano que vem. Estou come\u00e7ando uma agenda de ver\u00e3o e voltar agora, nesse momento, depois de morar no Rio, passar o ano todo longe, \u00e9 uma sensa\u00e7\u00e3o muito louca. E chamei Verso Insano pra cantar comigo, quero ter esse clima de p\u00e9 no ch\u00e3o, de casa\u201d, disse Hiran, que, no palco, faz quest\u00e3o de lembrar \u201csou de Alagoinhas\u201d.<\/p>\n<p style=\"text-align: justify;\">O rapper n\u00e3o acredita em \u201cf\u00f3rmula pronta\u201d para o sucesso, mas aposta no ato de cantar a sua verdade atrav\u00e9s da m\u00fasica. O \u00e1lbum de estreia, \u201cTem mana no rap\u201d, ganhou o pa\u00eds. Agora, ele segue reverberando por outros espa\u00e7os as suas letras e j\u00e1 \u00e9 uma das maiores identidades do rap nacional, com repert\u00f3rio que trabalha a diversidade.<\/p>\n<p style=\"text-align: justify;\">Na Virada Cultural de Alagoinhas, 3\u00aa edi\u00e7\u00e3o, Hiran se apresenta \u00e0s 21h, no s\u00e1bado (21). Depois dele, sobem ao palco Luiz Caldas, Ro\u00e7a Sound, entre outras atra\u00e7\u00f5es. No total, s\u00e3o mais de 30 horas de programa\u00e7\u00e3o.<\/p>\n<p>\u00a0 \u00a0 \u00a0 \u00a0 \u00a0 \u00a0 \u00a0 \u00a0 \u00a0 \u00a0 \u00a0 \u00a0 \u00a0 \u00a0 \u00a0 SECOM ALAGOINHAS<\/p>\n<div class='share-to-whatsapp-wrapper'><div class='share-on-whsp'>Share on: <\/div><a data-text='Rapper Hiran, que ganhou os palcos de todo o pa\u00eds, com produ\u00e7\u00f5es autorais e grandes parcerias, \u00e9 atra\u00e7\u00e3o confirmada na Virada Cultural de Alagoinhas' data-link='https:\/\/newsinfoco.com.br\/inicio\/rapper-hiran-que-ganhou-os-palcos-de-todo-o-pais-com-producoes-autorais-e-grandes-parcerias-e-atracao-confirmada-na-virada-cultural-de-alagoinhas\/' class='whatsapp-button whatsapp-share'>WhatsApp<\/a><div class='clear '><\/div><\/div>","protected":false},"excerpt":{"rendered":"<p>O rapper que virou sucesso nos palcos de todo o pa\u00eds, revela\u00e7\u00e3o da m\u00fasica brasileira, com a mistura de beats, suingues, ritmos variados e flows, volta \u00e0 terra natal, neste final de semana \u2013 ap\u00f3s uma temporada de shows em S\u00e3o Paulo, Rio de Janeiro, Salvador e outros estados \u2013 para se apresentar ao p\u00fablico [&hellip;]<\/p>\n","protected":false},"author":1,"featured_media":19449,"comment_status":"open","ping_status":"open","sticky":false,"template":"","format":"standard","meta":{"om_disable_all_campaigns":false,"_exactmetrics_skip_tracking":false,"_exactmetrics_sitenote_active":false,"_exactmetrics_sitenote_note":"","_exactmetrics_sitenote_category":0,"footnotes":""},"categories":[38,30],"tags":[],"class_list":["post-19491","post","type-post","status-publish","format-standard","has-post-thumbnail","hentry","category-alagoinhas-e-regiao","category-destaque"],"aioseo_notices":[],"_links":{"self":[{"href":"https:\/\/newsinfoco.com.br\/inicio\/wp-json\/wp\/v2\/posts\/19491","targetHints":{"allow":["GET"]}}],"collection":[{"href":"https:\/\/newsinfoco.com.br\/inicio\/wp-json\/wp\/v2\/posts"}],"about":[{"href":"https:\/\/newsinfoco.com.br\/inicio\/wp-json\/wp\/v2\/types\/post"}],"author":[{"embeddable":true,"href":"https:\/\/newsinfoco.com.br\/inicio\/wp-json\/wp\/v2\/users\/1"}],"replies":[{"embeddable":true,"href":"https:\/\/newsinfoco.com.br\/inicio\/wp-json\/wp\/v2\/comments?post=19491"}],"version-history":[{"count":0,"href":"https:\/\/newsinfoco.com.br\/inicio\/wp-json\/wp\/v2\/posts\/19491\/revisions"}],"wp:featuredmedia":[{"embeddable":true,"href":"https:\/\/newsinfoco.com.br\/inicio\/wp-json\/wp\/v2\/media\/19449"}],"wp:attachment":[{"href":"https:\/\/newsinfoco.com.br\/inicio\/wp-json\/wp\/v2\/media?parent=19491"}],"wp:term":[{"taxonomy":"category","embeddable":true,"href":"https:\/\/newsinfoco.com.br\/inicio\/wp-json\/wp\/v2\/categories?post=19491"},{"taxonomy":"post_tag","embeddable":true,"href":"https:\/\/newsinfoco.com.br\/inicio\/wp-json\/wp\/v2\/tags?post=19491"}],"curies":[{"name":"wp","href":"https:\/\/api.w.org\/{rel}","templated":true}]}}