{"id":19493,"date":"2019-12-19T19:35:18","date_gmt":"2019-12-19T22:35:18","guid":{"rendered":"http:\/\/newsinfoco.com.br\/?p=19493"},"modified":"2019-12-19T19:35:18","modified_gmt":"2019-12-19T22:35:18","slug":"prefeitura-amplia-assistencia-em-saude-a-comunidade-ordem-de-servico-para-o-inicio-das-obras-da-usf-nova-brasilia-foi-assinada-nesta-quinta-feira-19","status":"publish","type":"post","link":"https:\/\/newsinfoco.com.br\/inicio\/prefeitura-amplia-assistencia-em-saude-a-comunidade-ordem-de-servico-para-o-inicio-das-obras-da-usf-nova-brasilia-foi-assinada-nesta-quinta-feira-19\/","title":{"rendered":"Prefeitura amplia assist\u00eancia em sa\u00fade \u00e0 comunidade: ordem de servi\u00e7o para o in\u00edcio das obras da USF Nova Bras\u00edlia foi assinada nesta quinta-feira (19)"},"content":{"rendered":"<p style=\"text-align: justify;\">O prefeito Joaquim Neto assinou, na manh\u00e3 desta quinta-feira (19), a ordem de servi\u00e7o para o in\u00edcio das obras da Unidade de Sa\u00fade Nova Bras\u00edlia, no Barreiro, que ser\u00e1 completamente reformada e ampliada, atendendo \u00e0 solicita\u00e7\u00e3o dos moradores.<\/p>\n<p style=\"text-align: justify;\">A iniciativa \u00e9 da Secretaria Municipal de Sa\u00fade, com emenda do vereador Anderson Baqueiro e a Associa\u00e7\u00e3o de Moradores do bairro. Com o investimento de R$ 148 mil reais, a unidade dobrar\u00e1 a capacidade de atendimento, assegurando a assist\u00eancia em sa\u00fade a uma \u00e1rea at\u00e9 ent\u00e3o descoberta. Ser\u00e3o beneficiados diretamente os moradores do Conjunto Bom Viver, do Porto Feliz e do Residencial Alagoinhas.<\/p><div class=\"newsi-conteudo_19\" id=\"newsi-3761129731\"><a href=\"https:\/\/www.instagram.com\/prefeituraalagoinhas?igsh=YzgzdDJ1bWR3aWI4\" aria-label=\"SAVE_20251006_221555\"><img loading=\"lazy\" decoding=\"async\" src=\"https:\/\/newsinfoco.com.br\/inicio\/wp-content\/uploads\/2025\/10\/SAVE_20251006_221555-rotated.jpg\" alt=\"\"  srcset=\"https:\/\/newsinfoco.com.br\/inicio\/wp-content\/uploads\/2025\/10\/SAVE_20251006_221555-rotated.jpg 1140w, https:\/\/newsinfoco.com.br\/inicio\/wp-content\/uploads\/2025\/10\/SAVE_20251006_221555-300x52.jpg 300w, https:\/\/newsinfoco.com.br\/inicio\/wp-content\/uploads\/2025\/10\/SAVE_20251006_221555-1024x177.jpg 1024w, https:\/\/newsinfoco.com.br\/inicio\/wp-content\/uploads\/2025\/10\/SAVE_20251006_221555-768x133.jpg 768w, https:\/\/newsinfoco.com.br\/inicio\/wp-content\/uploads\/2025\/10\/SAVE_20251006_221555-600x104.jpg 600w, https:\/\/newsinfoco.com.br\/inicio\/wp-content\/uploads\/2025\/10\/SAVE_20251006_221555-696x120.jpg 696w, https:\/\/newsinfoco.com.br\/inicio\/wp-content\/uploads\/2025\/10\/SAVE_20251006_221555-1068x185.jpg 1068w\" sizes=\"(max-width: 1140px) 100vw, 1140px\" width=\"1140\" height=\"197\"   \/><\/a><\/div>\n<p style=\"text-align: justify;\">A presidente da associa\u00e7\u00e3o de moradores, Lucimeire Ara\u00fajo, destacou a import\u00e2ncia das reuni\u00f5es com a comunidade para que a interven\u00e7\u00e3o significativa pudesse se concretizar e salientou que a obra traz novas perspectivas, com assist\u00eancia em sa\u00fade para pessoas que, at\u00e9 ent\u00e3o, pertenciam a \u00e1reas descobertas. O vice-presidente da associa\u00e7\u00e3o Nova Bras\u00edlia, Jos\u00e9 Carlos, popularmente conhecido como \u201cNen\u00e9m Capenga\u201d, chamou a aten\u00e7\u00e3o para o resultado positivo da uni\u00e3o entre esfera p\u00fablica e comunidade, e a secret\u00e1ria municipal de sa\u00fade, Rosania Rabelo, enfatizou que a a\u00e7\u00e3o n\u00e3o \u00e9 isolada. Outras 3 ordens de servi\u00e7o ser\u00e3o dadas at\u00e9 o in\u00edcio da pr\u00f3xima semana, para obras da sa\u00fade.<\/p>\n<p style=\"text-align: justify;\">Ainda segundo a gestora da pasta, o resultado do investimento nas unidades \u00e9 significativo: Alagoinhas saltou de uma m\u00e9dia de 60% de cobertura em Aten\u00e7\u00e3o B\u00e1sica, em 2016, para 77,77%, em 2019.<\/p>\n<p style=\"text-align: justify;\">A previs\u00e3o \u00e9 que j\u00e1 no 1\u00b0 semestre de 2020 a Unidade de Sa\u00fade Nova Bras\u00edlia seja inaugurada com nova estrutura.<\/p>\n<p style=\"text-align: justify;\"><strong>Hist\u00f3rico<\/strong><br \/>\nDesativada durante um per\u00edodo de 11 anos, a estrutura anexa \u00e0 USF Nova Bras\u00edlia funcionou, durante 8 anos, como unidade de ensino para crian\u00e7as de 5 a 10 anos de idade. O espa\u00e7o, entretanto, foi abandonado ap\u00f3s a desativa\u00e7\u00e3o. Em 2019, atendendo \u00e0 solicita\u00e7\u00e3o de moradores, o prefeito Joaquim Neto e a secret\u00e1ria Rosania Rabelo assinaram o documento para a revitaliza\u00e7\u00e3o do local, que vai abrigar mais uma equipe de sa\u00fade da fam\u00edlia. A emenda \u00e9 do vereador Anderson Baqueiro.<\/p>\n<p style=\"text-align: justify;\">\u00a0 \u00a0 \u00a0 \u00a0 \u00a0 \u00a0 \u00a0 \u00a0 \u00a0 \u00a0 \u00a0 \u00a0 \u00a0 \u00a0 \u00a0 \u00a0 \u00a0 \u00a0 \u00a0 \u00a0 SECOM ALAGOINHAS<\/p>\n<div class='share-to-whatsapp-wrapper'><div class='share-on-whsp'>Share on: <\/div><a data-text='Prefeitura amplia assist\u00eancia em sa\u00fade \u00e0 comunidade: ordem de servi\u00e7o para o in\u00edcio das obras da USF Nova Bras\u00edlia foi assinada nesta quinta-feira (19)' data-link='https:\/\/newsinfoco.com.br\/inicio\/prefeitura-amplia-assistencia-em-saude-a-comunidade-ordem-de-servico-para-o-inicio-das-obras-da-usf-nova-brasilia-foi-assinada-nesta-quinta-feira-19\/' class='whatsapp-button whatsapp-share'>WhatsApp<\/a><div class='clear '><\/div><\/div>","protected":false},"excerpt":{"rendered":"<p>O prefeito Joaquim Neto assinou, na manh\u00e3 desta quinta-feira (19), a ordem de servi\u00e7o para o in\u00edcio das obras da Unidade de Sa\u00fade Nova Bras\u00edlia, no Barreiro, que ser\u00e1 completamente reformada e ampliada, atendendo \u00e0 solicita\u00e7\u00e3o dos moradores. A iniciativa \u00e9 da Secretaria Municipal de Sa\u00fade, com emenda do vereador Anderson Baqueiro e a Associa\u00e7\u00e3o [&hellip;]<\/p>\n","protected":false},"author":1,"featured_media":19494,"comment_status":"open","ping_status":"open","sticky":false,"template":"","format":"standard","meta":{"om_disable_all_campaigns":false,"_exactmetrics_skip_tracking":false,"_exactmetrics_sitenote_active":false,"_exactmetrics_sitenote_note":"","_exactmetrics_sitenote_category":0,"footnotes":""},"categories":[38,30],"tags":[],"class_list":["post-19493","post","type-post","status-publish","format-standard","has-post-thumbnail","hentry","category-alagoinhas-e-regiao","category-destaque"],"aioseo_notices":[],"_links":{"self":[{"href":"https:\/\/newsinfoco.com.br\/inicio\/wp-json\/wp\/v2\/posts\/19493","targetHints":{"allow":["GET"]}}],"collection":[{"href":"https:\/\/newsinfoco.com.br\/inicio\/wp-json\/wp\/v2\/posts"}],"about":[{"href":"https:\/\/newsinfoco.com.br\/inicio\/wp-json\/wp\/v2\/types\/post"}],"author":[{"embeddable":true,"href":"https:\/\/newsinfoco.com.br\/inicio\/wp-json\/wp\/v2\/users\/1"}],"replies":[{"embeddable":true,"href":"https:\/\/newsinfoco.com.br\/inicio\/wp-json\/wp\/v2\/comments?post=19493"}],"version-history":[{"count":0,"href":"https:\/\/newsinfoco.com.br\/inicio\/wp-json\/wp\/v2\/posts\/19493\/revisions"}],"wp:featuredmedia":[{"embeddable":true,"href":"https:\/\/newsinfoco.com.br\/inicio\/wp-json\/wp\/v2\/media\/19494"}],"wp:attachment":[{"href":"https:\/\/newsinfoco.com.br\/inicio\/wp-json\/wp\/v2\/media?parent=19493"}],"wp:term":[{"taxonomy":"category","embeddable":true,"href":"https:\/\/newsinfoco.com.br\/inicio\/wp-json\/wp\/v2\/categories?post=19493"},{"taxonomy":"post_tag","embeddable":true,"href":"https:\/\/newsinfoco.com.br\/inicio\/wp-json\/wp\/v2\/tags?post=19493"}],"curies":[{"name":"wp","href":"https:\/\/api.w.org\/{rel}","templated":true}]}}