{"id":19496,"date":"2019-12-19T19:37:42","date_gmt":"2019-12-19T22:37:42","guid":{"rendered":"http:\/\/newsinfoco.com.br\/?p=19496"},"modified":"2019-12-19T19:37:42","modified_gmt":"2019-12-19T22:37:42","slug":"a-resposta-e-nao-diz-maia-sobre-proposta-de-guedes-de-criar-nova-cpmf","status":"publish","type":"post","link":"https:\/\/newsinfoco.com.br\/inicio\/a-resposta-e-nao-diz-maia-sobre-proposta-de-guedes-de-criar-nova-cpmf\/","title":{"rendered":"\u2018A resposta \u00e9 n\u00e3o\u2019, diz Maia sobre proposta de Guedes de criar nova CPMF"},"content":{"rendered":"<p style=\"text-align: justify;\">\u201cA C\u00e2mara n\u00e3o vai criar um novo CPMF\u201d, afirmou o presidente da C\u00e2mara, Rodrigo Maia (DEM-RJ), nesta quinta-feira, 19, em caf\u00e9 com jornalistas na resid\u00eancia oficial da C\u00e2mara. \u201cImposto sobre movimenta\u00e7\u00e3o financeira ou o nome que voc\u00ea queira dar, a resposta \u00e9 n\u00e3o\u201d, enfatizou. Segundo ele, a C\u00e2mara ser\u00e1 contra a cria\u00e7\u00e3o de qualquer novo imposto. \u201cAs pessoas estressam muito com temas que s\u00e3o de responsabilidade do Parlamento. O Parlamento que cria ou n\u00e3o cria a CPMF. E n\u00e3o vai criar a CPMF\u201d, insistiu.<\/p>\n<p style=\"text-align: justify;\">Confrontado com a possibilidade de o governo insistir na cria\u00e7\u00e3o de uma nova CPMF para compensar a desonera\u00e7\u00e3o da folha, Maia destacou que a carga da m\u00e3o de obra no resto do mundo \u00e9 mais baixa que no Brasil e n\u00e3o tem CPMF. \u201cQual pa\u00eds razoavelmente organizado, estrutura seu sistema tribut\u00e1rio com CPMF?\u201d, questionou.<\/p><div class=\"newsi-conteudo_19\" id=\"newsi-2408919985\"><a href=\"https:\/\/www.instagram.com\/prefeituraalagoinhas?igsh=YzgzdDJ1bWR3aWI4\" aria-label=\"SAVE_20251006_221555\"><img loading=\"lazy\" decoding=\"async\" src=\"https:\/\/newsinfoco.com.br\/inicio\/wp-content\/uploads\/2025\/10\/SAVE_20251006_221555-rotated.jpg\" alt=\"\"  srcset=\"https:\/\/newsinfoco.com.br\/inicio\/wp-content\/uploads\/2025\/10\/SAVE_20251006_221555-rotated.jpg 1140w, https:\/\/newsinfoco.com.br\/inicio\/wp-content\/uploads\/2025\/10\/SAVE_20251006_221555-300x52.jpg 300w, https:\/\/newsinfoco.com.br\/inicio\/wp-content\/uploads\/2025\/10\/SAVE_20251006_221555-1024x177.jpg 1024w, https:\/\/newsinfoco.com.br\/inicio\/wp-content\/uploads\/2025\/10\/SAVE_20251006_221555-768x133.jpg 768w, https:\/\/newsinfoco.com.br\/inicio\/wp-content\/uploads\/2025\/10\/SAVE_20251006_221555-600x104.jpg 600w, https:\/\/newsinfoco.com.br\/inicio\/wp-content\/uploads\/2025\/10\/SAVE_20251006_221555-696x120.jpg 696w, https:\/\/newsinfoco.com.br\/inicio\/wp-content\/uploads\/2025\/10\/SAVE_20251006_221555-1068x185.jpg 1068w\" sizes=\"(max-width: 1140px) 100vw, 1140px\" width=\"1140\" height=\"197\"   \/><\/a><\/div>\n<p style=\"text-align: justify;\">\u201cEstamos convencidos de que n\u00e3o h\u00e1 espa\u00e7o para isso\u201d, respondeu tamb\u00e9m sobre a ideia levantada pelo governo sobre um imposto sobre transa\u00e7\u00f5es digitais, taxa\u00e7\u00e3o que o ministro da Economia, Paulo Guedes, disse estar avaliando. Mais cedo, Jair Bolsonaro tamb\u00e9m disse que \u201ctodas as cartas est\u00e3o na mesa\u201d.<\/p>\n<p style=\"text-align: justify;\">O presidente da C\u00e2mara avaliou ainda que a economia brasileira poderia ter crescimento mais, n\u00e3o fossem declara\u00e7\u00f5es dadas pelo presidente e pessoas pr\u00f3ximas a ele sobre o AI-5 e as queimadas na regi\u00e3o amaz\u00f4nica. \u201cA economia ia crescer mais. N\u00e3o cresceu culpa dessas declara\u00e7\u00f5es (AI-5 e queimadas). Essas declara\u00e7\u00f5es atrasam entradas (investimentos)\u201d, afirmou.<\/p>\n<p style=\"text-align: justify;\">\u201cDiscurso atrapalha o Brasil, mas atrapalha o governo do pr\u00f3prio presidente\u201d, acrescentou. Maia disse que, para o Pa\u00eds ter crescimento maior, precisa de poupan\u00e7a externa.<\/p>\n<div class='share-to-whatsapp-wrapper'><div class='share-on-whsp'>Share on: <\/div><a data-text='\u2018A resposta \u00e9 n\u00e3o\u2019, diz Maia sobre proposta de Guedes de criar nova CPMF' data-link='https:\/\/newsinfoco.com.br\/inicio\/a-resposta-e-nao-diz-maia-sobre-proposta-de-guedes-de-criar-nova-cpmf\/' class='whatsapp-button whatsapp-share'>WhatsApp<\/a><div class='clear '><\/div><\/div>","protected":false},"excerpt":{"rendered":"<p>\u201cA C\u00e2mara n\u00e3o vai criar um novo CPMF\u201d, afirmou o presidente da C\u00e2mara, Rodrigo Maia (DEM-RJ), nesta quinta-feira, 19, em caf\u00e9 com jornalistas na resid\u00eancia oficial da C\u00e2mara. \u201cImposto sobre movimenta\u00e7\u00e3o financeira ou o nome que voc\u00ea queira dar, a resposta \u00e9 n\u00e3o\u201d, enfatizou. Segundo ele, a C\u00e2mara ser\u00e1 contra a cria\u00e7\u00e3o de qualquer novo [&hellip;]<\/p>\n","protected":false},"author":1,"featured_media":15636,"comment_status":"open","ping_status":"open","sticky":false,"template":"","format":"standard","meta":{"om_disable_all_campaigns":false,"_exactmetrics_skip_tracking":false,"_exactmetrics_sitenote_active":false,"_exactmetrics_sitenote_note":"","_exactmetrics_sitenote_category":0,"footnotes":""},"categories":[21,30],"tags":[],"class_list":["post-19496","post","type-post","status-publish","format-standard","has-post-thumbnail","hentry","category-brasil","category-destaque"],"aioseo_notices":[],"_links":{"self":[{"href":"https:\/\/newsinfoco.com.br\/inicio\/wp-json\/wp\/v2\/posts\/19496","targetHints":{"allow":["GET"]}}],"collection":[{"href":"https:\/\/newsinfoco.com.br\/inicio\/wp-json\/wp\/v2\/posts"}],"about":[{"href":"https:\/\/newsinfoco.com.br\/inicio\/wp-json\/wp\/v2\/types\/post"}],"author":[{"embeddable":true,"href":"https:\/\/newsinfoco.com.br\/inicio\/wp-json\/wp\/v2\/users\/1"}],"replies":[{"embeddable":true,"href":"https:\/\/newsinfoco.com.br\/inicio\/wp-json\/wp\/v2\/comments?post=19496"}],"version-history":[{"count":0,"href":"https:\/\/newsinfoco.com.br\/inicio\/wp-json\/wp\/v2\/posts\/19496\/revisions"}],"wp:featuredmedia":[{"embeddable":true,"href":"https:\/\/newsinfoco.com.br\/inicio\/wp-json\/wp\/v2\/media\/15636"}],"wp:attachment":[{"href":"https:\/\/newsinfoco.com.br\/inicio\/wp-json\/wp\/v2\/media?parent=19496"}],"wp:term":[{"taxonomy":"category","embeddable":true,"href":"https:\/\/newsinfoco.com.br\/inicio\/wp-json\/wp\/v2\/categories?post=19496"},{"taxonomy":"post_tag","embeddable":true,"href":"https:\/\/newsinfoco.com.br\/inicio\/wp-json\/wp\/v2\/tags?post=19496"}],"curies":[{"name":"wp","href":"https:\/\/api.w.org\/{rel}","templated":true}]}}