{"id":19498,"date":"2019-12-19T19:40:07","date_gmt":"2019-12-19T22:40:07","guid":{"rendered":"http:\/\/newsinfoco.com.br\/?p=19498"},"modified":"2019-12-19T19:40:07","modified_gmt":"2019-12-19T22:40:07","slug":"flavio-desafia-mp-por-que-nao-me-denunciou-ainda","status":"publish","type":"post","link":"https:\/\/newsinfoco.com.br\/inicio\/flavio-desafia-mp-por-que-nao-me-denunciou-ainda\/","title":{"rendered":"Fl\u00e1vio desafia MP: \u2018Por que n\u00e3o me denunciou ainda?\u2019"},"content":{"rendered":"<p style=\"text-align: justify;\">Ap\u00f3s sua defesa entrar com habeas corpus no Supremo Tribunal Federal, o senador Fl\u00e1vio Bolsonaro (sem partido-RJ) desafiou o Minist\u00e9rio P\u00fablico a apresentar uma den\u00fancia contra ele como prova de que ele teria cometido irregularidades.<\/p>\n<p style=\"text-align: justify;\">\u201cSe tem tudo comprovado, tem a convic\u00e7\u00e3o de que eu tenho algum problema, por que (o MP) n\u00e3o denunciou ainda? N\u00e3o denunciou porque n\u00e3o tem o que falar de mim, n\u00e3o tem do que me acusar\u201d, disse o parlamentar em v\u00eddeo com sua primeira rea\u00e7\u00e3o \u00e0s opera\u00e7\u00f5es do Minist\u00e9rio P\u00fablico do Rio de Janeiro de busca e apreens\u00e3o em endere\u00e7os ligados a Fl\u00e1vio, a seu ex-assessor parlamentar Fabr\u00edcio Queiroz e a familiares de Ana Cristina Siqueira Valle, ex-mulher do presidente Jair Bolsonaro.<\/p><div class=\"newsi-conteudo_19\" id=\"newsi-1372439592\"><a href=\"https:\/\/www.instagram.com\/prefeituraalagoinhas?igsh=YzgzdDJ1bWR3aWI4\" aria-label=\"SAVE_20251006_221555\"><img loading=\"lazy\" decoding=\"async\" src=\"https:\/\/newsinfoco.com.br\/inicio\/wp-content\/uploads\/2025\/10\/SAVE_20251006_221555-rotated.jpg\" alt=\"\"  srcset=\"https:\/\/newsinfoco.com.br\/inicio\/wp-content\/uploads\/2025\/10\/SAVE_20251006_221555-rotated.jpg 1140w, https:\/\/newsinfoco.com.br\/inicio\/wp-content\/uploads\/2025\/10\/SAVE_20251006_221555-300x52.jpg 300w, https:\/\/newsinfoco.com.br\/inicio\/wp-content\/uploads\/2025\/10\/SAVE_20251006_221555-1024x177.jpg 1024w, https:\/\/newsinfoco.com.br\/inicio\/wp-content\/uploads\/2025\/10\/SAVE_20251006_221555-768x133.jpg 768w, https:\/\/newsinfoco.com.br\/inicio\/wp-content\/uploads\/2025\/10\/SAVE_20251006_221555-600x104.jpg 600w, https:\/\/newsinfoco.com.br\/inicio\/wp-content\/uploads\/2025\/10\/SAVE_20251006_221555-696x120.jpg 696w, https:\/\/newsinfoco.com.br\/inicio\/wp-content\/uploads\/2025\/10\/SAVE_20251006_221555-1068x185.jpg 1068w\" sizes=\"(max-width: 1140px) 100vw, 1140px\" width=\"1140\" height=\"197\"   \/><\/a><\/div>\n<p style=\"text-align: justify;\">A investiga\u00e7\u00e3o mira em suposto esquema de \u201crachadinha\u201d no gabinete do parlamentar na Assembleia Legislativa do Rio, quando ele era deputado estadual. Est\u00e3o sendo investigados crimes de peculato, lavagem de dinheiro, oculta\u00e7\u00e3o de patrim\u00f4nio e organiza\u00e7\u00e3o criminosa. As informa\u00e7\u00f5es s\u00e3o do BRPol\u00edtico, blog do Estad\u00e3o.<\/p>\n<div class='share-to-whatsapp-wrapper'><div class='share-on-whsp'>Share on: <\/div><a data-text='Fl\u00e1vio desafia MP: \u2018Por que n\u00e3o me denunciou ainda?\u2019' data-link='https:\/\/newsinfoco.com.br\/inicio\/flavio-desafia-mp-por-que-nao-me-denunciou-ainda\/' class='whatsapp-button whatsapp-share'>WhatsApp<\/a><div class='clear '><\/div><\/div>","protected":false},"excerpt":{"rendered":"<p>Ap\u00f3s sua defesa entrar com habeas corpus no Supremo Tribunal Federal, o senador Fl\u00e1vio Bolsonaro (sem partido-RJ) desafiou o Minist\u00e9rio P\u00fablico a apresentar uma den\u00fancia contra ele como prova de que ele teria cometido irregularidades. \u201cSe tem tudo comprovado, tem a convic\u00e7\u00e3o de que eu tenho algum problema, por que (o MP) n\u00e3o denunciou ainda? [&hellip;]<\/p>\n","protected":false},"author":1,"featured_media":19499,"comment_status":"open","ping_status":"open","sticky":false,"template":"","format":"standard","meta":{"om_disable_all_campaigns":false,"_exactmetrics_skip_tracking":false,"_exactmetrics_sitenote_active":false,"_exactmetrics_sitenote_note":"","_exactmetrics_sitenote_category":0,"footnotes":""},"categories":[21,30],"tags":[],"class_list":["post-19498","post","type-post","status-publish","format-standard","has-post-thumbnail","hentry","category-brasil","category-destaque"],"aioseo_notices":[],"_links":{"self":[{"href":"https:\/\/newsinfoco.com.br\/inicio\/wp-json\/wp\/v2\/posts\/19498","targetHints":{"allow":["GET"]}}],"collection":[{"href":"https:\/\/newsinfoco.com.br\/inicio\/wp-json\/wp\/v2\/posts"}],"about":[{"href":"https:\/\/newsinfoco.com.br\/inicio\/wp-json\/wp\/v2\/types\/post"}],"author":[{"embeddable":true,"href":"https:\/\/newsinfoco.com.br\/inicio\/wp-json\/wp\/v2\/users\/1"}],"replies":[{"embeddable":true,"href":"https:\/\/newsinfoco.com.br\/inicio\/wp-json\/wp\/v2\/comments?post=19498"}],"version-history":[{"count":0,"href":"https:\/\/newsinfoco.com.br\/inicio\/wp-json\/wp\/v2\/posts\/19498\/revisions"}],"wp:featuredmedia":[{"embeddable":true,"href":"https:\/\/newsinfoco.com.br\/inicio\/wp-json\/wp\/v2\/media\/19499"}],"wp:attachment":[{"href":"https:\/\/newsinfoco.com.br\/inicio\/wp-json\/wp\/v2\/media?parent=19498"}],"wp:term":[{"taxonomy":"category","embeddable":true,"href":"https:\/\/newsinfoco.com.br\/inicio\/wp-json\/wp\/v2\/categories?post=19498"},{"taxonomy":"post_tag","embeddable":true,"href":"https:\/\/newsinfoco.com.br\/inicio\/wp-json\/wp\/v2\/tags?post=19498"}],"curies":[{"name":"wp","href":"https:\/\/api.w.org\/{rel}","templated":true}]}}