{"id":19507,"date":"2019-12-19T19:51:11","date_gmt":"2019-12-19T22:51:11","guid":{"rendered":"http:\/\/newsinfoco.com.br\/?p=19507"},"modified":"2019-12-19T19:51:11","modified_gmt":"2019-12-19T22:51:11","slug":"acusado-de-ajudar-rui-neto-diz-nao-ver-incoerencia-em-petista-fazer-reforma-da-previdencia","status":"publish","type":"post","link":"https:\/\/newsinfoco.com.br\/inicio\/acusado-de-ajudar-rui-neto-diz-nao-ver-incoerencia-em-petista-fazer-reforma-da-previdencia\/","title":{"rendered":"Acusado de ajudar Rui, Neto diz n\u00e3o ver incoer\u00eancia em petista fazer reforma da Previd\u00eancia"},"content":{"rendered":"<p style=\"text-align: justify;\">Acusado de ter instru\u00eddo deputados da sua base para ajudar os poucos presentes em plen\u00e1rio ontem na Assembleia Legislativa da Bahia a aprovar a prioridade para tramita\u00e7\u00e3o da Proposta de Emenda \u00e0 Constitui\u00e7\u00e3o (PEC) n\u00b0 157\/2019, do Executivo estadual, que altera o regime de previd\u00eancia dos servidores p\u00fablicos estaduais, o prefeito ACM Neto, presidente nacional do DEM, admitiu n\u00e3o haver nenhuma incoer\u00eancia em o PT assumir a necessidade de implementar a reforma.<\/p>\n<p style=\"text-align: justify;\">\u201cO que existe \u00e9 uma vis\u00e3o comum da necessidade, a partir principalmente do que aconteceu esse ano no Congresso Nacional, de que a Bahia e Salvador fa\u00e7am a reforma da Previd\u00eancia. A gente n\u00e3o tem como manter um discurso l\u00e1 e outra aqui, eu n\u00e3o vou cair nessa, n\u00e3o serei incoerente, se meus advers\u00e1rios s\u00e3o incoerentes \u00e9 outra hist\u00f3ria. Para mim est\u00e1 claro qual \u00e9 o posicionamento do governador \u00e0 medida que mandou a reforma assumindo a necessidade de fazer a reforma e isso obviamente elimina qualquer movimento e retira qualquer discurso o contr\u00e1rio. O que temos agora \u00e9 o PT da Bahia assumindo a necessidade de se fazer a reforma que n\u00f3s defendemos l\u00e1 e n\u00e3o h\u00e1 nenhuma incoer\u00eancia nisso e da nossa parte h\u00e1 uma posi\u00e7\u00e3o de maturidade, responsabilidade\u201d, admitiu, ponderando, entretanto, que pelo que sabe essa tem\u00e1tica s\u00f3 ser\u00e1 deliberada em 2020.<\/p><div class=\"newsi-conteudo_19\" id=\"newsi-492712461\"><a href=\"https:\/\/www.instagram.com\/prefeituraalagoinhas?igsh=YzgzdDJ1bWR3aWI4\" aria-label=\"SAVE_20251006_221555\"><img loading=\"lazy\" decoding=\"async\" src=\"https:\/\/newsinfoco.com.br\/inicio\/wp-content\/uploads\/2025\/10\/SAVE_20251006_221555-rotated.jpg\" alt=\"\"  srcset=\"https:\/\/newsinfoco.com.br\/inicio\/wp-content\/uploads\/2025\/10\/SAVE_20251006_221555-rotated.jpg 1140w, https:\/\/newsinfoco.com.br\/inicio\/wp-content\/uploads\/2025\/10\/SAVE_20251006_221555-300x52.jpg 300w, https:\/\/newsinfoco.com.br\/inicio\/wp-content\/uploads\/2025\/10\/SAVE_20251006_221555-1024x177.jpg 1024w, https:\/\/newsinfoco.com.br\/inicio\/wp-content\/uploads\/2025\/10\/SAVE_20251006_221555-768x133.jpg 768w, https:\/\/newsinfoco.com.br\/inicio\/wp-content\/uploads\/2025\/10\/SAVE_20251006_221555-600x104.jpg 600w, https:\/\/newsinfoco.com.br\/inicio\/wp-content\/uploads\/2025\/10\/SAVE_20251006_221555-696x120.jpg 696w, https:\/\/newsinfoco.com.br\/inicio\/wp-content\/uploads\/2025\/10\/SAVE_20251006_221555-1068x185.jpg 1068w\" sizes=\"(max-width: 1140px) 100vw, 1140px\" width=\"1140\" height=\"197\"   \/><\/a><\/div>\n<p style=\"text-align: justify;\">\u201cOportunidade em que os deputados estaduais ter\u00e3o a oportunidade de discutir os detalhes, fazer o debate desta emenda constitucional\u201d, arrematou com naturalidade. Com a vota\u00e7\u00e3o da prioridade por acordo de l\u00edderes, o processo de tramita\u00e7\u00e3o da PEC da previd\u00eancia ser\u00e1 encurtado em 50%. A expectativa \u00e9 de que o projeto esteja aprovado no dia 21 de janeiro em sess\u00e3o extraordin\u00e1ria, j\u00e1 que at\u00e9 o dia 3 de fevereiro a Casa permanece em recesso, funcionando apenas em regime de \u201cturn\u00e3o\u201d. Segundo deputado da Oposi\u00e7\u00e3o ouvido pelo Pol\u00edtica Livre, Neto se envolveu no processo porque tem o interesse em aprovar projeto semelhante na C\u00e2mara Municipal de Salvador (CMS), com o aval da bancada oposicionista.<\/p>\n<div class='share-to-whatsapp-wrapper'><div class='share-on-whsp'>Share on: <\/div><a data-text='Acusado de ajudar Rui, Neto diz n\u00e3o ver incoer\u00eancia em petista fazer reforma da Previd\u00eancia' data-link='https:\/\/newsinfoco.com.br\/inicio\/acusado-de-ajudar-rui-neto-diz-nao-ver-incoerencia-em-petista-fazer-reforma-da-previdencia\/' class='whatsapp-button whatsapp-share'>WhatsApp<\/a><div class='clear '><\/div><\/div>","protected":false},"excerpt":{"rendered":"<p>Acusado de ter instru\u00eddo deputados da sua base para ajudar os poucos presentes em plen\u00e1rio ontem na Assembleia Legislativa da Bahia a aprovar a prioridade para tramita\u00e7\u00e3o da Proposta de Emenda \u00e0 Constitui\u00e7\u00e3o (PEC) n\u00b0 157\/2019, do Executivo estadual, que altera o regime de previd\u00eancia dos servidores p\u00fablicos estaduais, o prefeito ACM Neto, presidente nacional [&hellip;]<\/p>\n","protected":false},"author":1,"featured_media":17975,"comment_status":"open","ping_status":"open","sticky":false,"template":"","format":"standard","meta":{"om_disable_all_campaigns":false,"_exactmetrics_skip_tracking":false,"_exactmetrics_sitenote_active":false,"_exactmetrics_sitenote_note":"","_exactmetrics_sitenote_category":0,"footnotes":""},"categories":[19,30],"tags":[],"class_list":["post-19507","post","type-post","status-publish","format-standard","has-post-thumbnail","hentry","category-bahia","category-destaque"],"aioseo_notices":[],"_links":{"self":[{"href":"https:\/\/newsinfoco.com.br\/inicio\/wp-json\/wp\/v2\/posts\/19507","targetHints":{"allow":["GET"]}}],"collection":[{"href":"https:\/\/newsinfoco.com.br\/inicio\/wp-json\/wp\/v2\/posts"}],"about":[{"href":"https:\/\/newsinfoco.com.br\/inicio\/wp-json\/wp\/v2\/types\/post"}],"author":[{"embeddable":true,"href":"https:\/\/newsinfoco.com.br\/inicio\/wp-json\/wp\/v2\/users\/1"}],"replies":[{"embeddable":true,"href":"https:\/\/newsinfoco.com.br\/inicio\/wp-json\/wp\/v2\/comments?post=19507"}],"version-history":[{"count":0,"href":"https:\/\/newsinfoco.com.br\/inicio\/wp-json\/wp\/v2\/posts\/19507\/revisions"}],"wp:featuredmedia":[{"embeddable":true,"href":"https:\/\/newsinfoco.com.br\/inicio\/wp-json\/wp\/v2\/media\/17975"}],"wp:attachment":[{"href":"https:\/\/newsinfoco.com.br\/inicio\/wp-json\/wp\/v2\/media?parent=19507"}],"wp:term":[{"taxonomy":"category","embeddable":true,"href":"https:\/\/newsinfoco.com.br\/inicio\/wp-json\/wp\/v2\/categories?post=19507"},{"taxonomy":"post_tag","embeddable":true,"href":"https:\/\/newsinfoco.com.br\/inicio\/wp-json\/wp\/v2\/tags?post=19507"}],"curies":[{"name":"wp","href":"https:\/\/api.w.org\/{rel}","templated":true}]}}