{"id":19509,"date":"2019-12-19T19:53:43","date_gmt":"2019-12-19T22:53:43","guid":{"rendered":"http:\/\/newsinfoco.com.br\/?p=19509"},"modified":"2019-12-19T19:53:43","modified_gmt":"2019-12-19T22:53:43","slug":"nao-tenho-nada-a-ver-com-isso-diz-bolsonaro-sobre-suspeitas-contra-filho-flavio","status":"publish","type":"post","link":"https:\/\/newsinfoco.com.br\/inicio\/nao-tenho-nada-a-ver-com-isso-diz-bolsonaro-sobre-suspeitas-contra-filho-flavio\/","title":{"rendered":"\u2018N\u00e3o tenho nada a ver com isso\u2019, diz Bolsonaro sobre suspeitas contra filho Fl\u00e1vio"},"content":{"rendered":"<p style=\"text-align: justify;\">O presidente Jair Bolsonaro (sem partido) minimizou, nesta quinta-feira (19), a opera\u00e7\u00e3o realizada um dia antes pelo Minist\u00e9rio P\u00fablico do Rio de Janeiro com foco em seu filho mais velho, o senador Fl\u00e1vio (sem partido-RJ). E disse n\u00e3o ter nada a ver com as suspeitas contra o filho e seus ex-assessores. A Promotoria aponta suspeitas sobre um policial militar, uma loja de chocolate e im\u00f3veis de Fl\u00e1vio Bolsonaro como meios para lavagem de dinheiro da suposta \u201crachadinha\u201d no gabinete dele na Assembleia Legislativa de 2007 a 2018. A pr\u00e1tica da \u201crachadinha\u201d consiste em coagir servidores a devolver parte do sal\u00e1rio para os deputados.<\/p>\n<p style=\"text-align: justify;\">Na entrada do Pal\u00e1cio do Alvorada, onde parou para cumprimentar simpatizantes, o presidente inicialmente se negou a comentar a investiga\u00e7\u00e3o. Depois, disse n\u00e3o ter nada a ver com o caso. \u201cO Brasil \u00e9 muito maior do que pequenos problemas. Eu falo por mim. Problemas meus podem perguntar que eu respondo. Dos outros, n\u00e3o tenho nada a ver com isso\u201d, disse, ao recomendar que a imprensa procure o advogado do filho.<\/p><div class=\"newsi-conteudo_19\" id=\"newsi-3382869219\"><a href=\"https:\/\/www.instagram.com\/prefeituraalagoinhas?igsh=YzgzdDJ1bWR3aWI4\" aria-label=\"SAVE_20251006_221555\"><img loading=\"lazy\" decoding=\"async\" src=\"https:\/\/newsinfoco.com.br\/inicio\/wp-content\/uploads\/2025\/10\/SAVE_20251006_221555-rotated.jpg\" alt=\"\"  srcset=\"https:\/\/newsinfoco.com.br\/inicio\/wp-content\/uploads\/2025\/10\/SAVE_20251006_221555-rotated.jpg 1140w, https:\/\/newsinfoco.com.br\/inicio\/wp-content\/uploads\/2025\/10\/SAVE_20251006_221555-300x52.jpg 300w, https:\/\/newsinfoco.com.br\/inicio\/wp-content\/uploads\/2025\/10\/SAVE_20251006_221555-1024x177.jpg 1024w, https:\/\/newsinfoco.com.br\/inicio\/wp-content\/uploads\/2025\/10\/SAVE_20251006_221555-768x133.jpg 768w, https:\/\/newsinfoco.com.br\/inicio\/wp-content\/uploads\/2025\/10\/SAVE_20251006_221555-600x104.jpg 600w, https:\/\/newsinfoco.com.br\/inicio\/wp-content\/uploads\/2025\/10\/SAVE_20251006_221555-696x120.jpg 696w, https:\/\/newsinfoco.com.br\/inicio\/wp-content\/uploads\/2025\/10\/SAVE_20251006_221555-1068x185.jpg 1068w\" sizes=\"(max-width: 1140px) 100vw, 1140px\" width=\"1140\" height=\"197\"   \/><\/a><\/div>\n<p style=\"text-align: justify;\">O piv\u00f4 da investiga\u00e7\u00e3o \u00e9 Fabr\u00edcio Queiroz, policial militar aposentado que era assessor de Fl\u00e1vio. A origem da rela\u00e7\u00e3o de Queiroz com a fam\u00edlia Bolsonaro \u00e9 o presidente da Rep\u00fablica. Os dois se conhecem desde 1984 e pescavam juntos em Angra dos Reis. Queiroz depositou R$ 24 mil na conta da primeira-dama Michelle Bolsonaro em 2016. O presidente afirma se tratar de parte da quita\u00e7\u00e3o de um empr\u00e9stimo de R$ 40 mil.<\/p>\n<p style=\"text-align: justify;\">Nesta quinta, o presidente citou investiga\u00e7\u00f5es e apura\u00e7\u00f5es contra ele que, na opini\u00e3o dele, foram injustas. Ele lembrou, por exemplo, quando foi acusado de racismo, inqu\u00e9rito que acabou arquivado pelo STF (Supremo Tribunal Federal). Bolsonaro tamb\u00e9m ressaltou depoimento citando seu nome como parte do inqu\u00e9rito da Pol\u00edcia Civil do Rio de Janeiro sobre a morte da vereadora Marielle Franco (PSOL). O porteiro do condom\u00ednio do presidente, que havia feito refer\u00eancia a seu nome, depois corrigiu o depoimento.<\/p>\n<p style=\"text-align: justify;\">O presidente foi, ent\u00e3o, questionado se insinuava que o Minist\u00e9rio P\u00fablico estava perseguindo Fl\u00e1vio. Como resposta, citou o governador do Rio de Janeiro, Wilson Witzel, seu advers\u00e1rio pol\u00edtico. Segundo ele, uma grava\u00e7\u00e3o, identificada pela intelig\u00eancia do governo, tentou relacion\u00e1-lo a atividades de mil\u00edcias. Bolsonaro n\u00e3o explicou, no entanto, sobre que \u00e1udio fazia refer\u00eancia. \u201cVoc\u00eas sabem o caso Witzel, que foi amplamente divulgado. A intelig\u00eancia levantou. J\u00e1 foram gravadas conversas de dois marginais usando meu nome para dizer que sou miliciano\u201d, disse.<\/p>\n<p style=\"text-align: justify;\">Um dia antes, agentes do Minist\u00e9rio P\u00fablico cumpriram 24 mandados de busca e apreens\u00e3o ligados \u00e0 apura\u00e7\u00e3o sobre a pr\u00e1tica de \u201crachadinha\u201d no antigo gabinete de Fl\u00e1vio. Est\u00e3o sendo investigados crimes de peculato, lavagem de dinheiro, oculta\u00e7\u00e3o de patrim\u00f4nio e organiza\u00e7\u00e3o criminosa. A opera\u00e7\u00e3o ocorreu ap\u00f3s quase 2 anos do in\u00edcio das investiga\u00e7\u00f5es contra Fabr\u00edcio Queiroz, policial militar aposentado que foi assessor de Fl\u00e1vio de 2007 a 2018 e cujas movimenta\u00e7\u00f5es financeiras at\u00edpicas estenderam as suspeitas ao filho mais velho do presidente Jair Bolsonaro.<\/p>\n<p style=\"text-align: justify;\">Em 2019, ap\u00f3s pedido de Fl\u00e1vio, as apura\u00e7\u00f5es do caso chegaram a ser suspensas a partir de julho por liminar (decis\u00e3o provis\u00f3ria) do presidente do STF (Supremo Tribunal Federal), Dias Toffoli. Ap\u00f3s decis\u00e3o do plen\u00e1rio da corte, foram retomadas neste m\u00eas. A apura\u00e7\u00e3o sobre Fl\u00e1vio come\u00e7ou em janeiro de 2018. O antigo Coaf, \u00f3rg\u00e3o federal hoje rebatizado de UIF (Unidade de Intelig\u00eancia Financeira) e ligado ao Banco Central, enviou na \u00e9poca espontaneamente um relat\u00f3rio indicando movimenta\u00e7\u00e3o financeira at\u00edpica de Queiroz de R$ 1,2 milh\u00e3o de janeiro de 2016 a janeiro de 2017.<\/p>\n<p style=\"text-align: justify;\">Al\u00e9m do volume movimentado, chamou a aten\u00e7\u00e3o a forma com que as opera\u00e7\u00f5es se davam: dep\u00f3sitos e saques em dinheiro vivo em datas pr\u00f3ximas do pagamento de servidores da Assembleia Legislativa do Rio. Queiroz afirmou que recebia parte dos valores dos sal\u00e1rios dos colegas de gabinete. Ele diz que usava esse dinheiro para remunerar assessores informais de Fl\u00e1vio, sem conhecimento do ent\u00e3o deputado estadual. A sua defesa, contudo, nunca apontou os benefici\u00e1rios finais dos valores. Queiroz tamb\u00e9m passou a ser uma dor de cabe\u00e7a para a fam\u00edlia presidencial para al\u00e9m da quest\u00e3o financeira. Foi o PM aposentado quem indicou duas parentes do ex-capit\u00e3o Adriano da N\u00f3brega para ocupar cargos no gabinete de Fl\u00e1vio na Assembleia. O ex-PM \u00e9 acusado de comandar uma das mil\u00edcias mais violentas da cidade e \u00e9 considerado foragido h\u00e1 quase um ano.<\/p>\n<div class='share-to-whatsapp-wrapper'><div class='share-on-whsp'>Share on: <\/div><a data-text='\u2018N\u00e3o tenho nada a ver com isso\u2019, diz Bolsonaro sobre suspeitas contra filho Fl\u00e1vio' data-link='https:\/\/newsinfoco.com.br\/inicio\/nao-tenho-nada-a-ver-com-isso-diz-bolsonaro-sobre-suspeitas-contra-filho-flavio\/' class='whatsapp-button whatsapp-share'>WhatsApp<\/a><div class='clear '><\/div><\/div>","protected":false},"excerpt":{"rendered":"<p>O presidente Jair Bolsonaro (sem partido) minimizou, nesta quinta-feira (19), a opera\u00e7\u00e3o realizada um dia antes pelo Minist\u00e9rio P\u00fablico do Rio de Janeiro com foco em seu filho mais velho, o senador Fl\u00e1vio (sem partido-RJ). E disse n\u00e3o ter nada a ver com as suspeitas contra o filho e seus ex-assessores. A Promotoria aponta suspeitas [&hellip;]<\/p>\n","protected":false},"author":1,"featured_media":15605,"comment_status":"open","ping_status":"open","sticky":false,"template":"","format":"standard","meta":{"om_disable_all_campaigns":false,"_exactmetrics_skip_tracking":false,"_exactmetrics_sitenote_active":false,"_exactmetrics_sitenote_note":"","_exactmetrics_sitenote_category":0,"footnotes":""},"categories":[21,30],"tags":[],"class_list":["post-19509","post","type-post","status-publish","format-standard","has-post-thumbnail","hentry","category-brasil","category-destaque"],"aioseo_notices":[],"_links":{"self":[{"href":"https:\/\/newsinfoco.com.br\/inicio\/wp-json\/wp\/v2\/posts\/19509","targetHints":{"allow":["GET"]}}],"collection":[{"href":"https:\/\/newsinfoco.com.br\/inicio\/wp-json\/wp\/v2\/posts"}],"about":[{"href":"https:\/\/newsinfoco.com.br\/inicio\/wp-json\/wp\/v2\/types\/post"}],"author":[{"embeddable":true,"href":"https:\/\/newsinfoco.com.br\/inicio\/wp-json\/wp\/v2\/users\/1"}],"replies":[{"embeddable":true,"href":"https:\/\/newsinfoco.com.br\/inicio\/wp-json\/wp\/v2\/comments?post=19509"}],"version-history":[{"count":0,"href":"https:\/\/newsinfoco.com.br\/inicio\/wp-json\/wp\/v2\/posts\/19509\/revisions"}],"wp:featuredmedia":[{"embeddable":true,"href":"https:\/\/newsinfoco.com.br\/inicio\/wp-json\/wp\/v2\/media\/15605"}],"wp:attachment":[{"href":"https:\/\/newsinfoco.com.br\/inicio\/wp-json\/wp\/v2\/media?parent=19509"}],"wp:term":[{"taxonomy":"category","embeddable":true,"href":"https:\/\/newsinfoco.com.br\/inicio\/wp-json\/wp\/v2\/categories?post=19509"},{"taxonomy":"post_tag","embeddable":true,"href":"https:\/\/newsinfoco.com.br\/inicio\/wp-json\/wp\/v2\/tags?post=19509"}],"curies":[{"name":"wp","href":"https:\/\/api.w.org\/{rel}","templated":true}]}}