{"id":19523,"date":"2019-12-20T18:40:51","date_gmt":"2019-12-20T21:40:51","guid":{"rendered":"http:\/\/newsinfoco.com.br\/?p=19523"},"modified":"2019-12-20T18:49:06","modified_gmt":"2019-12-20T21:49:06","slug":"em-entrevista-ao-programa-primeira-mao-roberto-torres-anuncia-nova-emenda-coletiva-de-vereadores-para-instalacao-de-cameras-de-videomonitoramento-em-alagoinhas","status":"publish","type":"post","link":"https:\/\/newsinfoco.com.br\/inicio\/em-entrevista-ao-programa-primeira-mao-roberto-torres-anuncia-nova-emenda-coletiva-de-vereadores-para-instalacao-de-cameras-de-videomonitoramento-em-alagoinhas\/","title":{"rendered":"Em entrevista ao programa Primeira M\u00e3o, Roberto Torres anuncia nova emenda coletiva de vereadores para instala\u00e7\u00e3o de c\u00e2meras de videomonitoramento em Alagoinhas"},"content":{"rendered":"<p style=\"text-align: justify;\">O presidente da C\u00e2mara de Vereadores de Alagoinhas, Roberto Torres, esteve no programa Primeira M\u00e3o para comentar as atividades do legislativo municipal em 2019, nesta quinta-feira(19). Ele acaba de sair de uma vota\u00e7\u00e3o da Lei Or\u00e7ament\u00e1ria Anual(LOA) de Alagoinhas \u2013 LOA \u2013 destacando a destina\u00e7\u00e3o de R$ 300 mil, em emenda coletiva dos vereadores, para a implanta\u00e7\u00e3o de mais c\u00e2meras de videomonitoramento no munic\u00edpio, desta vez nas sa\u00eddas da cidade. Lembrando que na LOA do ano passado, os vereadores tamb\u00e9m destinaram uma emenda coletiva, no valor de R$ 500 mil, para aquisi\u00e7\u00e3o de c\u00e2meras de videomonitoramento a serem instaladas no centro da cidade.<\/p>\n<p style=\"text-align: justify;\">Roberto mencionou que esse foi um ano de trabalhos intensos com a realiza\u00e7\u00e3o de 78 sess\u00f5es ordin\u00e1rias, 18 extraordin\u00e1rias e v\u00e1rias audi\u00eancias p\u00fablicas. Colocou a quest\u00e3o das emendas impositivas n\u00e3o cumpridas pelo prefeito Joaquim Neto, que pode sofrer desdobramento judicial, assim como ocorreu com o governo do estado, que foi processado pelo deputado Prisco por n\u00e3o executar suas emendas.<\/p><div class=\"newsi-conteudo_19\" id=\"newsi-4189185602\"><a href=\"https:\/\/www.instagram.com\/prefeituraalagoinhas?igsh=YzgzdDJ1bWR3aWI4\" aria-label=\"SAVE_20251006_221555\"><img loading=\"lazy\" decoding=\"async\" src=\"https:\/\/newsinfoco.com.br\/inicio\/wp-content\/uploads\/2025\/10\/SAVE_20251006_221555-rotated.jpg\" alt=\"\"  srcset=\"https:\/\/newsinfoco.com.br\/inicio\/wp-content\/uploads\/2025\/10\/SAVE_20251006_221555-rotated.jpg 1140w, https:\/\/newsinfoco.com.br\/inicio\/wp-content\/uploads\/2025\/10\/SAVE_20251006_221555-300x52.jpg 300w, https:\/\/newsinfoco.com.br\/inicio\/wp-content\/uploads\/2025\/10\/SAVE_20251006_221555-1024x177.jpg 1024w, https:\/\/newsinfoco.com.br\/inicio\/wp-content\/uploads\/2025\/10\/SAVE_20251006_221555-768x133.jpg 768w, https:\/\/newsinfoco.com.br\/inicio\/wp-content\/uploads\/2025\/10\/SAVE_20251006_221555-600x104.jpg 600w, https:\/\/newsinfoco.com.br\/inicio\/wp-content\/uploads\/2025\/10\/SAVE_20251006_221555-696x120.jpg 696w, https:\/\/newsinfoco.com.br\/inicio\/wp-content\/uploads\/2025\/10\/SAVE_20251006_221555-1068x185.jpg 1068w\" sizes=\"(max-width: 1140px) 100vw, 1140px\" width=\"1140\" height=\"197\"   \/><\/a><\/div>\n<p style=\"text-align: justify;\">Roberto Torres deu mais detalhes sobre a contrata\u00e7\u00e3o de carros de aluguel para o servi\u00e7o do vereador e sobre a cota de gasolina. O que se questiona em rela\u00e7\u00e3o a isso \u00e9 se o vereador, com esses incentivos, voltaria a fazer o velho clientelismo do passado, especialmente na \u00e1rea de sa\u00fade. Foram R$ 430 mil gastos em 10 meses, valor que, se devolvido ao executivo, poderia se adquirir v\u00e1rias ambul\u00e2ncias, como mencionou o pr\u00e9-candidato a prefeitura de Alagoinhas pelo PDT, Tonho Barreto, em entrevista concedida anteriormente no mesmo Primeira M\u00e3o.<\/p>\n<p style=\"text-align: justify;\">Segundo Roberto, s\u00e3o consumidos 400 litros de gasolina\/m\u00eas o que por baixo daria para rodar 4.000 km, uma viagem mensal para S\u00e3o Paulo. Torres disse que tudo est\u00e1 sendo feito com crit\u00e9rio por meio de licita\u00e7\u00e3o e que as contas da C\u00e2mara de Vereadores, em sua gest\u00e3o, encontram-se rigorosamente em dias.<\/p>\n<p style=\"text-align: justify;\">Sobre as noticias de bastidores de que o governo municipal planeja enviar um novo pedido de empr\u00e9stimo \u00e0 C\u00e2mara, desta vez junto ao Desenbahia, num valor em torno de R$30 milh\u00f5es, o presidente disse que n\u00e3o recebeu nenhuma proposta oficial e que por isso n\u00e3o pode se manifestar. No meio do ano, Roberto Torres foi respons\u00e1vel por arquivar um projeto de empr\u00e9stimo do governo. Na \u00e9poca, em entrevista ao programa Primeira M\u00e3o, ele havia justificado a decis\u00e3o dizendo que n\u00e3o havia consist\u00eancia na proposta, ou seja, n\u00e3o havia proposta detalhadas com objetivos, justificativas, estudo de impacto, or\u00e7amento, nada que caracterizasse um projeto.<\/p>\n<p style=\"text-align: justify;\">Quanto \u00e0 pr\u00f3xima elei\u00e7\u00e3o, em que \u00e9 um dos pr\u00e9-candidatos a prefeitura de Alagoinhas, mesmo n\u00e3o estando entre os nomes tradicionais da disputa, ele se mostrou confiante citando v\u00e1rios candidatos que n\u00e3o eram tido como favoritos e ganharam as elei\u00e7\u00f5es, como Jo\u00e3o D\u00f3rea para prefeito de S\u00e3o Paulo e Romeu Zema e Witzel como governadores.<\/p>\n<p style=\"text-align: justify;\">Ele mant\u00e9m sua pr\u00e9-candidatura, afinal tem hist\u00f3rico pol\u00edtico para isso. Muitas vezes presidente da C\u00e2mara de Vereadores, com bom poder de articula\u00e7\u00e3o e o respons\u00e1vel maior pela constru\u00e7\u00e3o pr\u00e9dio que a abriga. Al\u00e9m disso, pesquisas mostram que 50% do eleitorado resiste em apoiar as antigas figuras da pol\u00edtica local, abrindo espa\u00e7o para vit\u00f3ria de um novo nome.<\/p>\n<p><iframe loading=\"lazy\" title=\"Roberto Torres fala sobre a produ\u00e7\u00e3o da Camara de Alagoinhas em 2019 e de sua Pr\u00e9 Candidatura\" width=\"696\" height=\"392\" src=\"https:\/\/www.youtube.com\/embed\/T_YkLaYHMFc?start=140&#038;feature=oembed\" frameborder=\"0\" allow=\"accelerometer; autoplay; encrypted-media; gyroscope; picture-in-picture\" allowfullscreen><\/iframe><\/p>\n<p style=\"text-align: right;\">Por Paulo Dias com a colabora\u00e7\u00e3o de Caio Pimenta para o News Infoco<\/p>\n<div class='share-to-whatsapp-wrapper'><div class='share-on-whsp'>Share on: <\/div><a data-text='Em entrevista ao programa Primeira M\u00e3o, Roberto Torres anuncia nova emenda coletiva de vereadores para instala\u00e7\u00e3o de c\u00e2meras de videomonitoramento em Alagoinhas' data-link='https:\/\/newsinfoco.com.br\/inicio\/em-entrevista-ao-programa-primeira-mao-roberto-torres-anuncia-nova-emenda-coletiva-de-vereadores-para-instalacao-de-cameras-de-videomonitoramento-em-alagoinhas\/' class='whatsapp-button whatsapp-share'>WhatsApp<\/a><div class='clear '><\/div><\/div>","protected":false},"excerpt":{"rendered":"<p>O presidente da C\u00e2mara de Vereadores de Alagoinhas, Roberto Torres, esteve no programa Primeira M\u00e3o para comentar as atividades do legislativo municipal em 2019, nesta quinta-feira(19). Ele acaba de sair de uma vota\u00e7\u00e3o da Lei Or\u00e7ament\u00e1ria Anual(LOA) de Alagoinhas \u2013 LOA \u2013 destacando a destina\u00e7\u00e3o de R$ 300 mil, em emenda coletiva dos vereadores, para [&hellip;]<\/p>\n","protected":false},"author":1,"featured_media":15442,"comment_status":"open","ping_status":"open","sticky":false,"template":"","format":"standard","meta":{"om_disable_all_campaigns":false,"_exactmetrics_skip_tracking":false,"_exactmetrics_sitenote_active":false,"_exactmetrics_sitenote_note":"","_exactmetrics_sitenote_category":0,"footnotes":""},"categories":[38,30],"tags":[],"class_list":["post-19523","post","type-post","status-publish","format-standard","has-post-thumbnail","hentry","category-alagoinhas-e-regiao","category-destaque"],"aioseo_notices":[],"_links":{"self":[{"href":"https:\/\/newsinfoco.com.br\/inicio\/wp-json\/wp\/v2\/posts\/19523","targetHints":{"allow":["GET"]}}],"collection":[{"href":"https:\/\/newsinfoco.com.br\/inicio\/wp-json\/wp\/v2\/posts"}],"about":[{"href":"https:\/\/newsinfoco.com.br\/inicio\/wp-json\/wp\/v2\/types\/post"}],"author":[{"embeddable":true,"href":"https:\/\/newsinfoco.com.br\/inicio\/wp-json\/wp\/v2\/users\/1"}],"replies":[{"embeddable":true,"href":"https:\/\/newsinfoco.com.br\/inicio\/wp-json\/wp\/v2\/comments?post=19523"}],"version-history":[{"count":0,"href":"https:\/\/newsinfoco.com.br\/inicio\/wp-json\/wp\/v2\/posts\/19523\/revisions"}],"wp:featuredmedia":[{"embeddable":true,"href":"https:\/\/newsinfoco.com.br\/inicio\/wp-json\/wp\/v2\/media\/15442"}],"wp:attachment":[{"href":"https:\/\/newsinfoco.com.br\/inicio\/wp-json\/wp\/v2\/media?parent=19523"}],"wp:term":[{"taxonomy":"category","embeddable":true,"href":"https:\/\/newsinfoco.com.br\/inicio\/wp-json\/wp\/v2\/categories?post=19523"},{"taxonomy":"post_tag","embeddable":true,"href":"https:\/\/newsinfoco.com.br\/inicio\/wp-json\/wp\/v2\/tags?post=19523"}],"curies":[{"name":"wp","href":"https:\/\/api.w.org\/{rel}","templated":true}]}}