{"id":19528,"date":"2019-12-20T19:57:45","date_gmt":"2019-12-20T22:57:45","guid":{"rendered":"http:\/\/newsinfoco.com.br\/?p=19528"},"modified":"2019-12-20T19:57:45","modified_gmt":"2019-12-20T22:57:45","slug":"prefeito-assina-2-novas-ordens-de-servico-e-da-inicio-a-uma-serie-de-obras-fortalecendo-a-atencao-basica","status":"publish","type":"post","link":"https:\/\/newsinfoco.com.br\/inicio\/prefeito-assina-2-novas-ordens-de-servico-e-da-inicio-a-uma-serie-de-obras-fortalecendo-a-atencao-basica\/","title":{"rendered":"Prefeito assina 2 novas ordens de servi\u00e7o e d\u00e1 in\u00edcio a uma s\u00e9rie de obras, fortalecendo a Aten\u00e7\u00e3o B\u00e1sica"},"content":{"rendered":"<p style=\"text-align: justify;\">Depois de autorizar o in\u00edcio da reforma e amplia\u00e7\u00e3o da USF Nova Bras\u00edlia, esta semana, o prefeito Joaquim Neto assina, na segunda-feira (23), \u00e0s 8h, a ordem de servi\u00e7o para a reforma da Unidade de Sa\u00fade da Fam\u00edlia Santa Terezinha\/Nova Rep\u00fablica. No mesmo dia, \u00e0s 19h, o Chefe do Executivo Municipal assina tamb\u00e9m o documento para a constru\u00e7\u00e3o da Unidade B\u00e1sica de Sa\u00fade da Baixa da Candeia, atendendo a uma solicita\u00e7\u00e3o antiga da comunidade.<\/p>\n<p style=\"text-align: justify;\">A a\u00e7\u00e3o n\u00e3o \u00e9 isolada. O munic\u00edpio tem intensificado atendimentos, investido em revitaliza\u00e7\u00f5es totais de unidades e na qualifica\u00e7\u00e3o da assist\u00eancia \u00e0 popula\u00e7\u00e3o. Os n\u00fameros apontam para avan\u00e7os significativos: de acordo com o Minist\u00e9rio da Sa\u00fade, em 2016, Alagoinhas tinha, em m\u00e9dia, 60% de cobertura em Aten\u00e7\u00e3o B\u00e1sica. Em 2019, o munic\u00edpio saltou para 77,77%.<\/p><div class=\"newsi-conteudo_19\" id=\"newsi-1463215097\"><a href=\"https:\/\/www.instagram.com\/prefeituraalagoinhas?igsh=YzgzdDJ1bWR3aWI4\" aria-label=\"SAVE_20251006_221555\"><img loading=\"lazy\" decoding=\"async\" src=\"https:\/\/newsinfoco.com.br\/inicio\/wp-content\/uploads\/2025\/10\/SAVE_20251006_221555-rotated.jpg\" alt=\"\"  srcset=\"https:\/\/newsinfoco.com.br\/inicio\/wp-content\/uploads\/2025\/10\/SAVE_20251006_221555-rotated.jpg 1140w, https:\/\/newsinfoco.com.br\/inicio\/wp-content\/uploads\/2025\/10\/SAVE_20251006_221555-300x52.jpg 300w, https:\/\/newsinfoco.com.br\/inicio\/wp-content\/uploads\/2025\/10\/SAVE_20251006_221555-1024x177.jpg 1024w, https:\/\/newsinfoco.com.br\/inicio\/wp-content\/uploads\/2025\/10\/SAVE_20251006_221555-768x133.jpg 768w, https:\/\/newsinfoco.com.br\/inicio\/wp-content\/uploads\/2025\/10\/SAVE_20251006_221555-600x104.jpg 600w, https:\/\/newsinfoco.com.br\/inicio\/wp-content\/uploads\/2025\/10\/SAVE_20251006_221555-696x120.jpg 696w, https:\/\/newsinfoco.com.br\/inicio\/wp-content\/uploads\/2025\/10\/SAVE_20251006_221555-1068x185.jpg 1068w\" sizes=\"(max-width: 1140px) 100vw, 1140px\" width=\"1140\" height=\"197\"   \/><\/a><\/div>\n<p style=\"text-align: justify;\">As Equipes de Sa\u00fade da Fam\u00edlia tamb\u00e9m foram ampliadas. Ao todo, 27 ESF atendiam \u00e0s unidades; agora, s\u00e3o 34 equipes atuando nos postos de Alagoinhas. Segundo a secret\u00e1ria municipal de sa\u00fade, Rosania Rabelo, o trabalho cont\u00ednuo \u00e9 uma forma de diminuir as dist\u00e2ncias entre os profissionais e a popula\u00e7\u00e3o, fazendo com que o atendimento de qualidade chegue efetivamente ao mun\u00edcipe.<\/p>\n<p style=\"text-align: justify;\">As obras que ser\u00e3o iniciadas t\u00eam recursos vinculados a emendas parlamentares e ao Minist\u00e9rio da Sa\u00fade.<\/p>\n<p style=\"text-align: justify;\"><strong>Servi\u00e7o<\/strong><br \/>\n<strong>ASSINATURA DA ORDEM DE SERVI\u00c7O \u2013 REFORMA DA USF SANTA TEREZINHA\/NOVA\u00a0REP\u00daBLICA<\/strong><br \/>\n<strong>Data:<\/strong>\u00a023\/12\/2019<br \/>\n<strong>Hor\u00e1rio:<\/strong>\u00a08h<br \/>\n<strong>Local:<\/strong>\u00a0Unidade de Sa\u00fade da Fam\u00edlia Santa Terezinha\/Nova Bras\u00edlia<\/p>\n<p style=\"text-align: justify;\"><strong>ASSINATURA DA ORDEM DE SERVI\u00c7O \u2013 CONSTRU\u00c7\u00c3O DA UBS BAIXA DA CANDEIA<\/strong><br \/>\n<strong>Data:\u00a0<\/strong>23\/12\/2019<br \/>\n<strong>Hor\u00e1rio:<\/strong>\u00a019h<br \/>\n<strong>Local:\u00a0<\/strong>Sede da Associa\u00e7\u00e3o dos Moradores da Baixa da Candeia<\/p>\n<p>\u00a0 \u00a0 \u00a0 \u00a0 \u00a0 \u00a0 \u00a0 \u00a0 \u00a0 \u00a0 \u00a0 \u00a0 \u00a0 \u00a0 \u00a0 \u00a0 \u00a0 \u00a0 \u00a0 \u00a0 \u00a0 \u00a0 \u00a0 \u00a0 \u00a0 SECOM ALAGOINHAS<\/p>\n<div class='share-to-whatsapp-wrapper'><div class='share-on-whsp'>Share on: <\/div><a data-text='Prefeito assina 2 novas ordens de servi\u00e7o e d\u00e1 in\u00edcio a uma s\u00e9rie de obras, fortalecendo a Aten\u00e7\u00e3o B\u00e1sica' data-link='https:\/\/newsinfoco.com.br\/inicio\/prefeito-assina-2-novas-ordens-de-servico-e-da-inicio-a-uma-serie-de-obras-fortalecendo-a-atencao-basica\/' class='whatsapp-button whatsapp-share'>WhatsApp<\/a><div class='clear '><\/div><\/div>","protected":false},"excerpt":{"rendered":"<p>Depois de autorizar o in\u00edcio da reforma e amplia\u00e7\u00e3o da USF Nova Bras\u00edlia, esta semana, o prefeito Joaquim Neto assina, na segunda-feira (23), \u00e0s 8h, a ordem de servi\u00e7o para a reforma da Unidade de Sa\u00fade da Fam\u00edlia Santa Terezinha\/Nova Rep\u00fablica. No mesmo dia, \u00e0s 19h, o Chefe do Executivo Municipal assina tamb\u00e9m o documento [&hellip;]<\/p>\n","protected":false},"author":1,"featured_media":19255,"comment_status":"open","ping_status":"open","sticky":false,"template":"","format":"standard","meta":{"om_disable_all_campaigns":false,"_exactmetrics_skip_tracking":false,"_exactmetrics_sitenote_active":false,"_exactmetrics_sitenote_note":"","_exactmetrics_sitenote_category":0,"footnotes":""},"categories":[38,30],"tags":[],"class_list":["post-19528","post","type-post","status-publish","format-standard","has-post-thumbnail","hentry","category-alagoinhas-e-regiao","category-destaque"],"aioseo_notices":[],"_links":{"self":[{"href":"https:\/\/newsinfoco.com.br\/inicio\/wp-json\/wp\/v2\/posts\/19528","targetHints":{"allow":["GET"]}}],"collection":[{"href":"https:\/\/newsinfoco.com.br\/inicio\/wp-json\/wp\/v2\/posts"}],"about":[{"href":"https:\/\/newsinfoco.com.br\/inicio\/wp-json\/wp\/v2\/types\/post"}],"author":[{"embeddable":true,"href":"https:\/\/newsinfoco.com.br\/inicio\/wp-json\/wp\/v2\/users\/1"}],"replies":[{"embeddable":true,"href":"https:\/\/newsinfoco.com.br\/inicio\/wp-json\/wp\/v2\/comments?post=19528"}],"version-history":[{"count":0,"href":"https:\/\/newsinfoco.com.br\/inicio\/wp-json\/wp\/v2\/posts\/19528\/revisions"}],"wp:featuredmedia":[{"embeddable":true,"href":"https:\/\/newsinfoco.com.br\/inicio\/wp-json\/wp\/v2\/media\/19255"}],"wp:attachment":[{"href":"https:\/\/newsinfoco.com.br\/inicio\/wp-json\/wp\/v2\/media?parent=19528"}],"wp:term":[{"taxonomy":"category","embeddable":true,"href":"https:\/\/newsinfoco.com.br\/inicio\/wp-json\/wp\/v2\/categories?post=19528"},{"taxonomy":"post_tag","embeddable":true,"href":"https:\/\/newsinfoco.com.br\/inicio\/wp-json\/wp\/v2\/tags?post=19528"}],"curies":[{"name":"wp","href":"https:\/\/api.w.org\/{rel}","templated":true}]}}