{"id":19532,"date":"2019-12-20T20:08:04","date_gmt":"2019-12-20T23:08:04","guid":{"rendered":"http:\/\/newsinfoco.com.br\/?p=19532"},"modified":"2019-12-20T20:08:04","modified_gmt":"2019-12-20T23:08:04","slug":"completando-50-anos-de-carreira-luiz-caldas-se-apresenta-na-virada-cultural-de-alagoinhas","status":"publish","type":"post","link":"https:\/\/newsinfoco.com.br\/inicio\/completando-50-anos-de-carreira-luiz-caldas-se-apresenta-na-virada-cultural-de-alagoinhas\/","title":{"rendered":"Completando 50 anos de carreira, Luiz Caldas se apresenta na Virada Cultural de Alagoinhas"},"content":{"rendered":"<p style=\"text-align: justify;\">O pai da Ax\u00e9 Music, que se aproxima do seu 50\u00b0 carnaval e j\u00e1 soma 110 discos lan\u00e7ados, \u00e9 atra\u00e7\u00e3o confirmada na 3\u00aa edi\u00e7\u00e3o da Virada Cultural de Alagoinhas.<\/p>\n<p style=\"text-align: justify;\">Luiz Caldas sobe ao palco da Pra\u00e7a Conselheiro Rui Barbosa neste s\u00e1bado (21), a partir das 22h30, e promete um show emblem\u00e1tico com uma mescla de grandes sucessos da carreira e can\u00e7\u00f5es dos novos \u00e1lbuns.<\/p><div class=\"newsi-conteudo_19\" id=\"newsi-1352095684\"><a href=\"https:\/\/www.instagram.com\/prefeituraalagoinhas?igsh=YzgzdDJ1bWR3aWI4\" aria-label=\"SAVE_20251006_221555\"><img loading=\"lazy\" decoding=\"async\" src=\"https:\/\/newsinfoco.com.br\/inicio\/wp-content\/uploads\/2025\/10\/SAVE_20251006_221555-rotated.jpg\" alt=\"\"  srcset=\"https:\/\/newsinfoco.com.br\/inicio\/wp-content\/uploads\/2025\/10\/SAVE_20251006_221555-rotated.jpg 1140w, https:\/\/newsinfoco.com.br\/inicio\/wp-content\/uploads\/2025\/10\/SAVE_20251006_221555-300x52.jpg 300w, https:\/\/newsinfoco.com.br\/inicio\/wp-content\/uploads\/2025\/10\/SAVE_20251006_221555-1024x177.jpg 1024w, https:\/\/newsinfoco.com.br\/inicio\/wp-content\/uploads\/2025\/10\/SAVE_20251006_221555-768x133.jpg 768w, https:\/\/newsinfoco.com.br\/inicio\/wp-content\/uploads\/2025\/10\/SAVE_20251006_221555-600x104.jpg 600w, https:\/\/newsinfoco.com.br\/inicio\/wp-content\/uploads\/2025\/10\/SAVE_20251006_221555-696x120.jpg 696w, https:\/\/newsinfoco.com.br\/inicio\/wp-content\/uploads\/2025\/10\/SAVE_20251006_221555-1068x185.jpg 1068w\" sizes=\"(max-width: 1140px) 100vw, 1140px\" width=\"1140\" height=\"197\"   \/><\/a><\/div>\n<p style=\"text-align: justify;\">A apresenta\u00e7\u00e3o do cantor, compositor e multi-instrumentista leva os hits da m\u00fasica baiana para a pra\u00e7a p\u00fablica, e o clima \u00e9 comemorativo: \u00e0s v\u00e9speras de completar 50 anos de carreira, o artista que construiu uma hist\u00f3ria sem precedentes relembra can\u00e7\u00f5es que ganharam as ruas de Salvador, da Bahia e os palcos de todo o pa\u00eds. O show \u00e9 gratuito e comp\u00f5e a grade da Virada Cultural de Alagoinhas, promovida pela Prefeitura, com apoio do Conselho Municipal de Cultura.<\/p>\n<p style=\"text-align: justify;\">No mesmo dia, sobem ao palco Hiran, Ro\u00e7a Sound, DJ Kamani e outros artistas. No total, s\u00e3o quase 30 horas de programa\u00e7\u00e3o, entre os dias 21 e 22 de dezembro.<\/p>\n<p>\u00a0 \u00a0 \u00a0 \u00a0 \u00a0 \u00a0 \u00a0 \u00a0 \u00a0 \u00a0 \u00a0 \u00a0 \u00a0 \u00a0 \u00a0 \u00a0 \u00a0 \u00a0 \u00a0 \u00a0 \u00a0 \u00a0SECOM ALAGOINHAS<\/p>\n<div class='share-to-whatsapp-wrapper'><div class='share-on-whsp'>Share on: <\/div><a data-text='Completando 50 anos de carreira, Luiz Caldas se apresenta na Virada Cultural de Alagoinhas' data-link='https:\/\/newsinfoco.com.br\/inicio\/completando-50-anos-de-carreira-luiz-caldas-se-apresenta-na-virada-cultural-de-alagoinhas\/' class='whatsapp-button whatsapp-share'>WhatsApp<\/a><div class='clear '><\/div><\/div>","protected":false},"excerpt":{"rendered":"<p>O pai da Ax\u00e9 Music, que se aproxima do seu 50\u00b0 carnaval e j\u00e1 soma 110 discos lan\u00e7ados, \u00e9 atra\u00e7\u00e3o confirmada na 3\u00aa edi\u00e7\u00e3o da Virada Cultural de Alagoinhas. Luiz Caldas sobe ao palco da Pra\u00e7a Conselheiro Rui Barbosa neste s\u00e1bado (21), a partir das 22h30, e promete um show emblem\u00e1tico com uma mescla de [&hellip;]<\/p>\n","protected":false},"author":1,"featured_media":19533,"comment_status":"open","ping_status":"open","sticky":false,"template":"","format":"standard","meta":{"om_disable_all_campaigns":false,"_exactmetrics_skip_tracking":false,"_exactmetrics_sitenote_active":false,"_exactmetrics_sitenote_note":"","_exactmetrics_sitenote_category":0,"footnotes":""},"categories":[38,30],"tags":[],"class_list":["post-19532","post","type-post","status-publish","format-standard","has-post-thumbnail","hentry","category-alagoinhas-e-regiao","category-destaque"],"aioseo_notices":[],"_links":{"self":[{"href":"https:\/\/newsinfoco.com.br\/inicio\/wp-json\/wp\/v2\/posts\/19532","targetHints":{"allow":["GET"]}}],"collection":[{"href":"https:\/\/newsinfoco.com.br\/inicio\/wp-json\/wp\/v2\/posts"}],"about":[{"href":"https:\/\/newsinfoco.com.br\/inicio\/wp-json\/wp\/v2\/types\/post"}],"author":[{"embeddable":true,"href":"https:\/\/newsinfoco.com.br\/inicio\/wp-json\/wp\/v2\/users\/1"}],"replies":[{"embeddable":true,"href":"https:\/\/newsinfoco.com.br\/inicio\/wp-json\/wp\/v2\/comments?post=19532"}],"version-history":[{"count":0,"href":"https:\/\/newsinfoco.com.br\/inicio\/wp-json\/wp\/v2\/posts\/19532\/revisions"}],"wp:featuredmedia":[{"embeddable":true,"href":"https:\/\/newsinfoco.com.br\/inicio\/wp-json\/wp\/v2\/media\/19533"}],"wp:attachment":[{"href":"https:\/\/newsinfoco.com.br\/inicio\/wp-json\/wp\/v2\/media?parent=19532"}],"wp:term":[{"taxonomy":"category","embeddable":true,"href":"https:\/\/newsinfoco.com.br\/inicio\/wp-json\/wp\/v2\/categories?post=19532"},{"taxonomy":"post_tag","embeddable":true,"href":"https:\/\/newsinfoco.com.br\/inicio\/wp-json\/wp\/v2\/tags?post=19532"}],"curies":[{"name":"wp","href":"https:\/\/api.w.org\/{rel}","templated":true}]}}