{"id":19538,"date":"2019-12-20T20:20:05","date_gmt":"2019-12-20T23:20:05","guid":{"rendered":"http:\/\/newsinfoco.com.br\/?p=19538"},"modified":"2019-12-20T20:20:05","modified_gmt":"2019-12-20T23:20:05","slug":"prefeitura-de-alagoinhas-tem-contas-aprovadas-pelo-tcm-2","status":"publish","type":"post","link":"https:\/\/newsinfoco.com.br\/inicio\/prefeitura-de-alagoinhas-tem-contas-aprovadas-pelo-tcm-2\/","title":{"rendered":"Prefeitura de Alagoinhas tem contas aprovadas pelo TCM"},"content":{"rendered":"<p style=\"text-align: justify;\">O prefeito Joaquim Neto teve as contas referentes ao exerc\u00edcio de 2018 da Prefeitura de Alagoinhas aprovadas pelo Tribunal de Contas dos Munic\u00edpios da Bahia (TCM\/BA). A sess\u00e3o aconteceu nesta quinta-feira (19).<\/p>\n<p style=\"text-align: justify;\">O relat\u00f3rio t\u00e9cnico apontou o uso equilibrado dos recursos p\u00fablicos, atestando o compromisso da gest\u00e3o municipal com a legalidade, o controle e a transpar\u00eancia p\u00fablica.<\/p><div class=\"newsi-conteudo_19\" id=\"newsi-1393945846\"><a href=\"https:\/\/www.instagram.com\/prefeituraalagoinhas?igsh=YzgzdDJ1bWR3aWI4\" aria-label=\"SAVE_20251006_221555\"><img loading=\"lazy\" decoding=\"async\" src=\"https:\/\/newsinfoco.com.br\/inicio\/wp-content\/uploads\/2025\/10\/SAVE_20251006_221555-rotated.jpg\" alt=\"\"  srcset=\"https:\/\/newsinfoco.com.br\/inicio\/wp-content\/uploads\/2025\/10\/SAVE_20251006_221555-rotated.jpg 1140w, https:\/\/newsinfoco.com.br\/inicio\/wp-content\/uploads\/2025\/10\/SAVE_20251006_221555-300x52.jpg 300w, https:\/\/newsinfoco.com.br\/inicio\/wp-content\/uploads\/2025\/10\/SAVE_20251006_221555-1024x177.jpg 1024w, https:\/\/newsinfoco.com.br\/inicio\/wp-content\/uploads\/2025\/10\/SAVE_20251006_221555-768x133.jpg 768w, https:\/\/newsinfoco.com.br\/inicio\/wp-content\/uploads\/2025\/10\/SAVE_20251006_221555-600x104.jpg 600w, https:\/\/newsinfoco.com.br\/inicio\/wp-content\/uploads\/2025\/10\/SAVE_20251006_221555-696x120.jpg 696w, https:\/\/newsinfoco.com.br\/inicio\/wp-content\/uploads\/2025\/10\/SAVE_20251006_221555-1068x185.jpg 1068w\" sizes=\"(max-width: 1140px) 100vw, 1140px\" width=\"1140\" height=\"197\"   \/><\/a><\/div>\n<p style=\"text-align: justify;\">O prefeito aplicou 25,68% dos recursos espec\u00edficos na manuten\u00e7\u00e3o e desenvolvimento do ensino, quando o m\u00ednimo \u00e9 de 25%; 20,51% nas a\u00e7\u00f5es e servi\u00e7os de sa\u00fade, sendo o m\u00ednimo de 15% e 77,91% dos recursos do Fundeb na remunera\u00e7\u00e3o dos profissionais do magist\u00e9rio. A despesa total com pessoal correspondeu a 51,20% da receita corrente l\u00edquida, atendendo, portanto, ao limite de 54% previsto na Lei de Responsabilidade Fiscal.<\/p>\n<p style=\"text-align: justify;\">O Portal da Transpar\u00eancia da Prefeitura de Alagoinhas foi novamente destaque no parecer t\u00e9cnico do \u00f3rg\u00e3o, alcan\u00e7ando a nota de 9,65, em uma escala de 0 a 10. Na avalia\u00e7\u00e3o do TCM referente \u00e0 2017 \u2013 primeiro ano da gest\u00e3o Joaquim Neto \u2013, a nota de transpar\u00eancia subiu de 2,20 para 8,47 pontos. Com a nota 9,65, Alagoinhas atinge uma marca nunca antes alcan\u00e7ada na hist\u00f3ria do munic\u00edpio e figura entre uma das cidades mais bem avaliadas do estado<\/p>\n<p style=\"text-align: justify;\">Alagoinhas alcan\u00e7ou, ainda, o 6\u00ba lugar no ranking estadual do \u00cdndice FIRJAN de Gest\u00e3o Fiscal (IFGF) de 2019 (ano-base 2018), segundo ano da atual gest\u00e3o. O \u00edndice analisa, entre outros quesitos, se os munic\u00edpios possuem capacidade para financiar sua estrutura administrativa, o n\u00edvel de gastos com pessoal, o cumprimento de suas obriga\u00e7\u00f5es financeiras e os investimentos aplicados nos diversos setores que impactam diretamente na popula\u00e7\u00e3o, como educa\u00e7\u00e3o, sa\u00fade, assist\u00eancia social e infraestrutura.<\/p>\n<p>\u00a0 \u00a0 \u00a0 \u00a0 \u00a0 \u00a0 \u00a0 \u00a0 \u00a0 \u00a0 \u00a0 \u00a0 \u00a0 \u00a0 \u00a0 \u00a0 \u00a0 \u00a0 \u00a0 \u00a0 \u00a0 SECOM ALAGOINHAS<\/p>\n<div class='share-to-whatsapp-wrapper'><div class='share-on-whsp'>Share on: <\/div><a data-text='Prefeitura de Alagoinhas tem contas aprovadas pelo TCM' data-link='https:\/\/newsinfoco.com.br\/inicio\/prefeitura-de-alagoinhas-tem-contas-aprovadas-pelo-tcm-2\/' class='whatsapp-button whatsapp-share'>WhatsApp<\/a><div class='clear '><\/div><\/div>","protected":false},"excerpt":{"rendered":"<p>O prefeito Joaquim Neto teve as contas referentes ao exerc\u00edcio de 2018 da Prefeitura de Alagoinhas aprovadas pelo Tribunal de Contas dos Munic\u00edpios da Bahia (TCM\/BA). A sess\u00e3o aconteceu nesta quinta-feira (19). O relat\u00f3rio t\u00e9cnico apontou o uso equilibrado dos recursos p\u00fablicos, atestando o compromisso da gest\u00e3o municipal com a legalidade, o controle e a [&hellip;]<\/p>\n","protected":false},"author":1,"featured_media":19539,"comment_status":"open","ping_status":"open","sticky":false,"template":"","format":"standard","meta":{"om_disable_all_campaigns":false,"_exactmetrics_skip_tracking":false,"_exactmetrics_sitenote_active":false,"_exactmetrics_sitenote_note":"","_exactmetrics_sitenote_category":0,"footnotes":""},"categories":[38,30],"tags":[],"class_list":["post-19538","post","type-post","status-publish","format-standard","has-post-thumbnail","hentry","category-alagoinhas-e-regiao","category-destaque"],"aioseo_notices":[],"_links":{"self":[{"href":"https:\/\/newsinfoco.com.br\/inicio\/wp-json\/wp\/v2\/posts\/19538","targetHints":{"allow":["GET"]}}],"collection":[{"href":"https:\/\/newsinfoco.com.br\/inicio\/wp-json\/wp\/v2\/posts"}],"about":[{"href":"https:\/\/newsinfoco.com.br\/inicio\/wp-json\/wp\/v2\/types\/post"}],"author":[{"embeddable":true,"href":"https:\/\/newsinfoco.com.br\/inicio\/wp-json\/wp\/v2\/users\/1"}],"replies":[{"embeddable":true,"href":"https:\/\/newsinfoco.com.br\/inicio\/wp-json\/wp\/v2\/comments?post=19538"}],"version-history":[{"count":0,"href":"https:\/\/newsinfoco.com.br\/inicio\/wp-json\/wp\/v2\/posts\/19538\/revisions"}],"wp:featuredmedia":[{"embeddable":true,"href":"https:\/\/newsinfoco.com.br\/inicio\/wp-json\/wp\/v2\/media\/19539"}],"wp:attachment":[{"href":"https:\/\/newsinfoco.com.br\/inicio\/wp-json\/wp\/v2\/media?parent=19538"}],"wp:term":[{"taxonomy":"category","embeddable":true,"href":"https:\/\/newsinfoco.com.br\/inicio\/wp-json\/wp\/v2\/categories?post=19538"},{"taxonomy":"post_tag","embeddable":true,"href":"https:\/\/newsinfoco.com.br\/inicio\/wp-json\/wp\/v2\/tags?post=19538"}],"curies":[{"name":"wp","href":"https:\/\/api.w.org\/{rel}","templated":true}]}}