{"id":19541,"date":"2019-12-20T20:25:06","date_gmt":"2019-12-20T23:25:06","guid":{"rendered":"http:\/\/newsinfoco.com.br\/?p=19541"},"modified":"2019-12-20T20:38:47","modified_gmt":"2019-12-20T23:38:47","slug":"bolsonaro-ataca-reporter-apos-pergunta-sobre-queiroz-voce-tem-uma-cara-de-homossexual-terrivel","status":"publish","type":"post","link":"https:\/\/newsinfoco.com.br\/inicio\/bolsonaro-ataca-reporter-apos-pergunta-sobre-queiroz-voce-tem-uma-cara-de-homossexual-terrivel\/","title":{"rendered":"Bolsonaro ataca rep\u00f3rter ap\u00f3s pergunta sobre Queiroz: \u2018Voc\u00ea tem uma cara de homossexual terr\u00edvel\u2019"},"content":{"rendered":"<p style=\"text-align: justify;\">O presidente Jair Bolsonaro reagiu com agressividade nesta sexta-feira (20) ao ser questionado pela imprensa sobre as suspeitas em torno do gabinete de seu filho Fl\u00e1vio Bolsonaro quando esse era deputado estadual na Assembleia Legislativa do Rio.<\/p>\n<p style=\"text-align: justify;\">O piv\u00f4 da investiga\u00e7\u00e3o \u00e9 Fabr\u00edcio Queiroz, policial militar aposentado que era assessor de Fl\u00e1vio. A origem da rela\u00e7\u00e3o de Queiroz com a fam\u00edlia Bolsonaro \u00e9 o presidente da Rep\u00fablica. Os dois se conhecem desde 1984 e pescavam juntos em Angra dos Reis.<\/p><div class=\"newsi-conteudo_19\" id=\"newsi-937440649\"><a href=\"https:\/\/www.instagram.com\/prefeituraalagoinhas?igsh=YzgzdDJ1bWR3aWI4\" aria-label=\"SAVE_20251006_221555\"><img loading=\"lazy\" decoding=\"async\" src=\"https:\/\/newsinfoco.com.br\/inicio\/wp-content\/uploads\/2025\/10\/SAVE_20251006_221555-rotated.jpg\" alt=\"\"  srcset=\"https:\/\/newsinfoco.com.br\/inicio\/wp-content\/uploads\/2025\/10\/SAVE_20251006_221555-rotated.jpg 1140w, https:\/\/newsinfoco.com.br\/inicio\/wp-content\/uploads\/2025\/10\/SAVE_20251006_221555-300x52.jpg 300w, https:\/\/newsinfoco.com.br\/inicio\/wp-content\/uploads\/2025\/10\/SAVE_20251006_221555-1024x177.jpg 1024w, https:\/\/newsinfoco.com.br\/inicio\/wp-content\/uploads\/2025\/10\/SAVE_20251006_221555-768x133.jpg 768w, https:\/\/newsinfoco.com.br\/inicio\/wp-content\/uploads\/2025\/10\/SAVE_20251006_221555-600x104.jpg 600w, https:\/\/newsinfoco.com.br\/inicio\/wp-content\/uploads\/2025\/10\/SAVE_20251006_221555-696x120.jpg 696w, https:\/\/newsinfoco.com.br\/inicio\/wp-content\/uploads\/2025\/10\/SAVE_20251006_221555-1068x185.jpg 1068w\" sizes=\"(max-width: 1140px) 100vw, 1140px\" width=\"1140\" height=\"197\"   \/><\/a><\/div>\n<p style=\"text-align: justify;\">Queiroz depositou R$ 24 mil na conta da primeira-dama Michelle Bolsonaro em 2016. O presidente afirma se tratar de parte da quita\u00e7\u00e3o de um empr\u00e9stimo de R$ 40 mil.<\/p>\n<p style=\"text-align: justify;\">Na manh\u00e3 desta sexta-feira, ao ser questionado se teria comprovante do empr\u00e9stimo que diz ter feito a Queiroz, o presidente respondeu a um rep\u00f3rter do jornal O Globo: \u201cOh rapaz, pergunta para a tua m\u00e3e o comprovante que ela deu para o teu pai, t\u00e1 certo?\u201d<\/p>\n<p style=\"text-align: justify;\">A entrevista de Bolsonaro em frente ao Pal\u00e1cio da Alvorada foi marcada por hostilidades e provoca\u00e7\u00f5es aos jornalistas presentes, tanto por parte do mandat\u00e1rio quanto por parte de um grupo de apoiadores que o saudava no local.<\/p>\n<p style=\"text-align: justify;\">O mesmo rep\u00f3rter perguntou em seguida sobre os desdobramentos da investiga\u00e7\u00e3o do Minist\u00e9rio P\u00fablico do Rio sobre Fl\u00e1vio. Bolsonaro respondeu mais uma vez de forma agressiva: \u201cVoc\u00ea tem uma cara de homossexual terr\u00edvel, nem por isso eu te acuso de ser homossexual. Se bem que n\u00e3o \u00e9 crime ser homossexual\u201d, retrucou o presidente.<\/p>\n<p style=\"text-align: justify;\">Neste ano, o STF (Supremo Tribunal Federal) concluiu julgamento que enquadrou a homofobia e a transfobia na lei dos crimes de racismo at\u00e9 que o Congresso Nacional aprove uma legisla\u00e7\u00e3o sobre o tema.<\/p>\n<p style=\"text-align: justify;\">Hoje Bolsonaro nega que seja homof\u00f3bico e contra os gays. Em 2011, ainda como deputado, disse o seguinte: \u201cSeria incapaz de amar um filho homossexual. N\u00e3o vou dar uma de hip\u00f3crita aqui. Prefiro que um filho meu morra num acidente do que apare\u00e7a com um bigodudo por a\u00ed.\u201d<\/p>\n<p style=\"text-align: justify;\">O Minist\u00e9rio P\u00fablico do Rio afirma que Fl\u00e1vio lavou at\u00e9 R$ 2,3 milh\u00f5es com transa\u00e7\u00f5es imobili\u00e1rias e com sua loja de chocolates em um shopping da Barra da Tijuca, zona oeste da cidade. As opera\u00e7\u00f5es tiveram como semelhan\u00e7a o uso de grande quantidade de dinheiro vivo.<\/p>\n<p style=\"text-align: justify;\">Para a Promotoria, a origem desses recursos em esp\u00e9cie \u00e9 o esquema de \u201crachadinha\u201d no antigo gabinete do senador na Assembleia, operado por Queiroz.<\/p>\n<p style=\"text-align: justify;\">Sobre uma das suspeitas, Bolsonaro repetiu o filho, disse que \u201cningu\u00e9m lava dinheiro em franquia\u201d e atacou o MP estadual, o juiz do caso e o governador do Rio, Wilson Witzel. \u201cAs franquias s\u00e3o controladas, n\u00e3o \u00e9 o cara abre a franquia e a matriz abandona. Ningu\u00e9m lava dinheiro em franquia\u201d, declarou o presidente.<\/p>\n<p style=\"text-align: justify;\">A Kopenhagen afirmou, em nota, que n\u00e3o realiza \u201cnenhum tipo de auditoria fiscal com seus franqueados, que s\u00e3o pessoas jur\u00eddicas totalmente independentes da franqueadora\u201d.<\/p>\n<p style=\"text-align: justify;\">\u201cA marca afirma que possui um amplo manual de normas e procedimentos operacionais, j\u00e1 que preza a padroniza\u00e7\u00e3o de toda a rede de franquias e a garantia de qualidade. Esses aspectos operacionais s\u00e3o auditados pelo grupo a fim de preservar os atributos do ponto de venda, mantendo a excel\u00eancia dos processos\u201d, diz a nota da empresa.<\/p>\n<p style=\"text-align: justify;\">Ainda nesta sexta-feira, ao se referir aos altos valores apontados pelo MP-RJ, Bolsonaro comparou seu filho ao jogador de futebol Neymar.<\/p>\n<p style=\"text-align: justify;\">\u201cAcusaram ele tamb\u00e9m de estar ganhando mais na casa de chocolate. Quem leva mais cliente \u2014e ele leva um mont\u00e3o de gente importante pra l\u00e1\u2014 ganha mais. \u00c9 a mesma coisa de chegar para o Neymar [e perguntar]: \u2018Por que ele est\u00e1 ganhando mais do que os outros jogadores?\u2019 Porque ele \u00e9 mais importante. N\u00e3o \u00e9 comunismo.\u201d<\/p>\n<p style=\"text-align: justify;\">A exemplo de Fl\u00e1vio, o presidente atacou o juiz do caso, Fl\u00e1vio Itabaiana, pelo fato de o magistrado ter uma filha trabalhando na Secretaria Estadual da Casa Civil.<\/p>\n<p style=\"text-align: justify;\">\u201cVoc\u00ea j\u00e1 viu o Minist\u00e9rio do P\u00fablico do Rio de Janeiro investigar qualquer pessoa ou ato de corrup\u00e7\u00e3o, qualquer deslize de agente p\u00fablico do estado? \u00c9 o estado mais corrupto do Brasil. Voc\u00eas perguntaram para o governador Witzel por que a filha do juiz Itabaiana est\u00e1 empregada com ele? E pelo o que parece, n\u00e3o vou atestar aqui, \u00e9 funcion\u00e1ria fantasma. J\u00e1 foram em cima do Minist\u00e9rio P\u00fablica para ver se vai investigar o Witzel?\u201d<\/p>\n<div class='share-to-whatsapp-wrapper'><div class='share-on-whsp'>Share on: <\/div><a data-text='Bolsonaro ataca rep\u00f3rter ap\u00f3s pergunta sobre Queiroz: \u2018Voc\u00ea tem uma cara de homossexual terr\u00edvel\u2019' data-link='https:\/\/newsinfoco.com.br\/inicio\/bolsonaro-ataca-reporter-apos-pergunta-sobre-queiroz-voce-tem-uma-cara-de-homossexual-terrivel\/' class='whatsapp-button whatsapp-share'>WhatsApp<\/a><div class='clear '><\/div><\/div>","protected":false},"excerpt":{"rendered":"<p>O presidente Jair Bolsonaro reagiu com agressividade nesta sexta-feira (20) ao ser questionado pela imprensa sobre as suspeitas em torno do gabinete de seu filho Fl\u00e1vio Bolsonaro quando esse era deputado estadual na Assembleia Legislativa do Rio. O piv\u00f4 da investiga\u00e7\u00e3o \u00e9 Fabr\u00edcio Queiroz, policial militar aposentado que era assessor de Fl\u00e1vio. A origem da [&hellip;]<\/p>\n","protected":false},"author":1,"featured_media":19331,"comment_status":"open","ping_status":"open","sticky":false,"template":"","format":"standard","meta":{"om_disable_all_campaigns":false,"_exactmetrics_skip_tracking":false,"_exactmetrics_sitenote_active":false,"_exactmetrics_sitenote_note":"","_exactmetrics_sitenote_category":0,"footnotes":""},"categories":[21,30],"tags":[],"class_list":["post-19541","post","type-post","status-publish","format-standard","has-post-thumbnail","hentry","category-brasil","category-destaque"],"aioseo_notices":[],"_links":{"self":[{"href":"https:\/\/newsinfoco.com.br\/inicio\/wp-json\/wp\/v2\/posts\/19541","targetHints":{"allow":["GET"]}}],"collection":[{"href":"https:\/\/newsinfoco.com.br\/inicio\/wp-json\/wp\/v2\/posts"}],"about":[{"href":"https:\/\/newsinfoco.com.br\/inicio\/wp-json\/wp\/v2\/types\/post"}],"author":[{"embeddable":true,"href":"https:\/\/newsinfoco.com.br\/inicio\/wp-json\/wp\/v2\/users\/1"}],"replies":[{"embeddable":true,"href":"https:\/\/newsinfoco.com.br\/inicio\/wp-json\/wp\/v2\/comments?post=19541"}],"version-history":[{"count":0,"href":"https:\/\/newsinfoco.com.br\/inicio\/wp-json\/wp\/v2\/posts\/19541\/revisions"}],"wp:featuredmedia":[{"embeddable":true,"href":"https:\/\/newsinfoco.com.br\/inicio\/wp-json\/wp\/v2\/media\/19331"}],"wp:attachment":[{"href":"https:\/\/newsinfoco.com.br\/inicio\/wp-json\/wp\/v2\/media?parent=19541"}],"wp:term":[{"taxonomy":"category","embeddable":true,"href":"https:\/\/newsinfoco.com.br\/inicio\/wp-json\/wp\/v2\/categories?post=19541"},{"taxonomy":"post_tag","embeddable":true,"href":"https:\/\/newsinfoco.com.br\/inicio\/wp-json\/wp\/v2\/tags?post=19541"}],"curies":[{"name":"wp","href":"https:\/\/api.w.org\/{rel}","templated":true}]}}