{"id":19543,"date":"2019-12-20T20:31:02","date_gmt":"2019-12-20T23:31:02","guid":{"rendered":"http:\/\/newsinfoco.com.br\/?p=19543"},"modified":"2019-12-20T20:31:02","modified_gmt":"2019-12-20T23:31:02","slug":"emilio-odebrecht-demite-o-filho-marcelo-da-empresa","status":"publish","type":"post","link":"https:\/\/newsinfoco.com.br\/inicio\/emilio-odebrecht-demite-o-filho-marcelo-da-empresa\/","title":{"rendered":"Emilio Odebrecht demite o filho Marcelo da empresa"},"content":{"rendered":"<p style=\"text-align: justify;\">A Odebrecht acaba de demitir Marcelo Odebrecht, ex-presidente da empresa. A ordem foi de Emilio Odebrecht, pai de Marcelo. Apesar de afastado de qualquer fun\u00e7\u00e3o executiva desde que foi preso em 2015, Marcelo continuava na folha de pagamentos da empresa. Ganhava R$ 115 mil.<\/p>\n<p style=\"text-align: justify;\">De acordo com o jornal O Globo, desde que foi solto ap\u00f3s sua dela\u00e7\u00e3o premiada, Marcelo colocou como sua miss\u00e3o principal destruir aqueles a quem considera os respons\u00e1veis pela derrocada da empresa: seu pai, seu cunhado, Maur\u00edcio Ferro, e alguns executivos.<\/p><div class=\"newsi-conteudo_19\" id=\"newsi-2480950032\"><a href=\"https:\/\/www.instagram.com\/prefeituraalagoinhas?igsh=YzgzdDJ1bWR3aWI4\" aria-label=\"SAVE_20251006_221555\"><img loading=\"lazy\" decoding=\"async\" src=\"https:\/\/newsinfoco.com.br\/inicio\/wp-content\/uploads\/2025\/10\/SAVE_20251006_221555-rotated.jpg\" alt=\"\"  srcset=\"https:\/\/newsinfoco.com.br\/inicio\/wp-content\/uploads\/2025\/10\/SAVE_20251006_221555-rotated.jpg 1140w, https:\/\/newsinfoco.com.br\/inicio\/wp-content\/uploads\/2025\/10\/SAVE_20251006_221555-300x52.jpg 300w, https:\/\/newsinfoco.com.br\/inicio\/wp-content\/uploads\/2025\/10\/SAVE_20251006_221555-1024x177.jpg 1024w, https:\/\/newsinfoco.com.br\/inicio\/wp-content\/uploads\/2025\/10\/SAVE_20251006_221555-768x133.jpg 768w, https:\/\/newsinfoco.com.br\/inicio\/wp-content\/uploads\/2025\/10\/SAVE_20251006_221555-600x104.jpg 600w, https:\/\/newsinfoco.com.br\/inicio\/wp-content\/uploads\/2025\/10\/SAVE_20251006_221555-696x120.jpg 696w, https:\/\/newsinfoco.com.br\/inicio\/wp-content\/uploads\/2025\/10\/SAVE_20251006_221555-1068x185.jpg 1068w\" sizes=\"(max-width: 1140px) 100vw, 1140px\" width=\"1140\" height=\"197\"   \/><\/a><\/div>\n<p style=\"text-align: justify;\">Desde segunda-feira, a guerra interna subiu de patamar com acusa\u00e7\u00f5es m\u00fatuas pela imprensa. Emilio na segunda-feira trocou o presidente, saiu Luciano Guidolin e entrou Ruy Sampaio, um dos executivos em quem mais confia, e deu ordens para que os ataques a Marcelo virassem bombas at\u00f4micas.<\/p>\n<p style=\"text-align: justify;\">Al\u00e9m do sal\u00e1rio, Marcelo perder\u00e1 o motorista que o serve, assim como perder\u00e1 o direito a ter um advogado interno da empresa cuidando de suas encrencas.<\/p>\n<div class='share-to-whatsapp-wrapper'><div class='share-on-whsp'>Share on: <\/div><a data-text='Emilio Odebrecht demite o filho Marcelo da empresa' data-link='https:\/\/newsinfoco.com.br\/inicio\/emilio-odebrecht-demite-o-filho-marcelo-da-empresa\/' class='whatsapp-button whatsapp-share'>WhatsApp<\/a><div class='clear '><\/div><\/div>","protected":false},"excerpt":{"rendered":"<p>A Odebrecht acaba de demitir Marcelo Odebrecht, ex-presidente da empresa. A ordem foi de Emilio Odebrecht, pai de Marcelo. Apesar de afastado de qualquer fun\u00e7\u00e3o executiva desde que foi preso em 2015, Marcelo continuava na folha de pagamentos da empresa. Ganhava R$ 115 mil. De acordo com o jornal O Globo, desde que foi solto [&hellip;]<\/p>\n","protected":false},"author":1,"featured_media":19544,"comment_status":"open","ping_status":"open","sticky":false,"template":"","format":"standard","meta":{"om_disable_all_campaigns":false,"_exactmetrics_skip_tracking":false,"_exactmetrics_sitenote_active":false,"_exactmetrics_sitenote_note":"","_exactmetrics_sitenote_category":0,"footnotes":""},"categories":[21,30],"tags":[],"class_list":["post-19543","post","type-post","status-publish","format-standard","has-post-thumbnail","hentry","category-brasil","category-destaque"],"aioseo_notices":[],"_links":{"self":[{"href":"https:\/\/newsinfoco.com.br\/inicio\/wp-json\/wp\/v2\/posts\/19543","targetHints":{"allow":["GET"]}}],"collection":[{"href":"https:\/\/newsinfoco.com.br\/inicio\/wp-json\/wp\/v2\/posts"}],"about":[{"href":"https:\/\/newsinfoco.com.br\/inicio\/wp-json\/wp\/v2\/types\/post"}],"author":[{"embeddable":true,"href":"https:\/\/newsinfoco.com.br\/inicio\/wp-json\/wp\/v2\/users\/1"}],"replies":[{"embeddable":true,"href":"https:\/\/newsinfoco.com.br\/inicio\/wp-json\/wp\/v2\/comments?post=19543"}],"version-history":[{"count":0,"href":"https:\/\/newsinfoco.com.br\/inicio\/wp-json\/wp\/v2\/posts\/19543\/revisions"}],"wp:featuredmedia":[{"embeddable":true,"href":"https:\/\/newsinfoco.com.br\/inicio\/wp-json\/wp\/v2\/media\/19544"}],"wp:attachment":[{"href":"https:\/\/newsinfoco.com.br\/inicio\/wp-json\/wp\/v2\/media?parent=19543"}],"wp:term":[{"taxonomy":"category","embeddable":true,"href":"https:\/\/newsinfoco.com.br\/inicio\/wp-json\/wp\/v2\/categories?post=19543"},{"taxonomy":"post_tag","embeddable":true,"href":"https:\/\/newsinfoco.com.br\/inicio\/wp-json\/wp\/v2\/tags?post=19543"}],"curies":[{"name":"wp","href":"https:\/\/api.w.org\/{rel}","templated":true}]}}