{"id":19546,"date":"2019-12-21T22:21:49","date_gmt":"2019-12-22T01:21:49","guid":{"rendered":"http:\/\/newsinfoco.com.br\/?p=19546"},"modified":"2019-12-21T22:21:49","modified_gmt":"2019-12-22T01:21:49","slug":"bolsonaro-deseja-feliz-natal-mesmo-sem-carne-para-algumas-pessoas","status":"publish","type":"post","link":"https:\/\/newsinfoco.com.br\/inicio\/bolsonaro-deseja-feliz-natal-mesmo-sem-carne-para-algumas-pessoas\/","title":{"rendered":"Bolsonaro deseja Feliz Natal mesmo sem carne para algumas pessoas"},"content":{"rendered":"<p style=\"text-align: justify;\">O presidente Jair Bolsonaro desejou, neste s\u00e1bado (21), um \u201cFeliz Natal\u201d aos brasileiros, \u201cmesmo sem carne para algumas pessoas\u201d. Segundo o presidente, apesar da falta da prote\u00edna nos pratos, o Brasil segue com \u201cliberdade\u201d e em situa\u00e7\u00e3o econ\u00f4mica melhor que de outros pa\u00edses, como a Venezuela, onde \u201cnem cachorro tem para comer\u201d.<\/p>\n<p style=\"text-align: justify;\">\u201cVamos acreditar no Brasil, pessoal. Feliz Natal \u00e9 um gesto, um simbolismo. Feliz Natal para voc\u00ea, mesmo sem carne para algumas pessoas a\u00ed, mas continua com a liberdade e temos outras op\u00e7\u00f5es. Outros pa\u00edses, que n\u00e3o tomaram a devida provid\u00eancia, as medidas na hora certa, hoje em dia n\u00e3o t\u00eam nem ovo. Nem cachorro tem para comer, na Venezuela\u201d, disse o presidente, mesmo sem trazer evid\u00eancias de que essa situa\u00e7\u00e3o efetivamente ocorra no pa\u00eds vizinho. Bolsonaro deu a declara\u00e7\u00e3o ap\u00f3s jornalistas pedirem que ele enviasse uma mensagem de Natal aos brasileiros. Bolsonaro disse que, \u201cdo cora\u00e7\u00e3o\u201d, quer mudar o Pa\u00eds para melhor e que n\u00e3o h\u00e1 interesse pessoal em suas a\u00e7\u00f5es.<\/p><div class=\"newsi-conteudo_19\" id=\"newsi-2572648297\"><a href=\"https:\/\/www.instagram.com\/prefeituraalagoinhas?igsh=YzgzdDJ1bWR3aWI4\" aria-label=\"SAVE_20251006_221555\"><img loading=\"lazy\" decoding=\"async\" src=\"https:\/\/newsinfoco.com.br\/inicio\/wp-content\/uploads\/2025\/10\/SAVE_20251006_221555-rotated.jpg\" alt=\"\"  srcset=\"https:\/\/newsinfoco.com.br\/inicio\/wp-content\/uploads\/2025\/10\/SAVE_20251006_221555-rotated.jpg 1140w, https:\/\/newsinfoco.com.br\/inicio\/wp-content\/uploads\/2025\/10\/SAVE_20251006_221555-300x52.jpg 300w, https:\/\/newsinfoco.com.br\/inicio\/wp-content\/uploads\/2025\/10\/SAVE_20251006_221555-1024x177.jpg 1024w, https:\/\/newsinfoco.com.br\/inicio\/wp-content\/uploads\/2025\/10\/SAVE_20251006_221555-768x133.jpg 768w, https:\/\/newsinfoco.com.br\/inicio\/wp-content\/uploads\/2025\/10\/SAVE_20251006_221555-600x104.jpg 600w, https:\/\/newsinfoco.com.br\/inicio\/wp-content\/uploads\/2025\/10\/SAVE_20251006_221555-696x120.jpg 696w, https:\/\/newsinfoco.com.br\/inicio\/wp-content\/uploads\/2025\/10\/SAVE_20251006_221555-1068x185.jpg 1068w\" sizes=\"(max-width: 1140px) 100vw, 1140px\" width=\"1140\" height=\"197\"   \/><\/a><\/div>\n<p style=\"text-align: justify;\">Na mensagem, Bolsonaro tamb\u00e9m afirmou que o Brasil estava no caminho da Venezuela e de uma \u201cquebradeira\u201d. \u201cA gente est\u00e1 mudando isso a\u00ed. Algum efeito colateral acontece. Como tenho dito, reforma da Previd\u00eancia \u00e9 uma quimioterapia (tratamento contra um c\u00e2ncer), n\u00e3o \u00e9 f\u00e1cil para muita gente ter seu tempo de servi\u00e7o majorado, pens\u00e3o diminu\u00edda, mas se n\u00e3o fizer isso a\u00ed, quebraria o Brasil\u201d, declarou o presidente.<\/p>\n<p style=\"text-align: justify;\">Bolsonaro voltou a fazer refer\u00eancia ao atentado que sofreu durante a campanha eleitoral e disse ser um \u201cmilagre\u201d que esteja vivo e tenha sido eleito. \u201cAconteceram dois milagres: a vida e a elei\u00e7\u00e3o. Milagre, ningu\u00e9m consegue entender como aconteceu. \u00c9 uma chance que Deus me deu de mudar o destino do Brasil\u201d, afirmou.<\/p>\n<p style=\"text-align: justify;\"><strong>Pre\u00e7o da carne<\/strong><br \/>\nO aumento das exporta\u00e7\u00f5es de carne para a China e a menor oferta devido \u00e0 entressafra t\u00eam puxado para cima o pre\u00e7o da prote\u00edna animal desde o fim de novembro. Dos cinco alimentos da cesta de Natal cujos pre\u00e7os mais subiram, quatro s\u00e3o carnes. Depois do pernil, fil\u00e9 mignon (46,49%), lombo su\u00edno (24,2%) e picanha (22 88%) est\u00e3o na lista das maiores altas. Os dados s\u00e3o de pesquisa sobre infla\u00e7\u00e3o dos produtos da cesta de Natal apurada pela Funda\u00e7\u00e3o Instituto de Pesquisas Econ\u00f4micas (Fipe), nos \u00faltimos 12 meses at\u00e9 a segunda quadrissemana de dezembro.<\/p>\n<div class='share-to-whatsapp-wrapper'><div class='share-on-whsp'>Share on: <\/div><a data-text='Bolsonaro deseja Feliz Natal mesmo sem carne para algumas pessoas' data-link='https:\/\/newsinfoco.com.br\/inicio\/bolsonaro-deseja-feliz-natal-mesmo-sem-carne-para-algumas-pessoas\/' class='whatsapp-button whatsapp-share'>WhatsApp<\/a><div class='clear '><\/div><\/div>","protected":false},"excerpt":{"rendered":"<p>O presidente Jair Bolsonaro desejou, neste s\u00e1bado (21), um \u201cFeliz Natal\u201d aos brasileiros, \u201cmesmo sem carne para algumas pessoas\u201d. Segundo o presidente, apesar da falta da prote\u00edna nos pratos, o Brasil segue com \u201cliberdade\u201d e em situa\u00e7\u00e3o econ\u00f4mica melhor que de outros pa\u00edses, como a Venezuela, onde \u201cnem cachorro tem para comer\u201d. \u201cVamos acreditar no [&hellip;]<\/p>\n","protected":false},"author":1,"featured_media":18241,"comment_status":"open","ping_status":"open","sticky":false,"template":"","format":"standard","meta":{"om_disable_all_campaigns":false,"_exactmetrics_skip_tracking":false,"_exactmetrics_sitenote_active":false,"_exactmetrics_sitenote_note":"","_exactmetrics_sitenote_category":0,"footnotes":""},"categories":[21,30],"tags":[],"class_list":["post-19546","post","type-post","status-publish","format-standard","has-post-thumbnail","hentry","category-brasil","category-destaque"],"aioseo_notices":[],"_links":{"self":[{"href":"https:\/\/newsinfoco.com.br\/inicio\/wp-json\/wp\/v2\/posts\/19546","targetHints":{"allow":["GET"]}}],"collection":[{"href":"https:\/\/newsinfoco.com.br\/inicio\/wp-json\/wp\/v2\/posts"}],"about":[{"href":"https:\/\/newsinfoco.com.br\/inicio\/wp-json\/wp\/v2\/types\/post"}],"author":[{"embeddable":true,"href":"https:\/\/newsinfoco.com.br\/inicio\/wp-json\/wp\/v2\/users\/1"}],"replies":[{"embeddable":true,"href":"https:\/\/newsinfoco.com.br\/inicio\/wp-json\/wp\/v2\/comments?post=19546"}],"version-history":[{"count":0,"href":"https:\/\/newsinfoco.com.br\/inicio\/wp-json\/wp\/v2\/posts\/19546\/revisions"}],"wp:featuredmedia":[{"embeddable":true,"href":"https:\/\/newsinfoco.com.br\/inicio\/wp-json\/wp\/v2\/media\/18241"}],"wp:attachment":[{"href":"https:\/\/newsinfoco.com.br\/inicio\/wp-json\/wp\/v2\/media?parent=19546"}],"wp:term":[{"taxonomy":"category","embeddable":true,"href":"https:\/\/newsinfoco.com.br\/inicio\/wp-json\/wp\/v2\/categories?post=19546"},{"taxonomy":"post_tag","embeddable":true,"href":"https:\/\/newsinfoco.com.br\/inicio\/wp-json\/wp\/v2\/tags?post=19546"}],"curies":[{"name":"wp","href":"https:\/\/api.w.org\/{rel}","templated":true}]}}