{"id":19548,"date":"2019-12-21T22:24:24","date_gmt":"2019-12-22T01:24:24","guid":{"rendered":"http:\/\/newsinfoco.com.br\/?p=19548"},"modified":"2019-12-21T22:24:24","modified_gmt":"2019-12-22T01:24:24","slug":"parana-pesquisa-moro-foi-justo-ao-condenar-lula-para-572","status":"publish","type":"post","link":"https:\/\/newsinfoco.com.br\/inicio\/parana-pesquisa-moro-foi-justo-ao-condenar-lula-para-572\/","title":{"rendered":"Paran\u00e1 Pesquisa: Moro foi justo ao condenar Lula para 57,2%"},"content":{"rendered":"<p style=\"text-align: justify;\">Uma pesquisa divulgada, nesta \u00faltima sexta-feira (20, pela coluna Radar, da revista Veja, aponta que 57,2% dos entrevistados consideram que o hoje ministro da Justi\u00e7a, Sergio Moro, ent\u00e3o juiz da Lava Jato, foi justo ao condenar o ex-presidente Lula no caso do tr\u00edplex no Guaruj\u00e1 (SP).<\/p>\n<p style=\"text-align: justify;\">No entanto, 31,3% afirmam que o petista foi perseguido e 11,5% n\u00e3o opinaram ou n\u00e3o souberam responder. O levantamento realizado pelo Paran\u00e1 Pesquisas ouviu 2.260 entre os dias 7 e 11 de dezembro em 172 munic\u00edpios de todos os Estados.<\/p><div class=\"newsi-conteudo_19\" id=\"newsi-2164989209\"><a href=\"https:\/\/www.instagram.com\/prefeituraalagoinhas?igsh=YzgzdDJ1bWR3aWI4\" aria-label=\"SAVE_20251006_221555\"><img loading=\"lazy\" decoding=\"async\" src=\"https:\/\/newsinfoco.com.br\/inicio\/wp-content\/uploads\/2025\/10\/SAVE_20251006_221555-rotated.jpg\" alt=\"\"  srcset=\"https:\/\/newsinfoco.com.br\/inicio\/wp-content\/uploads\/2025\/10\/SAVE_20251006_221555-rotated.jpg 1140w, https:\/\/newsinfoco.com.br\/inicio\/wp-content\/uploads\/2025\/10\/SAVE_20251006_221555-300x52.jpg 300w, https:\/\/newsinfoco.com.br\/inicio\/wp-content\/uploads\/2025\/10\/SAVE_20251006_221555-1024x177.jpg 1024w, https:\/\/newsinfoco.com.br\/inicio\/wp-content\/uploads\/2025\/10\/SAVE_20251006_221555-768x133.jpg 768w, https:\/\/newsinfoco.com.br\/inicio\/wp-content\/uploads\/2025\/10\/SAVE_20251006_221555-600x104.jpg 600w, https:\/\/newsinfoco.com.br\/inicio\/wp-content\/uploads\/2025\/10\/SAVE_20251006_221555-696x120.jpg 696w, https:\/\/newsinfoco.com.br\/inicio\/wp-content\/uploads\/2025\/10\/SAVE_20251006_221555-1068x185.jpg 1068w\" sizes=\"(max-width: 1140px) 100vw, 1140px\" width=\"1140\" height=\"197\"   \/><\/a><\/div>\n<div class='share-to-whatsapp-wrapper'><div class='share-on-whsp'>Share on: <\/div><a data-text='Paran\u00e1 Pesquisa: Moro foi justo ao condenar Lula para 57,2%' data-link='https:\/\/newsinfoco.com.br\/inicio\/parana-pesquisa-moro-foi-justo-ao-condenar-lula-para-572\/' class='whatsapp-button whatsapp-share'>WhatsApp<\/a><div class='clear '><\/div><\/div>","protected":false},"excerpt":{"rendered":"<p>Uma pesquisa divulgada, nesta \u00faltima sexta-feira (20, pela coluna Radar, da revista Veja, aponta que 57,2% dos entrevistados consideram que o hoje ministro da Justi\u00e7a, Sergio Moro, ent\u00e3o juiz da Lava Jato, foi justo ao condenar o ex-presidente Lula no caso do tr\u00edplex no Guaruj\u00e1 (SP). No entanto, 31,3% afirmam que o petista foi perseguido [&hellip;]<\/p>\n","protected":false},"author":1,"featured_media":7298,"comment_status":"open","ping_status":"open","sticky":false,"template":"","format":"standard","meta":{"om_disable_all_campaigns":false,"_exactmetrics_skip_tracking":false,"_exactmetrics_sitenote_active":false,"_exactmetrics_sitenote_note":"","_exactmetrics_sitenote_category":0,"footnotes":""},"categories":[21,30],"tags":[],"class_list":["post-19548","post","type-post","status-publish","format-standard","has-post-thumbnail","hentry","category-brasil","category-destaque"],"aioseo_notices":[],"_links":{"self":[{"href":"https:\/\/newsinfoco.com.br\/inicio\/wp-json\/wp\/v2\/posts\/19548","targetHints":{"allow":["GET"]}}],"collection":[{"href":"https:\/\/newsinfoco.com.br\/inicio\/wp-json\/wp\/v2\/posts"}],"about":[{"href":"https:\/\/newsinfoco.com.br\/inicio\/wp-json\/wp\/v2\/types\/post"}],"author":[{"embeddable":true,"href":"https:\/\/newsinfoco.com.br\/inicio\/wp-json\/wp\/v2\/users\/1"}],"replies":[{"embeddable":true,"href":"https:\/\/newsinfoco.com.br\/inicio\/wp-json\/wp\/v2\/comments?post=19548"}],"version-history":[{"count":0,"href":"https:\/\/newsinfoco.com.br\/inicio\/wp-json\/wp\/v2\/posts\/19548\/revisions"}],"wp:featuredmedia":[{"embeddable":true,"href":"https:\/\/newsinfoco.com.br\/inicio\/wp-json\/wp\/v2\/media\/7298"}],"wp:attachment":[{"href":"https:\/\/newsinfoco.com.br\/inicio\/wp-json\/wp\/v2\/media?parent=19548"}],"wp:term":[{"taxonomy":"category","embeddable":true,"href":"https:\/\/newsinfoco.com.br\/inicio\/wp-json\/wp\/v2\/categories?post=19548"},{"taxonomy":"post_tag","embeddable":true,"href":"https:\/\/newsinfoco.com.br\/inicio\/wp-json\/wp\/v2\/tags?post=19548"}],"curies":[{"name":"wp","href":"https:\/\/api.w.org\/{rel}","templated":true}]}}