{"id":19550,"date":"2019-12-21T22:26:35","date_gmt":"2019-12-22T01:26:35","guid":{"rendered":"http:\/\/newsinfoco.com.br\/?p=19550"},"modified":"2019-12-21T22:26:35","modified_gmt":"2019-12-22T01:26:35","slug":"se-eu-nao-tiver-a-cabeca-no-lugar-eu-alopro-diz-bolsonaro-sobre-flavio","status":"publish","type":"post","link":"https:\/\/newsinfoco.com.br\/inicio\/se-eu-nao-tiver-a-cabeca-no-lugar-eu-alopro-diz-bolsonaro-sobre-flavio\/","title":{"rendered":"\u2018Se eu n\u00e3o tiver a cabe\u00e7a no lugar, eu alopro\u2019, diz Bolsonaro sobre Flavio"},"content":{"rendered":"<p style=\"text-align: justify;\">O presidente Jair Bolsonaro (sem partido) convidou jornalistas para uma visita ao Pal\u00e1cio da Alvorada um dia depois de ofender rep\u00f3rteres na porta do local. Se na sexta-feira (20), o presidente se exaltou ao ser questionado sobre a opera\u00e7\u00e3o de busca e apreens\u00e3o que teve como alvo seu filho mais velho, senador Flavio Bolsonaro (sem partido-RJ), neste s\u00e1bado (21), evitou elevar o tom de voz. Bolsonaro chegou a dizer que questionamentos sobre o processo n\u00e3o teriam r\u00e9plica, mas acabou respondendo \u00e0s demais perguntas.<\/p>\n<p style=\"text-align: justify;\">Caso Flavio<br \/>\nNa conversa, em tom informal, Bolsonaro usava uma camiseta do Flamengo e afastava moscas com tapas no ar. Ele disse que a condu\u00e7\u00e3o da investiga\u00e7\u00e3o contra Flavio pelo Minist\u00e9rio P\u00fablico do Rio \u201cest\u00e1 sendo um abuso\u201d e que, se teve um \u201cestardalha\u00e7o enorme\u201d, pode ter sido por falta de materialidade do processo. \u201cTodo poder deve ter uma forma de sofrer um controle\u201d, afirmou. \u201cSe eu n\u00e3o tiver a cabe\u00e7a no lugar, eu alopro\u201d.<\/p><div class=\"newsi-conteudo_19\" id=\"newsi-3681678459\"><a href=\"https:\/\/www.instagram.com\/prefeituraalagoinhas?igsh=YzgzdDJ1bWR3aWI4\" aria-label=\"SAVE_20251006_221555\"><img loading=\"lazy\" decoding=\"async\" src=\"https:\/\/newsinfoco.com.br\/inicio\/wp-content\/uploads\/2025\/10\/SAVE_20251006_221555-rotated.jpg\" alt=\"\"  srcset=\"https:\/\/newsinfoco.com.br\/inicio\/wp-content\/uploads\/2025\/10\/SAVE_20251006_221555-rotated.jpg 1140w, https:\/\/newsinfoco.com.br\/inicio\/wp-content\/uploads\/2025\/10\/SAVE_20251006_221555-300x52.jpg 300w, https:\/\/newsinfoco.com.br\/inicio\/wp-content\/uploads\/2025\/10\/SAVE_20251006_221555-1024x177.jpg 1024w, https:\/\/newsinfoco.com.br\/inicio\/wp-content\/uploads\/2025\/10\/SAVE_20251006_221555-768x133.jpg 768w, https:\/\/newsinfoco.com.br\/inicio\/wp-content\/uploads\/2025\/10\/SAVE_20251006_221555-600x104.jpg 600w, https:\/\/newsinfoco.com.br\/inicio\/wp-content\/uploads\/2025\/10\/SAVE_20251006_221555-696x120.jpg 696w, https:\/\/newsinfoco.com.br\/inicio\/wp-content\/uploads\/2025\/10\/SAVE_20251006_221555-1068x185.jpg 1068w\" sizes=\"(max-width: 1140px) 100vw, 1140px\" width=\"1140\" height=\"197\"   \/><\/a><\/div>\n<p style=\"text-align: justify;\">Federaliza\u00e7\u00e3o do caso Marielle<\/p>\n<p style=\"text-align: justify;\">O presidente tamb\u00e9m afirmou que \u201cseria bom\u201d federalizar as investiga\u00e7\u00f5es sobre o assassinato da ex-vereadora Marielle Franco (PSOL-RJ), mas que a medida seria \u201cindicativo de que querem me blindar com a Pol\u00edcia Federal\u201d.<\/p>\n<p style=\"text-align: justify;\">Elei\u00e7\u00e3o em SP<br \/>\nBolsonaro disse ainda n\u00e3o ter compromisso com ningu\u00e9m na elei\u00e7\u00e3o para a prefeitura de S\u00e3o Paulo, mas afirmou ter boa rela\u00e7\u00e3o e estar conversando com o apresentador Jos\u00e9 Luiz Datena. O presidente declarou que n\u00e3o prometeu apoio ao deputado federal Marco Feliciano a prefeito de S\u00e3o Paulo.<\/p>\n<p style=\"text-align: justify;\">Alian\u00e7a pelo Brasil<br \/>\nBolsonaro voltou a afirmar que o partido Alian\u00e7a pelo Brasil n\u00e3o deve sair papel a tempo das elei\u00e7\u00f5es municipais de 2020: \u201c1% de chance\u201d. O presidente disse que defende candidaturas avulsas e que o presidente da C\u00e2mara, Rodrigo Maia (DEM-RJ), concordou em pautar no pr\u00f3ximo ano a discuss\u00e3o sobre o voto impresso.<\/p>\n<p style=\"text-align: justify;\">Guedes \u2018Patr\u00e3o\u2019<br \/>\nQuestionado sobre quest\u00f5es econ\u00f4micas e cria\u00e7\u00e3o de novos tributos, Bolsonaro disse que o ministro da Economia, Paulo Guedes, \u201c\u00e9 o patr\u00e3o\u201d, mas que a determina\u00e7\u00e3o \u00e9 n\u00e3o ter novos impostos, apenas substituir os que j\u00e1 existem. O presidente sinalizou que deseja estender faixa de isen\u00e7\u00e3o de imposto de renda para R$ 3 mil reais.<\/p>\n<p style=\"text-align: justify;\">Provoca\u00e7\u00e3o a jornalistas<br \/>\nBolsonaro disse que se controla ao falar com jornalistas e que a m\u00eddia o \u201cprovoca\u201d para ter manchete. Ele disse que reflete sobre algumas declara\u00e7\u00f5es e que se arrepende, em alguns casos. Bolsonaro comparou a rela\u00e7\u00e3o com a imprensa ao futebol e comparou, em tom ir\u00f4nico: \u201c\u00c9 igual futebol: ali na frente, de vez em quando, voc\u00ea mande seu colega para a ponta da praia (base da Marinha que teria sido usado como local de tortura na ditadura militar). Depois vai tomar uma tuba\u00edna com ele\u201d, afirmou.<\/p>\n<p style=\"text-align: justify;\">Abraham Weintraub<br \/>\nBolsonaro disse que Abraham Weintraub melhorou o Minist\u00e9rio da Educa\u00e7\u00e3o ao assumir a pasta, mas revelou que fez cobran\u00e7as sobre o comportamento espalhafatoso do ministro, como quando ele divulgou nas redes sociais um v\u00eddeo parodiando o filme \u201cCantando na Chuva\u201d para dizer que estava \u201cchovendo fake News\u201d. \u201cFalta (a Weintraub) dar uma calibrada. Est\u00e1 fazendo uma de Bolsonaro quando deputado\u201d, disse Bolsonaro.<\/p>\n<p style=\"text-align: justify;\">STF<br \/>\nO presidente revelou que considera um bom nome para indicar a uma vaga do Supremo Tribunal Federal (STF) o do atual ministro da Secretaria-Geral da Presid\u00eancia, Jorge Oliveira. Tamb\u00e9m repetiu que o ministro da Advocacia Geral da Uni\u00e3o, Luiz Mendon\u00e7a, \u00e9 avaliado a outra vaga. Ele repetiu que pretende indicar um evang\u00e9lico ao Supremo e disse que a ideia surgiu ap\u00f3s a Corte decidir criminalizar a homofobia.<\/p>\n<p style=\"text-align: justify;\">Juiz de garantia<br \/>\nBolsonaro disse que ainda est\u00e1 em avalia\u00e7\u00e3o o veto \u00e0 cria\u00e7\u00e3o do juiz de garantia no Pacote Anticrime. Segundo ele, o ministro da Justi\u00e7a, Sergio Moro, pede para vetar o trecho, pois o custo seria elevado para contrata\u00e7\u00e3o de novos magistrados. J\u00e1 Bolsonaro sinalizou ser favor\u00e1vel \u00e0 presen\u00e7a de um segundo juiz em alguns casos. Ele usou um caso pessoal como exemplo. \u201d Fiquei chateado quando peguei multa, arquivada, R$ 10 mil, pelo Ibama do Rio. Fui multado 11h da manh\u00e3 sendo que tinha meu dedo no painel de vota\u00e7\u00e3o da C\u00e2mara\u201d, relatou Bolsonaro. Em seguida, ele disse que o mesmo fiscal avaliou o seu recurso sobre a multa e que um segundo \u201cjuiz\u201d seria importante neste caso.<\/p>\n<div class='share-to-whatsapp-wrapper'><div class='share-on-whsp'>Share on: <\/div><a data-text='\u2018Se eu n\u00e3o tiver a cabe\u00e7a no lugar, eu alopro\u2019, diz Bolsonaro sobre Flavio' data-link='https:\/\/newsinfoco.com.br\/inicio\/se-eu-nao-tiver-a-cabeca-no-lugar-eu-alopro-diz-bolsonaro-sobre-flavio\/' class='whatsapp-button whatsapp-share'>WhatsApp<\/a><div class='clear '><\/div><\/div>","protected":false},"excerpt":{"rendered":"<p>O presidente Jair Bolsonaro (sem partido) convidou jornalistas para uma visita ao Pal\u00e1cio da Alvorada um dia depois de ofender rep\u00f3rteres na porta do local. Se na sexta-feira (20), o presidente se exaltou ao ser questionado sobre a opera\u00e7\u00e3o de busca e apreens\u00e3o que teve como alvo seu filho mais velho, senador Flavio Bolsonaro (sem [&hellip;]<\/p>\n","protected":false},"author":1,"featured_media":16508,"comment_status":"open","ping_status":"open","sticky":false,"template":"","format":"standard","meta":{"om_disable_all_campaigns":false,"_exactmetrics_skip_tracking":false,"_exactmetrics_sitenote_active":false,"_exactmetrics_sitenote_note":"","_exactmetrics_sitenote_category":0,"footnotes":""},"categories":[21,30],"tags":[],"class_list":["post-19550","post","type-post","status-publish","format-standard","has-post-thumbnail","hentry","category-brasil","category-destaque"],"aioseo_notices":[],"_links":{"self":[{"href":"https:\/\/newsinfoco.com.br\/inicio\/wp-json\/wp\/v2\/posts\/19550","targetHints":{"allow":["GET"]}}],"collection":[{"href":"https:\/\/newsinfoco.com.br\/inicio\/wp-json\/wp\/v2\/posts"}],"about":[{"href":"https:\/\/newsinfoco.com.br\/inicio\/wp-json\/wp\/v2\/types\/post"}],"author":[{"embeddable":true,"href":"https:\/\/newsinfoco.com.br\/inicio\/wp-json\/wp\/v2\/users\/1"}],"replies":[{"embeddable":true,"href":"https:\/\/newsinfoco.com.br\/inicio\/wp-json\/wp\/v2\/comments?post=19550"}],"version-history":[{"count":0,"href":"https:\/\/newsinfoco.com.br\/inicio\/wp-json\/wp\/v2\/posts\/19550\/revisions"}],"wp:featuredmedia":[{"embeddable":true,"href":"https:\/\/newsinfoco.com.br\/inicio\/wp-json\/wp\/v2\/media\/16508"}],"wp:attachment":[{"href":"https:\/\/newsinfoco.com.br\/inicio\/wp-json\/wp\/v2\/media?parent=19550"}],"wp:term":[{"taxonomy":"category","embeddable":true,"href":"https:\/\/newsinfoco.com.br\/inicio\/wp-json\/wp\/v2\/categories?post=19550"},{"taxonomy":"post_tag","embeddable":true,"href":"https:\/\/newsinfoco.com.br\/inicio\/wp-json\/wp\/v2\/tags?post=19550"}],"curies":[{"name":"wp","href":"https:\/\/api.w.org\/{rel}","templated":true}]}}