{"id":19553,"date":"2019-12-22T17:46:55","date_gmt":"2019-12-22T20:46:55","guid":{"rendered":"http:\/\/newsinfoco.com.br\/?p=19553"},"modified":"2019-12-22T17:46:55","modified_gmt":"2019-12-22T20:46:55","slug":"atletico-de-alagoinhas-segue-preparacao-para-a-temporada-2020","status":"publish","type":"post","link":"https:\/\/newsinfoco.com.br\/inicio\/atletico-de-alagoinhas-segue-preparacao-para-a-temporada-2020\/","title":{"rendered":"Atl\u00e9tico de Alagoinhas segue prepara\u00e7\u00e3o para a temporada 2020"},"content":{"rendered":"<p style=\"text-align: justify;\">O time do Atl\u00e9tico de Alagoinhas, montado para 2020, iniciou bem sua fase preparat\u00f3ria para o Campeonato Baiano, vencendo o combinado sub 23 de Alagoinhas e regi\u00e3o, por 2X0, marcaram, para o Carcar\u00e1, Vitinho, meia atacante e Reinaldo, zagueiro. A equipe j\u00e1 assinou contrato como Magno Alves, um dos maiores artilheiros do Fluminense do Rio de Janeiro. Com 43 anos, com passagem recente pelo futebol asi\u00e1tico e \u00e1rabe, a atleta cria expectativa positiva nos dirigentes e nos torcedores. Um presente para o clube que estar\u00e1 completando 50 anos e uma das promessas de destaque do campeonato. Ao que parece, o goleador tem tudo para conquistar os alagoinhenses como fez recentemente em sua temporada no Cear\u00e1. Provavelmente, o Atl\u00e9tico segue para Sergipe, dia 29, para mais um jogo com o Itabaiana e volta a campo j\u00e1 no dia 4 de janeiro com advers\u00e1rio a ser definido. O Atl\u00e9tico encontra-se em intensa fase de treinos f\u00edsicos e t\u00e1ticos.<\/p>\n<p style=\"text-align: justify;\">Baiano de Apor\u00e1, Magno Alves chegou a treinar no Atl\u00e9tico em 92, mas j\u00e1 estava de malas prontas para atuar no Crici\u00fama, onde foi revelado. De l\u00e1 saiu para ser a grande estrela do Fluminense, onde foi campe\u00e3o Carioca, encantando a torcida com seus 114 gols, sendo seu d\u00e9cimo maior artilheiro. Hoje \u00e9 o 4\u00ba maior artilheiro do mundo em atividade com 451 gols.<\/p><div class=\"newsi-conteudo_19\" id=\"newsi-1345832488\"><a href=\"https:\/\/www.instagram.com\/prefeituraalagoinhas?igsh=YzgzdDJ1bWR3aWI4\" aria-label=\"SAVE_20251006_221555\"><img loading=\"lazy\" decoding=\"async\" src=\"https:\/\/newsinfoco.com.br\/inicio\/wp-content\/uploads\/2025\/10\/SAVE_20251006_221555-rotated.jpg\" alt=\"\"  srcset=\"https:\/\/newsinfoco.com.br\/inicio\/wp-content\/uploads\/2025\/10\/SAVE_20251006_221555-rotated.jpg 1140w, https:\/\/newsinfoco.com.br\/inicio\/wp-content\/uploads\/2025\/10\/SAVE_20251006_221555-300x52.jpg 300w, https:\/\/newsinfoco.com.br\/inicio\/wp-content\/uploads\/2025\/10\/SAVE_20251006_221555-1024x177.jpg 1024w, https:\/\/newsinfoco.com.br\/inicio\/wp-content\/uploads\/2025\/10\/SAVE_20251006_221555-768x133.jpg 768w, https:\/\/newsinfoco.com.br\/inicio\/wp-content\/uploads\/2025\/10\/SAVE_20251006_221555-600x104.jpg 600w, https:\/\/newsinfoco.com.br\/inicio\/wp-content\/uploads\/2025\/10\/SAVE_20251006_221555-696x120.jpg 696w, https:\/\/newsinfoco.com.br\/inicio\/wp-content\/uploads\/2025\/10\/SAVE_20251006_221555-1068x185.jpg 1068w\" sizes=\"(max-width: 1140px) 100vw, 1140px\" width=\"1140\" height=\"197\"   \/><\/a><\/div>\n<p style=\"text-align: justify;\">Para Duda dos Churros, ex-diretor do Atl\u00e9tico de Alagoinhas, mas que vive o dia-a-dia do clube, as expectativas com a vinda de Magno Alves ao clube s\u00e3o muitas. Com o artilheiro renomado, tanto Duda, quando diretoria e torcedores esperam que a equipe chegue novamente entre os 4 primeiros na competi\u00e7\u00e3o estadual e competir em bom n\u00edvel a s\u00e9rie D do Brasileir\u00e3o e a Copa do Brasil.<\/p>\n<p style=\"text-align: justify;\">\n<p style=\"text-align: justify;\">Por falar em Duda do Churros, que tem um verdadeiro amor pelo esporte, no final de semana, ele se encontrou com os amigos do Clube 147, no Silva Jardim, em sua comemora\u00e7\u00e3o de 30 anos de exist\u00eancia, dedicados ao futebol. Reviu amigos como Tob e Chiquinho junto com toda a sua boa vizinhan\u00e7a. A entidade tamb\u00e9m re\u00fane gente do 15 de novembro e da pra\u00e7a Santa Isabel.<\/p>\n<p style=\"text-align: justify;\">O dia tamb\u00e9m foi dedicado a participar da comemora\u00e7\u00e3o do anivers\u00e1rio de 24 anos da Associa\u00e7\u00e3o dos Servidores Fiscais Estado da Bahia- Asseb \u2013 com tradicional baba de domingo em sua sede, no Petrolar, uma das melhores da cidade, com piscina e \u00e1rea social, destinada tamb\u00e9m a ser alugada para eventos. A bola tamb\u00e9m rola por l\u00e1 \u00e0s quartas-feiras. Duda, participante ativo do esporte, compareceu \u00e0 passagem da data especial para a confraterniza\u00e7\u00e3o com velhos amigos e para dar um abra\u00e7o em Rubinho, que comanda a entidade e a alegria dos seus associados.<\/p>\n<p style=\"text-align: right;\">Por Paulo Dias para o News Infoco<\/p>\n<div class='share-to-whatsapp-wrapper'><div class='share-on-whsp'>Share on: <\/div><a data-text='Atl\u00e9tico de Alagoinhas segue prepara\u00e7\u00e3o para a temporada 2020' data-link='https:\/\/newsinfoco.com.br\/inicio\/atletico-de-alagoinhas-segue-preparacao-para-a-temporada-2020\/' class='whatsapp-button whatsapp-share'>WhatsApp<\/a><div class='clear '><\/div><\/div>","protected":false},"excerpt":{"rendered":"<p>O time do Atl\u00e9tico de Alagoinhas, montado para 2020, iniciou bem sua fase preparat\u00f3ria para o Campeonato Baiano, vencendo o combinado sub 23 de Alagoinhas e regi\u00e3o, por 2X0, marcaram, para o Carcar\u00e1, Vitinho, meia atacante e Reinaldo, zagueiro. A equipe j\u00e1 assinou contrato como Magno Alves, um dos maiores artilheiros do Fluminense do Rio [&hellip;]<\/p>\n","protected":false},"author":1,"featured_media":1434,"comment_status":"open","ping_status":"open","sticky":false,"template":"","format":"standard","meta":{"om_disable_all_campaigns":false,"_exactmetrics_skip_tracking":false,"_exactmetrics_sitenote_active":false,"_exactmetrics_sitenote_note":"","_exactmetrics_sitenote_category":0,"footnotes":""},"categories":[38],"tags":[],"class_list":["post-19553","post","type-post","status-publish","format-standard","has-post-thumbnail","hentry","category-alagoinhas-e-regiao"],"aioseo_notices":[],"_links":{"self":[{"href":"https:\/\/newsinfoco.com.br\/inicio\/wp-json\/wp\/v2\/posts\/19553","targetHints":{"allow":["GET"]}}],"collection":[{"href":"https:\/\/newsinfoco.com.br\/inicio\/wp-json\/wp\/v2\/posts"}],"about":[{"href":"https:\/\/newsinfoco.com.br\/inicio\/wp-json\/wp\/v2\/types\/post"}],"author":[{"embeddable":true,"href":"https:\/\/newsinfoco.com.br\/inicio\/wp-json\/wp\/v2\/users\/1"}],"replies":[{"embeddable":true,"href":"https:\/\/newsinfoco.com.br\/inicio\/wp-json\/wp\/v2\/comments?post=19553"}],"version-history":[{"count":0,"href":"https:\/\/newsinfoco.com.br\/inicio\/wp-json\/wp\/v2\/posts\/19553\/revisions"}],"wp:featuredmedia":[{"embeddable":true,"href":"https:\/\/newsinfoco.com.br\/inicio\/wp-json\/wp\/v2\/media\/1434"}],"wp:attachment":[{"href":"https:\/\/newsinfoco.com.br\/inicio\/wp-json\/wp\/v2\/media?parent=19553"}],"wp:term":[{"taxonomy":"category","embeddable":true,"href":"https:\/\/newsinfoco.com.br\/inicio\/wp-json\/wp\/v2\/categories?post=19553"},{"taxonomy":"post_tag","embeddable":true,"href":"https:\/\/newsinfoco.com.br\/inicio\/wp-json\/wp\/v2\/tags?post=19553"}],"curies":[{"name":"wp","href":"https:\/\/api.w.org\/{rel}","templated":true}]}}