{"id":19559,"date":"2019-12-23T20:34:20","date_gmt":"2019-12-23T23:34:20","guid":{"rendered":"http:\/\/newsinfoco.com.br\/?p=19559"},"modified":"2019-12-23T20:34:20","modified_gmt":"2019-12-23T23:34:20","slug":"show-da-virada-prefeitura-faz-historia-com-a-inauguracao-da-avenida-rio-branco-e-da-praca-kennedy-no-dia-31-de-dezembro-confira-as-atracoes","status":"publish","type":"post","link":"https:\/\/newsinfoco.com.br\/inicio\/show-da-virada-prefeitura-faz-historia-com-a-inauguracao-da-avenida-rio-branco-e-da-praca-kennedy-no-dia-31-de-dezembro-confira-as-atracoes\/","title":{"rendered":"Show da Virada: Prefeitura faz hist\u00f3ria com a inaugura\u00e7\u00e3o da Avenida Rio Branco e da Pra\u00e7a Kennedy no dia 31 de dezembro; confira as atra\u00e7\u00f5es"},"content":{"rendered":"<p style=\"text-align: justify;\">Alagoinhas fecha o ano com uma conquista hist\u00f3rica: depois de avan\u00e7ar com obras de infraestrutura por toda a cidade, a Prefeitura entrega, no dia 31 de dezembro, a Avenida Rio Branco, que foi completamente renovada. S\u00e3o mais de 3 quil\u00f4metros de extens\u00e3o recuperados e um trabalho intenso que transforma a vida de muitas fam\u00edlias.<\/p>\n<p style=\"text-align: justify;\">Contando com drenagem, pavimenta\u00e7\u00e3o, passeios e acessibilidade, a nova Avenida Rio Branco \u00e9 mais um avan\u00e7o no plano de mobilidade e um legado importante para a popula\u00e7\u00e3o de Alagoinhas. A comunidade encerra 2019 dando adeus \u00e0 lama, \u00e0 poeira e \u00e0 espera de anos por uma melhoria efetiva. A via, que se estende da Pra\u00e7a Kennedy ao Alagoinhas IV, proximidades da BR 101, ser\u00e1 inaugurada a partir das 20h, junto com a pra\u00e7a, que foi totalmente requalificada pela gest\u00e3o municipal.<\/p><div class=\"newsi-conteudo_19\" id=\"newsi-524953707\"><a href=\"https:\/\/www.instagram.com\/prefeituraalagoinhas?igsh=YzgzdDJ1bWR3aWI4\" aria-label=\"SAVE_20251006_221555\"><img loading=\"lazy\" decoding=\"async\" src=\"https:\/\/newsinfoco.com.br\/inicio\/wp-content\/uploads\/2025\/10\/SAVE_20251006_221555-rotated.jpg\" alt=\"\"  srcset=\"https:\/\/newsinfoco.com.br\/inicio\/wp-content\/uploads\/2025\/10\/SAVE_20251006_221555-rotated.jpg 1140w, https:\/\/newsinfoco.com.br\/inicio\/wp-content\/uploads\/2025\/10\/SAVE_20251006_221555-300x52.jpg 300w, https:\/\/newsinfoco.com.br\/inicio\/wp-content\/uploads\/2025\/10\/SAVE_20251006_221555-1024x177.jpg 1024w, https:\/\/newsinfoco.com.br\/inicio\/wp-content\/uploads\/2025\/10\/SAVE_20251006_221555-768x133.jpg 768w, https:\/\/newsinfoco.com.br\/inicio\/wp-content\/uploads\/2025\/10\/SAVE_20251006_221555-600x104.jpg 600w, https:\/\/newsinfoco.com.br\/inicio\/wp-content\/uploads\/2025\/10\/SAVE_20251006_221555-696x120.jpg 696w, https:\/\/newsinfoco.com.br\/inicio\/wp-content\/uploads\/2025\/10\/SAVE_20251006_221555-1068x185.jpg 1068w\" sizes=\"(max-width: 1140px) 100vw, 1140px\" width=\"1140\" height=\"197\"   \/><\/a><\/div>\n<p style=\"text-align: justify;\">\u201cUma conquista hist\u00f3rica como a Avenida Rio Branco merece ser celebrada por todos que amam Alagoinhas. Essa via deixa de ser uma bacia de lama, no per\u00edodo das chuvas, para se transformar em uma nova avenida estruturante da nossa cidade, desafogando a Dantas Bi\u00e3o\u201d, ressalta o prefeito Joaquim Neto.<\/p>\n<p style=\"text-align: justify;\">Para comemorar, uma grande festa ser\u00e1 realizada na Pra\u00e7a Kennedy. A partir das 20h, sobem ao palco \u201cPeruanno\u201d, \u201cTurma do Bid\u201d, \u201cCara Caramba\u201d e \u201cCharles, o Rom\u00e2ntico\u201d. Ser\u00e3o mais de 10 minutos ininterruptos de fogos.<\/p>\n<p>\u00a0 \u00a0 \u00a0 \u00a0 \u00a0 \u00a0 \u00a0 \u00a0 \u00a0 \u00a0 \u00a0 \u00a0 \u00a0 \u00a0 \u00a0 \u00a0 \u00a0SECOM ALAGOINHAS<\/p>\n<div class='share-to-whatsapp-wrapper'><div class='share-on-whsp'>Share on: <\/div><a data-text='Show da Virada: Prefeitura faz hist\u00f3ria com a inaugura\u00e7\u00e3o da Avenida Rio Branco e da Pra\u00e7a Kennedy no dia 31 de dezembro; confira as atra\u00e7\u00f5es' data-link='https:\/\/newsinfoco.com.br\/inicio\/show-da-virada-prefeitura-faz-historia-com-a-inauguracao-da-avenida-rio-branco-e-da-praca-kennedy-no-dia-31-de-dezembro-confira-as-atracoes\/' class='whatsapp-button whatsapp-share'>WhatsApp<\/a><div class='clear '><\/div><\/div>","protected":false},"excerpt":{"rendered":"<p>Alagoinhas fecha o ano com uma conquista hist\u00f3rica: depois de avan\u00e7ar com obras de infraestrutura por toda a cidade, a Prefeitura entrega, no dia 31 de dezembro, a Avenida Rio Branco, que foi completamente renovada. S\u00e3o mais de 3 quil\u00f4metros de extens\u00e3o recuperados e um trabalho intenso que transforma a vida de muitas fam\u00edlias. Contando [&hellip;]<\/p>\n","protected":false},"author":1,"featured_media":19560,"comment_status":"open","ping_status":"open","sticky":false,"template":"","format":"standard","meta":{"om_disable_all_campaigns":false,"_exactmetrics_skip_tracking":false,"_exactmetrics_sitenote_active":false,"_exactmetrics_sitenote_note":"","_exactmetrics_sitenote_category":0,"footnotes":""},"categories":[38,30],"tags":[],"class_list":["post-19559","post","type-post","status-publish","format-standard","has-post-thumbnail","hentry","category-alagoinhas-e-regiao","category-destaque"],"aioseo_notices":[],"_links":{"self":[{"href":"https:\/\/newsinfoco.com.br\/inicio\/wp-json\/wp\/v2\/posts\/19559","targetHints":{"allow":["GET"]}}],"collection":[{"href":"https:\/\/newsinfoco.com.br\/inicio\/wp-json\/wp\/v2\/posts"}],"about":[{"href":"https:\/\/newsinfoco.com.br\/inicio\/wp-json\/wp\/v2\/types\/post"}],"author":[{"embeddable":true,"href":"https:\/\/newsinfoco.com.br\/inicio\/wp-json\/wp\/v2\/users\/1"}],"replies":[{"embeddable":true,"href":"https:\/\/newsinfoco.com.br\/inicio\/wp-json\/wp\/v2\/comments?post=19559"}],"version-history":[{"count":0,"href":"https:\/\/newsinfoco.com.br\/inicio\/wp-json\/wp\/v2\/posts\/19559\/revisions"}],"wp:featuredmedia":[{"embeddable":true,"href":"https:\/\/newsinfoco.com.br\/inicio\/wp-json\/wp\/v2\/media\/19560"}],"wp:attachment":[{"href":"https:\/\/newsinfoco.com.br\/inicio\/wp-json\/wp\/v2\/media?parent=19559"}],"wp:term":[{"taxonomy":"category","embeddable":true,"href":"https:\/\/newsinfoco.com.br\/inicio\/wp-json\/wp\/v2\/categories?post=19559"},{"taxonomy":"post_tag","embeddable":true,"href":"https:\/\/newsinfoco.com.br\/inicio\/wp-json\/wp\/v2\/tags?post=19559"}],"curies":[{"name":"wp","href":"https:\/\/api.w.org\/{rel}","templated":true}]}}