{"id":19562,"date":"2019-12-23T20:37:58","date_gmt":"2019-12-23T23:37:58","guid":{"rendered":"http:\/\/newsinfoco.com.br\/?p=19562"},"modified":"2019-12-23T20:37:58","modified_gmt":"2019-12-23T23:37:58","slug":"prefeito-joaquim-neto-assina-ordem-de-servico-para-a-reforma-da-unidade-de-saude-santa-terezinha-nova-republica","status":"publish","type":"post","link":"https:\/\/newsinfoco.com.br\/inicio\/prefeito-joaquim-neto-assina-ordem-de-servico-para-a-reforma-da-unidade-de-saude-santa-terezinha-nova-republica\/","title":{"rendered":"Prefeito Joaquim Neto assina ordem de servi\u00e7o para a reforma da Unidade de Sa\u00fade Santa Terezinha\/Nova Rep\u00fablica"},"content":{"rendered":"<p style=\"text-align: justify;\">O prefeito Joaquim Neto assinou, na manh\u00e3 desta segunda-feira (23), a ordem de servi\u00e7o para in\u00edcio das obras da Unidade de Sa\u00fade Santa Terezinha\/Nova Rep\u00fablica. A unidade, que conta com 2 Equipes de Sa\u00fade da Fam\u00edlia, ser\u00e1 completamente requalificada, atendendo a um anseio antigo da popula\u00e7\u00e3o.<\/p>\n<p style=\"text-align: justify;\">Mais de 150 mil reais ser\u00e3o investidos no local, que tem capacidade para atender a cerca de 8 mil pessoas.<br \/>\n\u201cO espa\u00e7o aqui \u00e9 bom, a unidade abriga 2 equipes, e essa obra aqui vai acolher mais pessoas [\u2026] a gente estava precisando mesmo. Fui nascida e criada aqui. A popula\u00e7\u00e3o reivindicava aqui h\u00e1 aproximadamente 10, 15 anos. [\u2026] a comunidade estava ansiando\u201d, relatou a moradora Darcijane Lima Carvalho, que avaliou positivamente a assinatura da ordem de servi\u00e7o. \u201cFoi maravilhoso\u201d, acrescentou.<\/p><div class=\"newsi-conteudo_19\" id=\"newsi-1195997579\"><a href=\"https:\/\/www.instagram.com\/prefeituraalagoinhas?igsh=YzgzdDJ1bWR3aWI4\" aria-label=\"SAVE_20251006_221555\"><img loading=\"lazy\" decoding=\"async\" src=\"https:\/\/newsinfoco.com.br\/inicio\/wp-content\/uploads\/2025\/10\/SAVE_20251006_221555-rotated.jpg\" alt=\"\"  srcset=\"https:\/\/newsinfoco.com.br\/inicio\/wp-content\/uploads\/2025\/10\/SAVE_20251006_221555-rotated.jpg 1140w, https:\/\/newsinfoco.com.br\/inicio\/wp-content\/uploads\/2025\/10\/SAVE_20251006_221555-300x52.jpg 300w, https:\/\/newsinfoco.com.br\/inicio\/wp-content\/uploads\/2025\/10\/SAVE_20251006_221555-1024x177.jpg 1024w, https:\/\/newsinfoco.com.br\/inicio\/wp-content\/uploads\/2025\/10\/SAVE_20251006_221555-768x133.jpg 768w, https:\/\/newsinfoco.com.br\/inicio\/wp-content\/uploads\/2025\/10\/SAVE_20251006_221555-600x104.jpg 600w, https:\/\/newsinfoco.com.br\/inicio\/wp-content\/uploads\/2025\/10\/SAVE_20251006_221555-696x120.jpg 696w, https:\/\/newsinfoco.com.br\/inicio\/wp-content\/uploads\/2025\/10\/SAVE_20251006_221555-1068x185.jpg 1068w\" sizes=\"(max-width: 1140px) 100vw, 1140px\" width=\"1140\" height=\"197\"   \/><\/a><\/div>\n<p style=\"text-align: justify;\">O prefeito Joaquim Neto lembrou que a iniciativa n\u00e3o \u00e9 isolada. Antes de anunciar a reforma da unidade de sa\u00fade, as obras j\u00e1 haviam chegado ao bairro; em novembro, o Chefe do Executivo Municipal deu in\u00edcio a uma interven\u00e7\u00e3o hist\u00f3rica, com investimento de quase R$ 13 milh\u00f5es de reais, via programa federal, na localidade, para a amplia\u00e7\u00e3o do sistema de esgotamento sanit\u00e1rio. Agora, o servi\u00e7o se concretiza tamb\u00e9m na \u00e1rea da sa\u00fade.<\/p>\n<p style=\"text-align: justify;\">\u201cJ\u00e1 estamos trabalhando e vamos chegar a 55 ruas aqui da regi\u00e3o, com esgotamento sanit\u00e1rio e pavimenta\u00e7\u00e3o. \u00c9 uma vit\u00f3ria muito grande saber que vamos reformar tamb\u00e9m a unidade de sa\u00fade. Esse local foi relegado a segundo plano por muitos anos. Fico feliz em saber que conseguimos fechar 2019 com mais um avan\u00e7o, com mais frentes de trabalho, e uma obra que beneficia diretamente a nossa popula\u00e7\u00e3o\u201d, afirmou o prefeito.<\/p>\n<p style=\"text-align: justify;\">A secret\u00e1ria municipal de sa\u00fade, Rosania Rabelo, chamou a aten\u00e7\u00e3o para a s\u00e9rie de obras da sa\u00fade, que fortalecem a Aten\u00e7\u00e3o Prim\u00e1ria. \u201cNa \u00faltima semana, demos a ordem de servi\u00e7o para amplia\u00e7\u00e3o e reforma da Unidade de Sa\u00fade Nova Bras\u00edlia. Hoje, \u00e9 a vez de Santa Terezinha e, \u00e0 noite, a partir das 19h, Joaquim Neto assina tamb\u00e9m o documento para a constru\u00e7\u00e3o da unidade de sa\u00fade Baixa da Candeia, do outro lado da cidade. Vem a\u00ed tamb\u00e9m a Unidade de Sa\u00fade do Pindobal, a Unidade de Sa\u00fade do Santo Ant\u00f4nio, a constru\u00e7\u00e3o do Laborat\u00f3rio Central. \u00c9 o governo municipal chegando aos 4 cantos e a sa\u00fade mais perto de quem precisa\u201d, ressaltou Rosania Rabelo.<\/p>\n<p style=\"text-align: justify;\">Os n\u00fameros apontam para avan\u00e7os significativos: de acordo com o Minist\u00e9rio da Sa\u00fade, em 2016, Alagoinhas tinha, em m\u00e9dia, 60% de cobertura em Aten\u00e7\u00e3o B\u00e1sica. Em 2019, o munic\u00edpio saltou para 77,77%. A previs\u00e3o, para 2020, \u00e9 ampliar as estat\u00edsticas positivas e revert\u00ea-las em benef\u00edcio direto para o cidad\u00e3o de Alagoinhas. Al\u00e9m da unidade b\u00e1sica de sa\u00fade, o munic\u00edpio inaugura, j\u00e1 no pr\u00f3ximo ano, tamb\u00e9m em Santa Terezinha, o Pronto Atendimento 24h.<\/p>\n<p>\u00a0 \u00a0 \u00a0 \u00a0 \u00a0 \u00a0 \u00a0 \u00a0 \u00a0 \u00a0 \u00a0 \u00a0 \u00a0 \u00a0 \u00a0 \u00a0 \u00a0 \u00a0 \u00a0 \u00a0 \u00a0 \u00a0 \u00a0 SECOM ALAGOINHAS<\/p>\n<div class='share-to-whatsapp-wrapper'><div class='share-on-whsp'>Share on: <\/div><a data-text='Prefeito Joaquim Neto assina ordem de servi\u00e7o para a reforma da Unidade de Sa\u00fade Santa Terezinha\/Nova Rep\u00fablica' data-link='https:\/\/newsinfoco.com.br\/inicio\/prefeito-joaquim-neto-assina-ordem-de-servico-para-a-reforma-da-unidade-de-saude-santa-terezinha-nova-republica\/' class='whatsapp-button whatsapp-share'>WhatsApp<\/a><div class='clear '><\/div><\/div>","protected":false},"excerpt":{"rendered":"<p>O prefeito Joaquim Neto assinou, na manh\u00e3 desta segunda-feira (23), a ordem de servi\u00e7o para in\u00edcio das obras da Unidade de Sa\u00fade Santa Terezinha\/Nova Rep\u00fablica. A unidade, que conta com 2 Equipes de Sa\u00fade da Fam\u00edlia, ser\u00e1 completamente requalificada, atendendo a um anseio antigo da popula\u00e7\u00e3o. Mais de 150 mil reais ser\u00e3o investidos no local, [&hellip;]<\/p>\n","protected":false},"author":1,"featured_media":19563,"comment_status":"open","ping_status":"open","sticky":false,"template":"","format":"standard","meta":{"om_disable_all_campaigns":false,"_exactmetrics_skip_tracking":false,"_exactmetrics_sitenote_active":false,"_exactmetrics_sitenote_note":"","_exactmetrics_sitenote_category":0,"footnotes":""},"categories":[38,30],"tags":[],"class_list":["post-19562","post","type-post","status-publish","format-standard","has-post-thumbnail","hentry","category-alagoinhas-e-regiao","category-destaque"],"aioseo_notices":[],"_links":{"self":[{"href":"https:\/\/newsinfoco.com.br\/inicio\/wp-json\/wp\/v2\/posts\/19562","targetHints":{"allow":["GET"]}}],"collection":[{"href":"https:\/\/newsinfoco.com.br\/inicio\/wp-json\/wp\/v2\/posts"}],"about":[{"href":"https:\/\/newsinfoco.com.br\/inicio\/wp-json\/wp\/v2\/types\/post"}],"author":[{"embeddable":true,"href":"https:\/\/newsinfoco.com.br\/inicio\/wp-json\/wp\/v2\/users\/1"}],"replies":[{"embeddable":true,"href":"https:\/\/newsinfoco.com.br\/inicio\/wp-json\/wp\/v2\/comments?post=19562"}],"version-history":[{"count":0,"href":"https:\/\/newsinfoco.com.br\/inicio\/wp-json\/wp\/v2\/posts\/19562\/revisions"}],"wp:featuredmedia":[{"embeddable":true,"href":"https:\/\/newsinfoco.com.br\/inicio\/wp-json\/wp\/v2\/media\/19563"}],"wp:attachment":[{"href":"https:\/\/newsinfoco.com.br\/inicio\/wp-json\/wp\/v2\/media?parent=19562"}],"wp:term":[{"taxonomy":"category","embeddable":true,"href":"https:\/\/newsinfoco.com.br\/inicio\/wp-json\/wp\/v2\/categories?post=19562"},{"taxonomy":"post_tag","embeddable":true,"href":"https:\/\/newsinfoco.com.br\/inicio\/wp-json\/wp\/v2\/tags?post=19562"}],"curies":[{"name":"wp","href":"https:\/\/api.w.org\/{rel}","templated":true}]}}