{"id":19565,"date":"2019-12-23T20:42:11","date_gmt":"2019-12-23T23:42:11","guid":{"rendered":"http:\/\/newsinfoco.com.br\/?p=19565"},"modified":"2019-12-23T20:42:11","modified_gmt":"2019-12-23T23:42:11","slug":"mais-de-mil-profissionais-da-saude-participam-de-evento-especial-em-comemoracao-as-festividades-natalinas","status":"publish","type":"post","link":"https:\/\/newsinfoco.com.br\/inicio\/mais-de-mil-profissionais-da-saude-participam-de-evento-especial-em-comemoracao-as-festividades-natalinas\/","title":{"rendered":"Mais de mil profissionais da sa\u00fade participam de evento especial em comemora\u00e7\u00e3o \u00e0s festividades natalinas"},"content":{"rendered":"<p style=\"text-align: justify;\">A Prefeitura reuniu, nesta segunda-feira (23), mais de mil servidores, no Gin\u00e1sio de Esportes, para um momento de confraterniza\u00e7\u00e3o, de integra\u00e7\u00e3o entre os setores da sa\u00fade e de valoriza\u00e7\u00e3o do servidor municipal.<\/p>\n<p style=\"text-align: justify;\">O prefeito Joaquim Neto cumprimentou os profissionais e ressaltou a import\u00e2ncia do trabalho coletivo para os avan\u00e7os no atendimento \u00e0 popula\u00e7\u00e3o. O gestor falou sobre o per\u00edodo simb\u00f3lico, agradeceu pelo trabalho intenso, pela dedica\u00e7\u00e3o, pelo comprometimento com o servi\u00e7o prestado nos diversos setores, salientou as a\u00e7\u00f5es que o munic\u00edpio tem adotado no que tange \u00e0 valoriza\u00e7\u00e3o do corpo de profissionais \u2013 com a melhoria das estruturas de trabalho, a requalifica\u00e7\u00e3o do Centro Administrativo, a homologa\u00e7\u00e3o do Plano de Sa\u00fade \u2013 e chamou a aten\u00e7\u00e3o para que o per\u00edodo simb\u00f3lico seja tamb\u00e9m um convite de uni\u00e3o, de confraterniza\u00e7\u00e3o e de trocas positivas.<\/p><div class=\"newsi-conteudo_19\" id=\"newsi-2083438619\"><a href=\"https:\/\/www.instagram.com\/prefeituraalagoinhas?igsh=YzgzdDJ1bWR3aWI4\" aria-label=\"SAVE_20251006_221555\"><img loading=\"lazy\" decoding=\"async\" src=\"https:\/\/newsinfoco.com.br\/inicio\/wp-content\/uploads\/2025\/10\/SAVE_20251006_221555-rotated.jpg\" alt=\"\"  srcset=\"https:\/\/newsinfoco.com.br\/inicio\/wp-content\/uploads\/2025\/10\/SAVE_20251006_221555-rotated.jpg 1140w, https:\/\/newsinfoco.com.br\/inicio\/wp-content\/uploads\/2025\/10\/SAVE_20251006_221555-300x52.jpg 300w, https:\/\/newsinfoco.com.br\/inicio\/wp-content\/uploads\/2025\/10\/SAVE_20251006_221555-1024x177.jpg 1024w, https:\/\/newsinfoco.com.br\/inicio\/wp-content\/uploads\/2025\/10\/SAVE_20251006_221555-768x133.jpg 768w, https:\/\/newsinfoco.com.br\/inicio\/wp-content\/uploads\/2025\/10\/SAVE_20251006_221555-600x104.jpg 600w, https:\/\/newsinfoco.com.br\/inicio\/wp-content\/uploads\/2025\/10\/SAVE_20251006_221555-696x120.jpg 696w, https:\/\/newsinfoco.com.br\/inicio\/wp-content\/uploads\/2025\/10\/SAVE_20251006_221555-1068x185.jpg 1068w\" sizes=\"(max-width: 1140px) 100vw, 1140px\" width=\"1140\" height=\"197\"   \/><\/a><\/div>\n<p style=\"text-align: justify;\">\u201c2019 foi um ano de muitos ganhos, de melhorias efetivas nos servi\u00e7os prestados \u00e0 nossa popula\u00e7\u00e3o, e os funcion\u00e1rios de cada um dos setores fazem parte disso. Os investimentos que a gest\u00e3o vem adotando em rela\u00e7\u00e3o ao seus servi\u00e7os s\u00e3o a\u00e7\u00f5es que tamb\u00e9m resultam na valoriza\u00e7\u00e3o aos nossos servidores\u201d, afirmou o Chefe do Executivo Municipal.<\/p>\n<p style=\"text-align: justify;\">A secret\u00e1ria de sa\u00fade, Rosania Rabelo, chamou a aten\u00e7\u00e3o para a import\u00e2ncia do trabalho dos profissionais no que se refere aos avan\u00e7os em uma pasta complexa como a sa\u00fade. \u201cDesde que assumi o cargo, tenho dito que eu gosto de pessoas. Pra fazer sa\u00fade, \u00e9 preciso gostar de pessoas. E os resultados significativos que temos alcan\u00e7ado s\u00e3o reflexo tamb\u00e9m do trabalho desses profissionais que vestiram a camisa. Que continuemos trabalhando juntos, unindo esfor\u00e7os, fortalecendo as portas de entrada \u00e0 popula\u00e7\u00e3o. Esse evento faz parte das pol\u00edticas de valoriza\u00e7\u00e3o do servidor p\u00fablico municipal, sem o qual n\u00e3o seria poss\u00edvel realizar tantas a\u00e7\u00f5es e entregas \u00e0 popula\u00e7\u00e3o\u201d, destacou a gestora da pasta.<\/p>\n<p style=\"text-align: justify;\">Os servidores que participaram do evento receberam um panetone, em comemora\u00e7\u00e3o \u00e0s festividades natalinas. O evento contou ainda com sorteio de brindes e m\u00fasica ao vivo.<\/p>\n<p style=\"text-align: justify;\">\u201cA gente nunca antes teve um evento desse tipo [\u2026]. Gostaria de parabenizar o prefeito, a secret\u00e1ria Rosania, por esse evento t\u00e3o maravilhoso de valoriza\u00e7\u00e3o do servidor. \u00c9 um momento de compartilhamento. Um momento fant\u00e1stico, porque a gente vem, tem premia\u00e7\u00e3o, \u00e9 importante, a gente se sente valorizado, e podemos compartilhar com os outros amigos, que a gente n\u00e3o v\u00ea, dos outros setores\u201d, pontuou Telma Pio, servidora efetiva da Vigil\u00e2ncia Epidemiol\u00f3gica.<\/p>\n<p style=\"text-align: justify;\">A coordenadora do servi\u00e7o de fisioterapia da Maternidade, funcion\u00e1ria efetiva do munic\u00edpio, tamb\u00e9m gostou da iniciativa. \u201cEstou muito feliz em participar. \u00c9 o segundo evento que acontece esse ano, de valoriza\u00e7\u00e3o do profissional, e isso \u00e9 muito bom pra gente, porque acaba estimulando tamb\u00e9m a nossa forma de estar conduzindo nossos trabalhos no dia a dia\u201d, relatou.<\/p>\n<p style=\"text-align: justify;\">Al\u00e9m dos servidores da \u00e1rea da sa\u00fade, que participaram do evento nesta segunda-feira, todos os profissionais do munic\u00edpio receberam o panetone de Natal.<\/p>\n<p style=\"text-align: justify;\">\u00a0 \u00a0 \u00a0 \u00a0 \u00a0 \u00a0 \u00a0 \u00a0 \u00a0 \u00a0 \u00a0 \u00a0 \u00a0 \u00a0 \u00a0 \u00a0 \u00a0 \u00a0 \u00a0 \u00a0 \u00a0 \u00a0 \u00a0 \u00a0 \u00a0 \u00a0SECOM ALAGOINHAS<\/p>\n<div class='share-to-whatsapp-wrapper'><div class='share-on-whsp'>Share on: <\/div><a data-text='Mais de mil profissionais da sa\u00fade participam de evento especial em comemora\u00e7\u00e3o \u00e0s festividades natalinas' data-link='https:\/\/newsinfoco.com.br\/inicio\/mais-de-mil-profissionais-da-saude-participam-de-evento-especial-em-comemoracao-as-festividades-natalinas\/' class='whatsapp-button whatsapp-share'>WhatsApp<\/a><div class='clear '><\/div><\/div>","protected":false},"excerpt":{"rendered":"<p>A Prefeitura reuniu, nesta segunda-feira (23), mais de mil servidores, no Gin\u00e1sio de Esportes, para um momento de confraterniza\u00e7\u00e3o, de integra\u00e7\u00e3o entre os setores da sa\u00fade e de valoriza\u00e7\u00e3o do servidor municipal. O prefeito Joaquim Neto cumprimentou os profissionais e ressaltou a import\u00e2ncia do trabalho coletivo para os avan\u00e7os no atendimento \u00e0 popula\u00e7\u00e3o. O gestor [&hellip;]<\/p>\n","protected":false},"author":1,"featured_media":19566,"comment_status":"open","ping_status":"open","sticky":false,"template":"","format":"standard","meta":{"om_disable_all_campaigns":false,"_exactmetrics_skip_tracking":false,"_exactmetrics_sitenote_active":false,"_exactmetrics_sitenote_note":"","_exactmetrics_sitenote_category":0,"footnotes":""},"categories":[38,30],"tags":[],"class_list":["post-19565","post","type-post","status-publish","format-standard","has-post-thumbnail","hentry","category-alagoinhas-e-regiao","category-destaque"],"aioseo_notices":[],"_links":{"self":[{"href":"https:\/\/newsinfoco.com.br\/inicio\/wp-json\/wp\/v2\/posts\/19565","targetHints":{"allow":["GET"]}}],"collection":[{"href":"https:\/\/newsinfoco.com.br\/inicio\/wp-json\/wp\/v2\/posts"}],"about":[{"href":"https:\/\/newsinfoco.com.br\/inicio\/wp-json\/wp\/v2\/types\/post"}],"author":[{"embeddable":true,"href":"https:\/\/newsinfoco.com.br\/inicio\/wp-json\/wp\/v2\/users\/1"}],"replies":[{"embeddable":true,"href":"https:\/\/newsinfoco.com.br\/inicio\/wp-json\/wp\/v2\/comments?post=19565"}],"version-history":[{"count":0,"href":"https:\/\/newsinfoco.com.br\/inicio\/wp-json\/wp\/v2\/posts\/19565\/revisions"}],"wp:featuredmedia":[{"embeddable":true,"href":"https:\/\/newsinfoco.com.br\/inicio\/wp-json\/wp\/v2\/media\/19566"}],"wp:attachment":[{"href":"https:\/\/newsinfoco.com.br\/inicio\/wp-json\/wp\/v2\/media?parent=19565"}],"wp:term":[{"taxonomy":"category","embeddable":true,"href":"https:\/\/newsinfoco.com.br\/inicio\/wp-json\/wp\/v2\/categories?post=19565"},{"taxonomy":"post_tag","embeddable":true,"href":"https:\/\/newsinfoco.com.br\/inicio\/wp-json\/wp\/v2\/tags?post=19565"}],"curies":[{"name":"wp","href":"https:\/\/api.w.org\/{rel}","templated":true}]}}