{"id":19568,"date":"2019-12-23T20:46:24","date_gmt":"2019-12-23T23:46:24","guid":{"rendered":"http:\/\/newsinfoco.com.br\/?p=19568"},"modified":"2019-12-23T20:46:24","modified_gmt":"2019-12-23T23:46:24","slug":"programacao-de-natal-nos-cras-leva-alegria-a-milhares-de-familias-de-alagoinhas","status":"publish","type":"post","link":"https:\/\/newsinfoco.com.br\/inicio\/programacao-de-natal-nos-cras-leva-alegria-a-milhares-de-familias-de-alagoinhas\/","title":{"rendered":"Programa\u00e7\u00e3o de Natal nos Cras leva alegria a milhares de fam\u00edlias de Alagoinhas"},"content":{"rendered":"<p style=\"text-align: justify;\">Crian\u00e7as, adolescentes, adultos e idosos se divertiram e vivenciaram o esp\u00edrito natalino durante a programa\u00e7\u00e3o especial para as fam\u00edlias, em todos os Centros de Refer\u00eancia da Assist\u00eancia Social (Cras) do munic\u00edpio. Realizadas pela Prefeitura, por meio da Secretaria de Assist\u00eancia Social(SEMAS), as \u00a0atividades aconteceram durante toda a semana nos CRAS de Boa Uni\u00e3o, do Riacho da Guia, Nova Bras\u00edlia, no Servi\u00e7o de Conviv\u00eancia e Fortalecimento de V\u00ednculos (SCFV) da Baixa da Candeia, e foram encerradas nesta sexta-feira (21), no CRAS Pra\u00e7a do CEU.<\/p>\n<p style=\"text-align: justify;\">Manh\u00e3s e tardes repletas de apresenta\u00e7\u00f5es de m\u00fasica e teatro levaram alegria e muita emo\u00e7\u00e3o a milhares de fam\u00edlias participantes dos grupos de conviv\u00eancia e oficinas que s\u00e3o realizadas durante todo o ano nos Cras. \u00a0Os eventos contaram com a anima\u00e7\u00e3o da Tia Cari, brinquedodeca, al\u00e9m da\u00a0 distribui\u00e7\u00e3o de lanches e lembran\u00e7as carinhosamente preparados pelas equipes t\u00e9cnicas dos centros.<\/p><div class=\"newsi-conteudo_19\" id=\"newsi-3660517427\"><a href=\"https:\/\/www.instagram.com\/prefeituraalagoinhas?igsh=YzgzdDJ1bWR3aWI4\" aria-label=\"SAVE_20251006_221555\"><img loading=\"lazy\" decoding=\"async\" src=\"https:\/\/newsinfoco.com.br\/inicio\/wp-content\/uploads\/2025\/10\/SAVE_20251006_221555-rotated.jpg\" alt=\"\"  srcset=\"https:\/\/newsinfoco.com.br\/inicio\/wp-content\/uploads\/2025\/10\/SAVE_20251006_221555-rotated.jpg 1140w, https:\/\/newsinfoco.com.br\/inicio\/wp-content\/uploads\/2025\/10\/SAVE_20251006_221555-300x52.jpg 300w, https:\/\/newsinfoco.com.br\/inicio\/wp-content\/uploads\/2025\/10\/SAVE_20251006_221555-1024x177.jpg 1024w, https:\/\/newsinfoco.com.br\/inicio\/wp-content\/uploads\/2025\/10\/SAVE_20251006_221555-768x133.jpg 768w, https:\/\/newsinfoco.com.br\/inicio\/wp-content\/uploads\/2025\/10\/SAVE_20251006_221555-600x104.jpg 600w, https:\/\/newsinfoco.com.br\/inicio\/wp-content\/uploads\/2025\/10\/SAVE_20251006_221555-696x120.jpg 696w, https:\/\/newsinfoco.com.br\/inicio\/wp-content\/uploads\/2025\/10\/SAVE_20251006_221555-1068x185.jpg 1068w\" sizes=\"(max-width: 1140px) 100vw, 1140px\" width=\"1140\" height=\"197\"   \/><\/a><\/div>\n<p style=\"text-align: justify;\">Em depoimento emocionado, Naildes da Silva, moradora do bairro Santa Terezinha, assistida do Cras Pra\u00e7a do Ceu, destacou como os servi\u00e7os dos centros ajudam a melhorar a qualidade de vida da comunidade. \u201cAs atividades s\u00e3o excelentes. Os Cras s\u00e3o porta de entrada para tudo que \u00e9 positivo, aqui gente n\u00e3o fala de doen\u00e7as, n\u00e3o h\u00e1 lugar para a depress\u00e3o, porque \u00e9 casa das fam\u00edlias de Alagoinhas. Meu agradecimento a todos que trabalham aqui, que nos acolhem todos os dias com amor e carinho\u201d, disse Naildes. \u201cGostei muito da festa, frequento o Cras desde pequena e hoje estou na aula de violino. Sem o Cras, a gente n\u00e3o poderia ter acesso a aulas e outros tipos de aprendizados, al\u00e9m das festas e encontros que eles organizam durante o ano todo\u201d, comentou Leandra Camila dos Santos, de 18 anos, assistida do Cras de Boa Uni\u00e3o.<\/p>\n<p style=\"text-align: justify;\">\u201cO trabalho nos Cras \u00e9 parte da dedica\u00e7\u00e3o e empenho do governo municipal, que eu vem angariando resultados positivos e n\u00fameros acima das expectativas na \u00e1rea social,\u00a0 contribuindo para a cidadania, constru\u00e7\u00e3o da identidade pessoal e familiar e da garantia de direitos. Desenvolvemos muitos projetos durante o ano para que estas fam\u00edlias saiam da condi\u00e7\u00e3o de vulnerabilidade, tenham sua pr\u00f3pria renda, al\u00e9m de eventos que propiciam o desenvolvimento cognitivo, a cria\u00e7\u00e3o de v\u00ednculos de solidariedade, acolhimento, e constru\u00e7\u00e3o de valores coletivos\u201d, salientou o secret\u00e1rio da SEMAS, Alfredo Menezes.<\/p>\n<p style=\"text-align: justify;\">\u00a0 \u00a0 \u00a0 \u00a0 \u00a0 \u00a0 \u00a0 \u00a0 \u00a0 \u00a0 \u00a0 \u00a0 \u00a0 \u00a0 \u00a0 \u00a0 \u00a0 \u00a0 \u00a0 \u00a0 \u00a0 \u00a0 \u00a0 SECOM ALAGOINHAS<\/p>\n<div class='share-to-whatsapp-wrapper'><div class='share-on-whsp'>Share on: <\/div><a data-text='Programa\u00e7\u00e3o de Natal nos Cras leva alegria a milhares de fam\u00edlias de Alagoinhas' data-link='https:\/\/newsinfoco.com.br\/inicio\/programacao-de-natal-nos-cras-leva-alegria-a-milhares-de-familias-de-alagoinhas\/' class='whatsapp-button whatsapp-share'>WhatsApp<\/a><div class='clear '><\/div><\/div>","protected":false},"excerpt":{"rendered":"<p>Crian\u00e7as, adolescentes, adultos e idosos se divertiram e vivenciaram o esp\u00edrito natalino durante a programa\u00e7\u00e3o especial para as fam\u00edlias, em todos os Centros de Refer\u00eancia da Assist\u00eancia Social (Cras) do munic\u00edpio. Realizadas pela Prefeitura, por meio da Secretaria de Assist\u00eancia Social(SEMAS), as \u00a0atividades aconteceram durante toda a semana nos CRAS de Boa Uni\u00e3o, do Riacho [&hellip;]<\/p>\n","protected":false},"author":1,"featured_media":19569,"comment_status":"open","ping_status":"open","sticky":false,"template":"","format":"standard","meta":{"om_disable_all_campaigns":false,"_exactmetrics_skip_tracking":false,"_exactmetrics_sitenote_active":false,"_exactmetrics_sitenote_note":"","_exactmetrics_sitenote_category":0,"footnotes":""},"categories":[38,30],"tags":[],"class_list":["post-19568","post","type-post","status-publish","format-standard","has-post-thumbnail","hentry","category-alagoinhas-e-regiao","category-destaque"],"aioseo_notices":[],"_links":{"self":[{"href":"https:\/\/newsinfoco.com.br\/inicio\/wp-json\/wp\/v2\/posts\/19568","targetHints":{"allow":["GET"]}}],"collection":[{"href":"https:\/\/newsinfoco.com.br\/inicio\/wp-json\/wp\/v2\/posts"}],"about":[{"href":"https:\/\/newsinfoco.com.br\/inicio\/wp-json\/wp\/v2\/types\/post"}],"author":[{"embeddable":true,"href":"https:\/\/newsinfoco.com.br\/inicio\/wp-json\/wp\/v2\/users\/1"}],"replies":[{"embeddable":true,"href":"https:\/\/newsinfoco.com.br\/inicio\/wp-json\/wp\/v2\/comments?post=19568"}],"version-history":[{"count":0,"href":"https:\/\/newsinfoco.com.br\/inicio\/wp-json\/wp\/v2\/posts\/19568\/revisions"}],"wp:featuredmedia":[{"embeddable":true,"href":"https:\/\/newsinfoco.com.br\/inicio\/wp-json\/wp\/v2\/media\/19569"}],"wp:attachment":[{"href":"https:\/\/newsinfoco.com.br\/inicio\/wp-json\/wp\/v2\/media?parent=19568"}],"wp:term":[{"taxonomy":"category","embeddable":true,"href":"https:\/\/newsinfoco.com.br\/inicio\/wp-json\/wp\/v2\/categories?post=19568"},{"taxonomy":"post_tag","embeddable":true,"href":"https:\/\/newsinfoco.com.br\/inicio\/wp-json\/wp\/v2\/tags?post=19568"}],"curies":[{"name":"wp","href":"https:\/\/api.w.org\/{rel}","templated":true}]}}