{"id":19571,"date":"2019-12-23T20:52:09","date_gmt":"2019-12-23T23:52:09","guid":{"rendered":"http:\/\/newsinfoco.com.br\/?p=19571"},"modified":"2019-12-23T20:52:09","modified_gmt":"2019-12-23T23:52:09","slug":"bolsonaro-concede-indulto-a-policiais-condenados-por-crimes-sem-intencao","status":"publish","type":"post","link":"https:\/\/newsinfoco.com.br\/inicio\/bolsonaro-concede-indulto-a-policiais-condenados-por-crimes-sem-intencao\/","title":{"rendered":"Bolsonaro concede indulto a policiais condenados por crimes sem inten\u00e7\u00e3o"},"content":{"rendered":"<p style=\"text-align: justify;\">O presidente Jair Bolsonaro assinou nesta segunda-feira, 23, o decreto de indulto de Natal, com a inclus\u00e3o in\u00e9dita do perd\u00e3o a penas de agentes de seguran\u00e7a p\u00fablica presos por crimes culposos (sem inten\u00e7\u00e3o) cometidos durante o servi\u00e7o. Compromisso assumido por Bolsonaro, a inclus\u00e3o dos policiais foi antecipada pelo \u2018Estado\u2019 na \u00faltima quinta-feira, 19. O texto ser\u00e1 publicado no Di\u00e1rio Oficial da Uni\u00e3o desta ter\u00e7a-feira, 24.<\/p>\n<p style=\"text-align: justify;\">Segundo o \u2018Estado\u2019 apurou, a vers\u00e3o final do texto estabelece que o indulto s\u00f3 poder\u00e1 ser concedido se o preso, no exerc\u00edcio da fun\u00e7\u00e3o de agente de seguran\u00e7a p\u00fablica, tiver sido condenado por crimes culposos ou \u201cexcesso culposo\u201d na leg\u00edtima defesa. Al\u00e9m disso, poder\u00e3o receber indulto presos que se encontrem em situa\u00e7\u00e3o grave de sa\u00fade, como c\u00e2ncer, Aids ou que adquiriram defici\u00eancias f\u00edsicas ap\u00f3s terem cometido o crime. Trata-se de uma inova\u00e7\u00e3o do presidente em rela\u00e7\u00e3o ao decreto anterior que s\u00f3 previa o chamado indulto humanit\u00e1rio.<\/p><div class=\"newsi-conteudo_19\" id=\"newsi-3146998881\"><a href=\"https:\/\/www.instagram.com\/prefeituraalagoinhas?igsh=YzgzdDJ1bWR3aWI4\" aria-label=\"SAVE_20251006_221555\"><img loading=\"lazy\" decoding=\"async\" src=\"https:\/\/newsinfoco.com.br\/inicio\/wp-content\/uploads\/2025\/10\/SAVE_20251006_221555-rotated.jpg\" alt=\"\"  srcset=\"https:\/\/newsinfoco.com.br\/inicio\/wp-content\/uploads\/2025\/10\/SAVE_20251006_221555-rotated.jpg 1140w, https:\/\/newsinfoco.com.br\/inicio\/wp-content\/uploads\/2025\/10\/SAVE_20251006_221555-300x52.jpg 300w, https:\/\/newsinfoco.com.br\/inicio\/wp-content\/uploads\/2025\/10\/SAVE_20251006_221555-1024x177.jpg 1024w, https:\/\/newsinfoco.com.br\/inicio\/wp-content\/uploads\/2025\/10\/SAVE_20251006_221555-768x133.jpg 768w, https:\/\/newsinfoco.com.br\/inicio\/wp-content\/uploads\/2025\/10\/SAVE_20251006_221555-600x104.jpg 600w, https:\/\/newsinfoco.com.br\/inicio\/wp-content\/uploads\/2025\/10\/SAVE_20251006_221555-696x120.jpg 696w, https:\/\/newsinfoco.com.br\/inicio\/wp-content\/uploads\/2025\/10\/SAVE_20251006_221555-1068x185.jpg 1068w\" sizes=\"(max-width: 1140px) 100vw, 1140px\" width=\"1140\" height=\"197\"   \/><\/a><\/div>\n<p style=\"text-align: justify;\">A reda\u00e7\u00e3o foi feita a partir de uma minuta elaborada pelo Minist\u00e9rio da Justi\u00e7a, comandado pelo ministro S\u00e9rgio Moro, e rejeita o que havia sido sugerido pelo Conselho Nacional de Pol\u00edtica Criminal e Penitenci\u00e1ria (CNPCP), \u00f3rg\u00e3o ligado \u00e0 pasta. Como mostrou o \u2018Estado\u2019 no s\u00e1bado, 14, a proposta elaborada pelo colegiado, formado por especialistas na \u00e1rea, n\u00e3o previa o benef\u00edcio a policiais, prometida por Bolsonaro ainda em agosto.<\/p>\n<p style=\"text-align: justify;\">A Constitui\u00e7\u00e3o concede ao presidente da Rep\u00fablica a prerrogativa de conceder o perd\u00e3o em favor de pessoas condenadas, desde que preenchidas determinadas condi\u00e7\u00f5es previamente estabelecidas. Estes crit\u00e9rios s\u00e3o definidos anualmente e publicados em decreto no fim do ano \u2013 da\u00ed o motivo de ser chamado de \u201cnatalino\u201d. O indulto n\u00e3o pode ser dirigido a pessoas espec\u00edficas, mas, sim, a todos os condenados que, na data da publica\u00e7\u00e3o, atendam aos requisitos.<\/p>\n<p>\u00a0 \u00a0 \u00a0 \u00a0 \u00a0 \u00a0 \u00a0 \u00a0 \u00a0 \u00a0 \u00a0 \u00a0 \u00a0 \u00a0 \u00a0 \u00a0 \u00a0 \u00a0 \u00a0 \u00a0 \u00a0 \u00a0 SECOM ALAGOINHAS<\/p>\n<div class='share-to-whatsapp-wrapper'><div class='share-on-whsp'>Share on: <\/div><a data-text='Bolsonaro concede indulto a policiais condenados por crimes sem inten\u00e7\u00e3o' data-link='https:\/\/newsinfoco.com.br\/inicio\/bolsonaro-concede-indulto-a-policiais-condenados-por-crimes-sem-intencao\/' class='whatsapp-button whatsapp-share'>WhatsApp<\/a><div class='clear '><\/div><\/div>","protected":false},"excerpt":{"rendered":"<p>O presidente Jair Bolsonaro assinou nesta segunda-feira, 23, o decreto de indulto de Natal, com a inclus\u00e3o in\u00e9dita do perd\u00e3o a penas de agentes de seguran\u00e7a p\u00fablica presos por crimes culposos (sem inten\u00e7\u00e3o) cometidos durante o servi\u00e7o. Compromisso assumido por Bolsonaro, a inclus\u00e3o dos policiais foi antecipada pelo \u2018Estado\u2019 na \u00faltima quinta-feira, 19. O texto [&hellip;]<\/p>\n","protected":false},"author":1,"featured_media":12650,"comment_status":"open","ping_status":"open","sticky":false,"template":"","format":"standard","meta":{"om_disable_all_campaigns":false,"_exactmetrics_skip_tracking":false,"_exactmetrics_sitenote_active":false,"_exactmetrics_sitenote_note":"","_exactmetrics_sitenote_category":0,"footnotes":""},"categories":[21,30],"tags":[],"class_list":["post-19571","post","type-post","status-publish","format-standard","has-post-thumbnail","hentry","category-brasil","category-destaque"],"aioseo_notices":[],"_links":{"self":[{"href":"https:\/\/newsinfoco.com.br\/inicio\/wp-json\/wp\/v2\/posts\/19571","targetHints":{"allow":["GET"]}}],"collection":[{"href":"https:\/\/newsinfoco.com.br\/inicio\/wp-json\/wp\/v2\/posts"}],"about":[{"href":"https:\/\/newsinfoco.com.br\/inicio\/wp-json\/wp\/v2\/types\/post"}],"author":[{"embeddable":true,"href":"https:\/\/newsinfoco.com.br\/inicio\/wp-json\/wp\/v2\/users\/1"}],"replies":[{"embeddable":true,"href":"https:\/\/newsinfoco.com.br\/inicio\/wp-json\/wp\/v2\/comments?post=19571"}],"version-history":[{"count":0,"href":"https:\/\/newsinfoco.com.br\/inicio\/wp-json\/wp\/v2\/posts\/19571\/revisions"}],"wp:featuredmedia":[{"embeddable":true,"href":"https:\/\/newsinfoco.com.br\/inicio\/wp-json\/wp\/v2\/media\/12650"}],"wp:attachment":[{"href":"https:\/\/newsinfoco.com.br\/inicio\/wp-json\/wp\/v2\/media?parent=19571"}],"wp:term":[{"taxonomy":"category","embeddable":true,"href":"https:\/\/newsinfoco.com.br\/inicio\/wp-json\/wp\/v2\/categories?post=19571"},{"taxonomy":"post_tag","embeddable":true,"href":"https:\/\/newsinfoco.com.br\/inicio\/wp-json\/wp\/v2\/tags?post=19571"}],"curies":[{"name":"wp","href":"https:\/\/api.w.org\/{rel}","templated":true}]}}