{"id":19573,"date":"2019-12-23T20:56:25","date_gmt":"2019-12-23T23:56:25","guid":{"rendered":"http:\/\/newsinfoco.com.br\/?p=19573"},"modified":"2019-12-23T20:56:25","modified_gmt":"2019-12-23T23:56:25","slug":"mbl-ba-promete-ato-contra-lula-na-lavagem-do-bonfim","status":"publish","type":"post","link":"https:\/\/newsinfoco.com.br\/inicio\/mbl-ba-promete-ato-contra-lula-na-lavagem-do-bonfim\/","title":{"rendered":"MBL-BA promete ato contra Lula na Lavagem do Bonfim"},"content":{"rendered":"<p style=\"text-align: justify;\"><span style=\"color: #000000;\">Ap\u00f3s o\u00a0<a style=\"color: #000000;\" href=\"https:\/\/politicalivre.com.br\/2019\/12\/pt-bahia-convida-lula-para-lavagem-do-bonfim\/\">PT Bahia anunciar o convite para o ex-presidente Lula participar da tradicional Lavagem do Bonfim em Salvador<\/a>, o Movimento Brasil Livre (MBL) Bahia convocou sua milit\u00e2ncia para protestar no evento que acontecer\u00e1 no pr\u00f3ximo dia 16 de janeiro. \u201cPode vir Lula! Vai ver que na Bahia tem oposi\u00e7\u00e3o de verdade\u201d, diz o post, ironizando ainda com a legenda \u201coi, sumido\u201d.<\/span><\/p>\n<p style=\"text-align: justify;\"><span style=\"color: #000000;\">Em publica\u00e7\u00e3o na conta oficial no Instagram, o grupo promete um ato em favor da pris\u00e3o em segunda inst\u00e2ncia, que acabou sendo proibida pelo Supremo Tribunal Federal (STF) no dia 7 de novembro. O novo entendimento da Corte permitiu, no dia seguinte, a soltura de Lula ap\u00f3s 580 dias preso na Superintend\u00eancia da Pol\u00edcia Federal, em Curitiba.<\/span><\/p><div class=\"newsi-conteudo_19\" id=\"newsi-2676174832\"><a href=\"https:\/\/www.instagram.com\/prefeituraalagoinhas?igsh=YzgzdDJ1bWR3aWI4\" aria-label=\"SAVE_20251006_221555\"><img loading=\"lazy\" decoding=\"async\" src=\"https:\/\/newsinfoco.com.br\/inicio\/wp-content\/uploads\/2025\/10\/SAVE_20251006_221555-rotated.jpg\" alt=\"\"  srcset=\"https:\/\/newsinfoco.com.br\/inicio\/wp-content\/uploads\/2025\/10\/SAVE_20251006_221555-rotated.jpg 1140w, https:\/\/newsinfoco.com.br\/inicio\/wp-content\/uploads\/2025\/10\/SAVE_20251006_221555-300x52.jpg 300w, https:\/\/newsinfoco.com.br\/inicio\/wp-content\/uploads\/2025\/10\/SAVE_20251006_221555-1024x177.jpg 1024w, https:\/\/newsinfoco.com.br\/inicio\/wp-content\/uploads\/2025\/10\/SAVE_20251006_221555-768x133.jpg 768w, https:\/\/newsinfoco.com.br\/inicio\/wp-content\/uploads\/2025\/10\/SAVE_20251006_221555-600x104.jpg 600w, https:\/\/newsinfoco.com.br\/inicio\/wp-content\/uploads\/2025\/10\/SAVE_20251006_221555-696x120.jpg 696w, https:\/\/newsinfoco.com.br\/inicio\/wp-content\/uploads\/2025\/10\/SAVE_20251006_221555-1068x185.jpg 1068w\" sizes=\"(max-width: 1140px) 100vw, 1140px\" width=\"1140\" height=\"197\"   \/><\/a><\/div>\n<p style=\"text-align: justify;\"><span style=\"color: #000000;\">Segundo o coordenador do MBL Bahia, Siqueira Costa J\u00fanior, o ato ser\u00e1 acompanhado de uma charanga. \u201cE vou me vestir de Lula com roupa de presidi\u00e1rio e vamos de charanga e mega-fone\u201d, explicou Siqueira ao Pol\u00edtica Livre, que tamb\u00e9m tentar\u00e1 entregar um par de algemas ao ex-presidente.<\/span><\/p>\n<p style=\"text-align: justify;\"><span style=\"color: #000000;\">Lula foi convidado para participar da Lavagem pelo presidente estadual do PT, \u00c9den Valadares. \u201cA presen\u00e7a de Lula na Bahia \u00e9 sempre motivo de orgulho para todo povo baiano, e contar com sua participa\u00e7\u00e3o nesta importante data, ao lado dos companheiros Jaques Wagner e Rui Costa, certamente significar\u00e1 mais \u00e2nimo e alegria para nossa milit\u00e2ncia petista\u201d afirmou \u00c9den em nota enviada \u00e0 imprensa nesta manh\u00e3.<\/span><\/p>\n<div class='share-to-whatsapp-wrapper'><div class='share-on-whsp'>Share on: <\/div><a data-text='MBL-BA promete ato contra Lula na Lavagem do Bonfim' data-link='https:\/\/newsinfoco.com.br\/inicio\/mbl-ba-promete-ato-contra-lula-na-lavagem-do-bonfim\/' class='whatsapp-button whatsapp-share'>WhatsApp<\/a><div class='clear '><\/div><\/div>","protected":false},"excerpt":{"rendered":"<p>Ap\u00f3s o\u00a0PT Bahia anunciar o convite para o ex-presidente Lula participar da tradicional Lavagem do Bonfim em Salvador, o Movimento Brasil Livre (MBL) Bahia convocou sua milit\u00e2ncia para protestar no evento que acontecer\u00e1 no pr\u00f3ximo dia 16 de janeiro. \u201cPode vir Lula! Vai ver que na Bahia tem oposi\u00e7\u00e3o de verdade\u201d, diz o post, ironizando [&hellip;]<\/p>\n","protected":false},"author":1,"featured_media":10819,"comment_status":"open","ping_status":"open","sticky":false,"template":"","format":"standard","meta":{"om_disable_all_campaigns":false,"_exactmetrics_skip_tracking":false,"_exactmetrics_sitenote_active":false,"_exactmetrics_sitenote_note":"","_exactmetrics_sitenote_category":0,"footnotes":""},"categories":[19,30],"tags":[],"class_list":["post-19573","post","type-post","status-publish","format-standard","has-post-thumbnail","hentry","category-bahia","category-destaque"],"aioseo_notices":[],"_links":{"self":[{"href":"https:\/\/newsinfoco.com.br\/inicio\/wp-json\/wp\/v2\/posts\/19573","targetHints":{"allow":["GET"]}}],"collection":[{"href":"https:\/\/newsinfoco.com.br\/inicio\/wp-json\/wp\/v2\/posts"}],"about":[{"href":"https:\/\/newsinfoco.com.br\/inicio\/wp-json\/wp\/v2\/types\/post"}],"author":[{"embeddable":true,"href":"https:\/\/newsinfoco.com.br\/inicio\/wp-json\/wp\/v2\/users\/1"}],"replies":[{"embeddable":true,"href":"https:\/\/newsinfoco.com.br\/inicio\/wp-json\/wp\/v2\/comments?post=19573"}],"version-history":[{"count":0,"href":"https:\/\/newsinfoco.com.br\/inicio\/wp-json\/wp\/v2\/posts\/19573\/revisions"}],"wp:featuredmedia":[{"embeddable":true,"href":"https:\/\/newsinfoco.com.br\/inicio\/wp-json\/wp\/v2\/media\/10819"}],"wp:attachment":[{"href":"https:\/\/newsinfoco.com.br\/inicio\/wp-json\/wp\/v2\/media?parent=19573"}],"wp:term":[{"taxonomy":"category","embeddable":true,"href":"https:\/\/newsinfoco.com.br\/inicio\/wp-json\/wp\/v2\/categories?post=19573"},{"taxonomy":"post_tag","embeddable":true,"href":"https:\/\/newsinfoco.com.br\/inicio\/wp-json\/wp\/v2\/tags?post=19573"}],"curies":[{"name":"wp","href":"https:\/\/api.w.org\/{rel}","templated":true}]}}