{"id":19575,"date":"2019-12-23T21:08:28","date_gmt":"2019-12-24T00:08:28","guid":{"rendered":"http:\/\/newsinfoco.com.br\/?p=19575"},"modified":"2019-12-23T21:08:28","modified_gmt":"2019-12-24T00:08:28","slug":"para-42-dos-brasileiros-governo-bolsonaro-agiu-mal-em-crise-do-oleo","status":"publish","type":"post","link":"https:\/\/newsinfoco.com.br\/inicio\/para-42-dos-brasileiros-governo-bolsonaro-agiu-mal-em-crise-do-oleo\/","title":{"rendered":"Para 42% dos brasileiros, governo Bolsonaro agiu mal em crise do \u00f3leo"},"content":{"rendered":"<p style=\"text-align: justify;\">Pesquisa Datafolha divulgada nesta segunda-feira (23) aponta que 42% da popula\u00e7\u00e3o avalia que o\u00a0governo Jair Bolsonaro teve um desempenho ruim ou p\u00e9ssimo ao lidar com o vazamento de \u00f3leo que atinge o litoral brasileiro desde o fim de agosto. Para 31% dos entrevistados, a a\u00e7\u00e3o do governo foi regular e para 23%, foi \u00f3tima ou boa.<\/p>\n<p style=\"text-align: justify;\">A avalia\u00e7\u00e3o negativa de governo federal foi maior no Nordeste,\u00a0regi\u00e3o mais afetada pelas manchas de \u00f3leo \u2013\u00a0metade da popula\u00e7\u00e3o nordestina considerou ruim ou p\u00e9ssimo o desempenho de Bolsonaro em rela\u00e7\u00e3o \u00e0 crise.<\/p><div class=\"newsi-conteudo_19\" id=\"newsi-4160056454\"><a href=\"https:\/\/www.instagram.com\/prefeituraalagoinhas?igsh=YzgzdDJ1bWR3aWI4\" aria-label=\"SAVE_20251006_221555\"><img loading=\"lazy\" decoding=\"async\" src=\"https:\/\/newsinfoco.com.br\/inicio\/wp-content\/uploads\/2025\/10\/SAVE_20251006_221555-rotated.jpg\" alt=\"\"  srcset=\"https:\/\/newsinfoco.com.br\/inicio\/wp-content\/uploads\/2025\/10\/SAVE_20251006_221555-rotated.jpg 1140w, https:\/\/newsinfoco.com.br\/inicio\/wp-content\/uploads\/2025\/10\/SAVE_20251006_221555-300x52.jpg 300w, https:\/\/newsinfoco.com.br\/inicio\/wp-content\/uploads\/2025\/10\/SAVE_20251006_221555-1024x177.jpg 1024w, https:\/\/newsinfoco.com.br\/inicio\/wp-content\/uploads\/2025\/10\/SAVE_20251006_221555-768x133.jpg 768w, https:\/\/newsinfoco.com.br\/inicio\/wp-content\/uploads\/2025\/10\/SAVE_20251006_221555-600x104.jpg 600w, https:\/\/newsinfoco.com.br\/inicio\/wp-content\/uploads\/2025\/10\/SAVE_20251006_221555-696x120.jpg 696w, https:\/\/newsinfoco.com.br\/inicio\/wp-content\/uploads\/2025\/10\/SAVE_20251006_221555-1068x185.jpg 1068w\" sizes=\"(max-width: 1140px) 100vw, 1140px\" width=\"1140\" height=\"197\"   \/><\/a><\/div>\n<p style=\"text-align: justify;\">O levantamento do\u00a0Datafolha foi realizado com 2.948 pessoas acima de 16 anos em 176 munic\u00edpios nos dias 5 e 6 de dezembro de 2019 e mostrou que\u00a0a maior parte dos brasileiros (92%) tomou conhecimento do desastre ambiental.\u00a0At\u00e9 o momento, 972 pontos foram afetados, e mais de cem animais morreram ap\u00f3s contato com o petr\u00f3leo.<\/p>\n<p style=\"text-align: justify;\">\u00c0 Folha de S.Paulo, Mauricio Voivodic, diretor-executivo da ONG WWF-Brasil, afirmou que a resposta do governo federal ao desastre \u201cfoi muito aqu\u00e9m da necess\u00e1ria, tanto para a investiga\u00e7\u00e3o da origem do \u00f3leo como nos processos pouco transparentes com que o Brasil conduziu essa gest\u00e3o\u201d.<\/p>\n<p style=\"text-align: justify;\">\u201cA transpar\u00eancia d\u00e1 seguran\u00e7a para a popula\u00e7\u00e3o, e a falta dela deixou todos n\u00f3s muito preocupados e inseguros. Estamos assim at\u00e9 hoje\u201d, completou.<\/p>\n<p style=\"text-align: justify;\">A demora do governo federal em agir para lidar com a quest\u00e3o foi not\u00f3ria: o\u00a0primeiro pronunciamento oficial em rede nacional sobre o vazamento de \u00f3leo ocorreu 55 dias ap\u00f3s seu in\u00edcio e um site para centralizar informa\u00e7\u00f5es foi colocado no ar 56 dias depois. Para completar, o presidente Jair Bolsonaro n\u00e3o visitou nenhuma das \u00e1reas afetadas.<\/p>\n<p style=\"text-align: justify;\">O governo tamb\u00e9m fez uso de declara\u00e7\u00f5es infundadas sobre o assunto. O ministro do Meio Ambiente, Ricardo Salles, por exemplo,\u00a0insinuou, sem apresentar provas e usando uma imagem antiga, que um navio do Greenpeace poderia ser o respons\u00e1vel pelo vazamento de petr\u00f3leo. Ele ainda culpou as administra\u00e7\u00f5es do PT pela fragiliza\u00e7\u00e3o de \u00f3rg\u00e3os ambientais no Brasil e pelas dificuldades de resposta do Estado em situa\u00e7\u00f5es de crise.<\/p>\n<p style=\"text-align: justify;\">O presidente Bolsonaro tamb\u00e9m atacou\u00a0ONGs e reclamou de um suposto sil\u00eancio das organiza\u00e7\u00f5es em rela\u00e7\u00e3o ao derramamento de \u00f3leo.<\/p>\n<p style=\"text-align: justify;\">O \u00e1pice do descaso por parte do governo com a quest\u00e3o se deu quando\u00a0Jorge Seif Junior, secret\u00e1rio de Aquicultura e Pesca, afirmou, em uma das lives semanais do presidente que \u201co peixe \u00e9 um bicho inteligente\u201d que \u201cquando ele v\u00ea uma mancha de \u00f3leo, foge\u201d.<\/p>\n<p style=\"text-align: justify;\">A demora na a\u00e7\u00e3o pode ser explicada, tamb\u00e9m,\u00a0pela extin\u00e7\u00e3o pelo governo Bolsonaro, em abril deste ano, de conselhos respons\u00e1veis pela resposta a desastres com \u00f3leo \u2013 foram extintos os comit\u00eas Executivo e o de Suporte do Plano Nacional de Conting\u00eancia para Incidentes de Polui\u00e7\u00e3o por \u00d3leo em \u00c1gua (PNC), criado durante o governo Dilma Rousseff (PT).<\/p>\n<p style=\"text-align: justify;\">Ainda n\u00e3o se sabe quem foi o causador da crise. Em novembro, a Pol\u00edcia Federal cumpriu mandados de busca e apreens\u00e3o em uma ag\u00eancia mar\u00edtima no Rio, e tinha como alvo o navio Bouboulina, de bandeira grega. Ele apareceu como suspeito em an\u00e1lise da empresa privada Hex Tecnologia.<\/p>\n<p style=\"text-align: justify;\">Na \u00faltima quinta (18), por\u00e9m, o coordenador-geral do Cenima (Centro Nacional de Monitoramento e Informa\u00e7\u00f5es Ambientais), Pedro Bignelli, disse em depoimento na C\u00e2mara para a CPI do \u00f3leo que o Ibama havia rejeitado o relat\u00f3rio da Hex.<\/p>\n<p style=\"text-align: justify;\"><em><strong>Como voc\u00ea avalia o desempenho do governo Jair Bolsonaro em rela\u00e7\u00e3o a esse vazamento de \u00f3leo?<\/strong><\/em><\/p>\n<p><img decoding=\"async\" src=\"https:\/\/d1x4bjge7r9nas.cloudfront.net\/wp-content\/uploads\/2019\/12\/23151511\/folha.jpg\" \/><\/p>\n<p>SECOM ALAGOINHAS<\/p>\n<div class='share-to-whatsapp-wrapper'><div class='share-on-whsp'>Share on: <\/div><a data-text='Para 42% dos brasileiros, governo Bolsonaro agiu mal em crise do \u00f3leo' data-link='https:\/\/newsinfoco.com.br\/inicio\/para-42-dos-brasileiros-governo-bolsonaro-agiu-mal-em-crise-do-oleo\/' class='whatsapp-button whatsapp-share'>WhatsApp<\/a><div class='clear '><\/div><\/div>","protected":false},"excerpt":{"rendered":"<p>Pesquisa Datafolha divulgada nesta segunda-feira (23) aponta que 42% da popula\u00e7\u00e3o avalia que o\u00a0governo Jair Bolsonaro teve um desempenho ruim ou p\u00e9ssimo ao lidar com o vazamento de \u00f3leo que atinge o litoral brasileiro desde o fim de agosto. Para 31% dos entrevistados, a a\u00e7\u00e3o do governo foi regular e para 23%, foi \u00f3tima ou [&hellip;]<\/p>\n","protected":false},"author":1,"featured_media":19576,"comment_status":"open","ping_status":"open","sticky":false,"template":"","format":"standard","meta":{"om_disable_all_campaigns":false,"_exactmetrics_skip_tracking":false,"_exactmetrics_sitenote_active":false,"_exactmetrics_sitenote_note":"","_exactmetrics_sitenote_category":0,"footnotes":""},"categories":[21,30],"tags":[],"class_list":["post-19575","post","type-post","status-publish","format-standard","has-post-thumbnail","hentry","category-brasil","category-destaque"],"aioseo_notices":[],"_links":{"self":[{"href":"https:\/\/newsinfoco.com.br\/inicio\/wp-json\/wp\/v2\/posts\/19575","targetHints":{"allow":["GET"]}}],"collection":[{"href":"https:\/\/newsinfoco.com.br\/inicio\/wp-json\/wp\/v2\/posts"}],"about":[{"href":"https:\/\/newsinfoco.com.br\/inicio\/wp-json\/wp\/v2\/types\/post"}],"author":[{"embeddable":true,"href":"https:\/\/newsinfoco.com.br\/inicio\/wp-json\/wp\/v2\/users\/1"}],"replies":[{"embeddable":true,"href":"https:\/\/newsinfoco.com.br\/inicio\/wp-json\/wp\/v2\/comments?post=19575"}],"version-history":[{"count":0,"href":"https:\/\/newsinfoco.com.br\/inicio\/wp-json\/wp\/v2\/posts\/19575\/revisions"}],"wp:featuredmedia":[{"embeddable":true,"href":"https:\/\/newsinfoco.com.br\/inicio\/wp-json\/wp\/v2\/media\/19576"}],"wp:attachment":[{"href":"https:\/\/newsinfoco.com.br\/inicio\/wp-json\/wp\/v2\/media?parent=19575"}],"wp:term":[{"taxonomy":"category","embeddable":true,"href":"https:\/\/newsinfoco.com.br\/inicio\/wp-json\/wp\/v2\/categories?post=19575"},{"taxonomy":"post_tag","embeddable":true,"href":"https:\/\/newsinfoco.com.br\/inicio\/wp-json\/wp\/v2\/tags?post=19575"}],"curies":[{"name":"wp","href":"https:\/\/api.w.org\/{rel}","templated":true}]}}