{"id":19584,"date":"2019-12-24T18:00:05","date_gmt":"2019-12-24T21:00:05","guid":{"rendered":"http:\/\/newsinfoco.com.br\/?p=19584"},"modified":"2019-12-24T18:00:05","modified_gmt":"2019-12-24T21:00:05","slug":"com-programacao-diversificada-3a-virada-cultural-de-alagoinhas-levou-mais-de-20-atracoes-para-a-praca-publica","status":"publish","type":"post","link":"https:\/\/newsinfoco.com.br\/inicio\/com-programacao-diversificada-3a-virada-cultural-de-alagoinhas-levou-mais-de-20-atracoes-para-a-praca-publica\/","title":{"rendered":"Com programa\u00e7\u00e3o diversificada, 3\u00aa Virada Cultural de Alagoinhas levou mais de 20 atra\u00e7\u00f5es para a pra\u00e7a p\u00fablica"},"content":{"rendered":"<p style=\"text-align: justify;\">Sucesso de p\u00fablico, a 3\u00aa Virada Cultural de Alagoinhas levou para o palco da Pra\u00e7a Conselheiro Rui Barbosa, no centro da cidade, grandes atra\u00e7\u00f5es, agitando o fim de semana. O movimento foi intenso no s\u00e1bado (21), quando se apresentaram Hiran, Luiz Caldas, \u201cpai da Ax\u00e9 Music\u201d, e Ro\u00e7a Sound, entre outras atra\u00e7\u00f5es.<\/p>\n<p style=\"text-align: justify;\">No domingo (22), a programa\u00e7\u00e3o come\u00e7ou mais cedo. \u00c0s 6h30, um aul\u00e3o de Zumba convocou o p\u00fablico para o movimento. Pouco depois, \u00e0s 10h, foi a vez da atra\u00e7\u00e3o infantil subir ao palco, fazendo a alegria das crian\u00e7as com a \u201cPatrulha Canina\u201d.<\/p><div class=\"newsi-conteudo_19\" id=\"newsi-1985236355\"><a href=\"https:\/\/www.instagram.com\/prefeituraalagoinhas?igsh=YzgzdDJ1bWR3aWI4\" aria-label=\"SAVE_20251006_221555\"><img loading=\"lazy\" decoding=\"async\" src=\"https:\/\/newsinfoco.com.br\/inicio\/wp-content\/uploads\/2025\/10\/SAVE_20251006_221555-rotated.jpg\" alt=\"\"  srcset=\"https:\/\/newsinfoco.com.br\/inicio\/wp-content\/uploads\/2025\/10\/SAVE_20251006_221555-rotated.jpg 1140w, https:\/\/newsinfoco.com.br\/inicio\/wp-content\/uploads\/2025\/10\/SAVE_20251006_221555-300x52.jpg 300w, https:\/\/newsinfoco.com.br\/inicio\/wp-content\/uploads\/2025\/10\/SAVE_20251006_221555-1024x177.jpg 1024w, https:\/\/newsinfoco.com.br\/inicio\/wp-content\/uploads\/2025\/10\/SAVE_20251006_221555-768x133.jpg 768w, https:\/\/newsinfoco.com.br\/inicio\/wp-content\/uploads\/2025\/10\/SAVE_20251006_221555-600x104.jpg 600w, https:\/\/newsinfoco.com.br\/inicio\/wp-content\/uploads\/2025\/10\/SAVE_20251006_221555-696x120.jpg 696w, https:\/\/newsinfoco.com.br\/inicio\/wp-content\/uploads\/2025\/10\/SAVE_20251006_221555-1068x185.jpg 1068w\" sizes=\"(max-width: 1140px) 100vw, 1140px\" width=\"1140\" height=\"197\"   \/><\/a><\/div>\n<p style=\"text-align: justify;\">Durante a tarde, a banda Apollo abriu o show com interpreta\u00e7\u00f5es e can\u00e7\u00f5es emblem\u00e1ticas de Queen, Pink Floyd e Led Zeppelin, levando o melhor do rock internacional para a Virada. O vocalista da banda, Gabriel Bishop, ressaltou a import\u00e2ncia do evento no que tange \u00e0 valoriza\u00e7\u00e3o dos artistas da terra, com reconhecimento \u00e0 produ\u00e7\u00e3o local. \u201cTudo que as bandas precisam s\u00e3o de oportunidades. E \u00e9 isso o que est\u00e1 acontecendo aqui na Virada Cultural\u201d, disse, no palco, o cantor.<\/p>\n<p style=\"text-align: justify;\">A grade ecl\u00e9tica de apresenta\u00e7\u00f5es continuou com o aut\u00eantico samba de roda do rec\u00f4ncavo baiano de Viola de Doze, que convocou o p\u00fablico para a dan\u00e7a. Foram quase duas horas de um show en\u00e9rgico, vibrante, que resgata, na batida, os grandes mestres da cultura popular brasileira. Sob o comando dos irm\u00e3os Helon Neves e Menininho, no vocal, a banda contagiou o p\u00fablico alagoinhense. \u201cO samba de raiz tem tudo a ver com a cultura e, pra n\u00f3s, \u00e9 muito gratificante tocar nessa Virada maravilhosa. As pessoas contagiantes, participando do show o tempo todo. Sa\u00edmos daqui maravilhados\u201d, pontuou Helon Neves.<\/p>\n<p style=\"text-align: justify;\">A programa\u00e7\u00e3o seguiu noite adentro, com Verso Insano e as participa\u00e7\u00f5es de Enfermos, Morango e Fam\u00edlia Tr\u00edplice. A banda Sangue Real levou o rap para o palco e uma mensagem de resist\u00eancia em composi\u00e7\u00f5es autorais.<\/p>\n<p style=\"text-align: justify;\">Pra fechar em alta, Reggae Zamb\u00ea deixou a m\u00fasica invadir a pra\u00e7a com compassos, acordes e m\u00fasicas autorais que reverberaram entre o p\u00fablico, abrindo espa\u00e7o para a chegada de Tin Tim Gomes. Natural de Cachoeira e interpretando o melhor do Reggae, Edmundo Silva Gomes, o \u201cTin Tim\u201d, n\u00e3o deixou ningu\u00e9m parado, encerrando a programa\u00e7\u00e3o da Virada Cultural 2019.<\/p>\n<p style=\"text-align: justify;\">Segundo a vice-prefeita e secret\u00e1ria municipal de cultura, esporte e turismo, Iraci Gama, al\u00e9m de atrair visitantes, o evento oportuniza encontros, chama a aten\u00e7\u00e3o para a valoriza\u00e7\u00e3o dos artistas da terra e promove o contato direto com as ra\u00edzes de influ\u00eancias musicais diversas. O prefeito Joaquim Neto ressaltou que o evento une repert\u00f3rios, favorecendo trocas culturais, e o presidente do Conselho de Cultura, Karlinhos Zamb\u00ea, chamou a aten\u00e7\u00e3o para a mescla, este ano, entre refer\u00eancias da m\u00fasica nacional, artistas da terra e destaques da nova gera\u00e7\u00e3o, na grade de shows.<\/p>\n<p style=\"text-align: justify;\">No total, foram quase 30 horas de programa\u00e7\u00e3o, mais de 20 atra\u00e7\u00f5es e movimento intenso, em 2 dias de evento. A realiza\u00e7\u00e3o \u00e9 da Prefeitura, atrav\u00e9s da Secretaria Municipal de Cultura, Esporte e Turismo (SECET), e apoio do Conselho Municipal de Cultura.<\/p>\n<p style=\"text-align: justify;\">\u00a0 \u00a0 \u00a0 \u00a0 \u00a0 \u00a0 \u00a0 \u00a0 \u00a0 \u00a0 \u00a0 \u00a0 \u00a0 \u00a0 \u00a0 \u00a0 \u00a0 \u00a0 \u00a0 \u00a0 \u00a0 \u00a0 \u00a0 \u00a0 \u00a0 \u00a0 \u00a0 \u00a0SECOM ALAGOINHAS<\/p>\n<p style=\"text-align: justify;\">\n<div class='share-to-whatsapp-wrapper'><div class='share-on-whsp'>Share on: <\/div><a data-text='Com programa\u00e7\u00e3o diversificada, 3\u00aa Virada Cultural de Alagoinhas levou mais de 20 atra\u00e7\u00f5es para a pra\u00e7a p\u00fablica' data-link='https:\/\/newsinfoco.com.br\/inicio\/com-programacao-diversificada-3a-virada-cultural-de-alagoinhas-levou-mais-de-20-atracoes-para-a-praca-publica\/' class='whatsapp-button whatsapp-share'>WhatsApp<\/a><div class='clear '><\/div><\/div>","protected":false},"excerpt":{"rendered":"<p>Sucesso de p\u00fablico, a 3\u00aa Virada Cultural de Alagoinhas levou para o palco da Pra\u00e7a Conselheiro Rui Barbosa, no centro da cidade, grandes atra\u00e7\u00f5es, agitando o fim de semana. O movimento foi intenso no s\u00e1bado (21), quando se apresentaram Hiran, Luiz Caldas, \u201cpai da Ax\u00e9 Music\u201d, e Ro\u00e7a Sound, entre outras atra\u00e7\u00f5es. No domingo (22), [&hellip;]<\/p>\n","protected":false},"author":1,"featured_media":19585,"comment_status":"open","ping_status":"open","sticky":false,"template":"","format":"standard","meta":{"om_disable_all_campaigns":false,"_exactmetrics_skip_tracking":false,"_exactmetrics_sitenote_active":false,"_exactmetrics_sitenote_note":"","_exactmetrics_sitenote_category":0,"footnotes":""},"categories":[38,30],"tags":[],"class_list":["post-19584","post","type-post","status-publish","format-standard","has-post-thumbnail","hentry","category-alagoinhas-e-regiao","category-destaque"],"aioseo_notices":[],"_links":{"self":[{"href":"https:\/\/newsinfoco.com.br\/inicio\/wp-json\/wp\/v2\/posts\/19584","targetHints":{"allow":["GET"]}}],"collection":[{"href":"https:\/\/newsinfoco.com.br\/inicio\/wp-json\/wp\/v2\/posts"}],"about":[{"href":"https:\/\/newsinfoco.com.br\/inicio\/wp-json\/wp\/v2\/types\/post"}],"author":[{"embeddable":true,"href":"https:\/\/newsinfoco.com.br\/inicio\/wp-json\/wp\/v2\/users\/1"}],"replies":[{"embeddable":true,"href":"https:\/\/newsinfoco.com.br\/inicio\/wp-json\/wp\/v2\/comments?post=19584"}],"version-history":[{"count":0,"href":"https:\/\/newsinfoco.com.br\/inicio\/wp-json\/wp\/v2\/posts\/19584\/revisions"}],"wp:featuredmedia":[{"embeddable":true,"href":"https:\/\/newsinfoco.com.br\/inicio\/wp-json\/wp\/v2\/media\/19585"}],"wp:attachment":[{"href":"https:\/\/newsinfoco.com.br\/inicio\/wp-json\/wp\/v2\/media?parent=19584"}],"wp:term":[{"taxonomy":"category","embeddable":true,"href":"https:\/\/newsinfoco.com.br\/inicio\/wp-json\/wp\/v2\/categories?post=19584"},{"taxonomy":"post_tag","embeddable":true,"href":"https:\/\/newsinfoco.com.br\/inicio\/wp-json\/wp\/v2\/tags?post=19584"}],"curies":[{"name":"wp","href":"https:\/\/api.w.org\/{rel}","templated":true}]}}