{"id":19588,"date":"2019-12-24T18:02:32","date_gmt":"2019-12-24T21:02:32","guid":{"rendered":"http:\/\/newsinfoco.com.br\/?p=19588"},"modified":"2019-12-24T18:02:32","modified_gmt":"2019-12-24T21:02:32","slug":"moro-eleito-uma-das-50-personalidades-da-decada-pelo-financial-times","status":"publish","type":"post","link":"https:\/\/newsinfoco.com.br\/inicio\/moro-eleito-uma-das-50-personalidades-da-decada-pelo-financial-times\/","title":{"rendered":"Moro eleito uma das 50 personalidades da d\u00e9cada pelo \u2018Financial Times\u2019"},"content":{"rendered":"<p style=\"text-align: justify;\">O ministro S\u00e9rgio Moro, Justi\u00e7a e Seguran\u00e7a P\u00fablica, foi escolhido pelo Financial Times como uma das 50 personalidades que marcaram a d\u00e9cada. A lista, composta a partir do crivo de rep\u00f3rteres do jornal brit\u00e2nico, destacou \u2018indiv\u00edduos que se mostraram capazes de arrancar o poder consolidado de institui\u00e7\u00f5es\u2019. Ele foi o \u00fanico brasileiro escolhido.<\/p>\n<p style=\"text-align: justify;\">\u201cS\u00e9rgio Moro liderou uma investiga\u00e7\u00e3o anticorrup\u00e7\u00e3o que abalou as estruturas pol\u00edticas da Am\u00e9rica Latina\u201d, diz o jornal.<\/p><div class=\"newsi-conteudo_19\" id=\"newsi-1632025442\"><a href=\"https:\/\/www.instagram.com\/prefeituraalagoinhas?igsh=YzgzdDJ1bWR3aWI4\" aria-label=\"SAVE_20251006_221555\"><img loading=\"lazy\" decoding=\"async\" src=\"https:\/\/newsinfoco.com.br\/inicio\/wp-content\/uploads\/2025\/10\/SAVE_20251006_221555-rotated.jpg\" alt=\"\"  srcset=\"https:\/\/newsinfoco.com.br\/inicio\/wp-content\/uploads\/2025\/10\/SAVE_20251006_221555-rotated.jpg 1140w, https:\/\/newsinfoco.com.br\/inicio\/wp-content\/uploads\/2025\/10\/SAVE_20251006_221555-300x52.jpg 300w, https:\/\/newsinfoco.com.br\/inicio\/wp-content\/uploads\/2025\/10\/SAVE_20251006_221555-1024x177.jpg 1024w, https:\/\/newsinfoco.com.br\/inicio\/wp-content\/uploads\/2025\/10\/SAVE_20251006_221555-768x133.jpg 768w, https:\/\/newsinfoco.com.br\/inicio\/wp-content\/uploads\/2025\/10\/SAVE_20251006_221555-600x104.jpg 600w, https:\/\/newsinfoco.com.br\/inicio\/wp-content\/uploads\/2025\/10\/SAVE_20251006_221555-696x120.jpg 696w, https:\/\/newsinfoco.com.br\/inicio\/wp-content\/uploads\/2025\/10\/SAVE_20251006_221555-1068x185.jpg 1068w\" sizes=\"(max-width: 1140px) 100vw, 1140px\" width=\"1140\" height=\"197\"   \/><\/a><\/div>\n<p style=\"text-align: justify;\">A publica\u00e7\u00e3o diz que as investiga\u00e7\u00f5es sobre os pagamentos de propina envolvendo a construtora Odebrecht levaram \u00e0 pris\u00e3o o ex-presidente Luiz In\u00e1cio Lula da Silva, condenado a 8 anos e 10 meses de pris\u00e3o por corrup\u00e7\u00e3o passiva e lavagem de dinheiro no caso do triplex do Guaruj\u00e1. O jornal ainda cita o envolvimento em esc\u00e2ndalos de corrup\u00e7\u00e3o de quatro ex-presidentes peruanos.<\/p>\n<p style=\"text-align: justify;\">O jornal lembra, ainda, a indica\u00e7\u00e3o pol\u00edtica para ser ministro do governo do presidente Jair Bolsonaro. \u201cUm movimento rumo \u00e0 pol\u00edtica que atraiu d\u00favidas sobre a sua independ\u00eancia enquanto juiz, mas que pode coloc\u00e1-lo no caminho para disputar a presid\u00eancia.\u201d<\/p>\n<div class='share-to-whatsapp-wrapper'><div class='share-on-whsp'>Share on: <\/div><a data-text='Moro eleito uma das 50 personalidades da d\u00e9cada pelo \u2018Financial Times\u2019' data-link='https:\/\/newsinfoco.com.br\/inicio\/moro-eleito-uma-das-50-personalidades-da-decada-pelo-financial-times\/' class='whatsapp-button whatsapp-share'>WhatsApp<\/a><div class='clear '><\/div><\/div>","protected":false},"excerpt":{"rendered":"<p>O ministro S\u00e9rgio Moro, Justi\u00e7a e Seguran\u00e7a P\u00fablica, foi escolhido pelo Financial Times como uma das 50 personalidades que marcaram a d\u00e9cada. A lista, composta a partir do crivo de rep\u00f3rteres do jornal brit\u00e2nico, destacou \u2018indiv\u00edduos que se mostraram capazes de arrancar o poder consolidado de institui\u00e7\u00f5es\u2019. Ele foi o \u00fanico brasileiro escolhido. \u201cS\u00e9rgio Moro [&hellip;]<\/p>\n","protected":false},"author":1,"featured_media":7495,"comment_status":"open","ping_status":"open","sticky":false,"template":"","format":"standard","meta":{"om_disable_all_campaigns":false,"_exactmetrics_skip_tracking":false,"_exactmetrics_sitenote_active":false,"_exactmetrics_sitenote_note":"","_exactmetrics_sitenote_category":0,"footnotes":""},"categories":[21,30],"tags":[],"class_list":["post-19588","post","type-post","status-publish","format-standard","has-post-thumbnail","hentry","category-brasil","category-destaque"],"aioseo_notices":[],"_links":{"self":[{"href":"https:\/\/newsinfoco.com.br\/inicio\/wp-json\/wp\/v2\/posts\/19588","targetHints":{"allow":["GET"]}}],"collection":[{"href":"https:\/\/newsinfoco.com.br\/inicio\/wp-json\/wp\/v2\/posts"}],"about":[{"href":"https:\/\/newsinfoco.com.br\/inicio\/wp-json\/wp\/v2\/types\/post"}],"author":[{"embeddable":true,"href":"https:\/\/newsinfoco.com.br\/inicio\/wp-json\/wp\/v2\/users\/1"}],"replies":[{"embeddable":true,"href":"https:\/\/newsinfoco.com.br\/inicio\/wp-json\/wp\/v2\/comments?post=19588"}],"version-history":[{"count":0,"href":"https:\/\/newsinfoco.com.br\/inicio\/wp-json\/wp\/v2\/posts\/19588\/revisions"}],"wp:featuredmedia":[{"embeddable":true,"href":"https:\/\/newsinfoco.com.br\/inicio\/wp-json\/wp\/v2\/media\/7495"}],"wp:attachment":[{"href":"https:\/\/newsinfoco.com.br\/inicio\/wp-json\/wp\/v2\/media?parent=19588"}],"wp:term":[{"taxonomy":"category","embeddable":true,"href":"https:\/\/newsinfoco.com.br\/inicio\/wp-json\/wp\/v2\/categories?post=19588"},{"taxonomy":"post_tag","embeddable":true,"href":"https:\/\/newsinfoco.com.br\/inicio\/wp-json\/wp\/v2\/tags?post=19588"}],"curies":[{"name":"wp","href":"https:\/\/api.w.org\/{rel}","templated":true}]}}