{"id":19590,"date":"2019-12-24T18:05:48","date_gmt":"2019-12-24T21:05:48","guid":{"rendered":"http:\/\/newsinfoco.com.br\/?p=19590"},"modified":"2019-12-24T18:05:48","modified_gmt":"2019-12-24T21:05:48","slug":"bolsonaro-tem-alta-e-deixa-hospital-apos-internacao-por-acidente-domestico","status":"publish","type":"post","link":"https:\/\/newsinfoco.com.br\/inicio\/bolsonaro-tem-alta-e-deixa-hospital-apos-internacao-por-acidente-domestico\/","title":{"rendered":"Bolsonaro tem alta e deixa hospital ap\u00f3s interna\u00e7\u00e3o por acidente dom\u00e9stico"},"content":{"rendered":"<p style=\"text-align: justify;\">O presidente Jair Bolsonaro teve alta e deixou o Hospital das For\u00e7as Armadas por volta das 7h30 desta ter\u00e7a-feira (24). De acordo com a assessoria da Presid\u00eancia da Rep\u00fablica, Bolsonaro teve uma noite tranquila e \u201csem intercorr\u00eancias\u201d.<\/p>\n<p style=\"text-align: justify;\">Nota divulgada informa que o presidente foi reavaliado pela equipe m\u00e9dica, \u201ctendo recebido alta hospitalar com orienta\u00e7\u00e3o de repouso no Pal\u00e1cio da Alvorada\u201d. Ele sofreu uma queda no Pal\u00e1cio da Alvorada e foi levado na noite de segunda-feira (23) para o hospital, que fica no setor Sudoeste, em Bras\u00edlia.<\/p><div class=\"newsi-conteudo_19\" id=\"newsi-673993871\"><a href=\"https:\/\/www.instagram.com\/prefeituraalagoinhas?igsh=YzgzdDJ1bWR3aWI4\" aria-label=\"SAVE_20251006_221555\"><img loading=\"lazy\" decoding=\"async\" src=\"https:\/\/newsinfoco.com.br\/inicio\/wp-content\/uploads\/2025\/10\/SAVE_20251006_221555-rotated.jpg\" alt=\"\"  srcset=\"https:\/\/newsinfoco.com.br\/inicio\/wp-content\/uploads\/2025\/10\/SAVE_20251006_221555-rotated.jpg 1140w, https:\/\/newsinfoco.com.br\/inicio\/wp-content\/uploads\/2025\/10\/SAVE_20251006_221555-300x52.jpg 300w, https:\/\/newsinfoco.com.br\/inicio\/wp-content\/uploads\/2025\/10\/SAVE_20251006_221555-1024x177.jpg 1024w, https:\/\/newsinfoco.com.br\/inicio\/wp-content\/uploads\/2025\/10\/SAVE_20251006_221555-768x133.jpg 768w, https:\/\/newsinfoco.com.br\/inicio\/wp-content\/uploads\/2025\/10\/SAVE_20251006_221555-600x104.jpg 600w, https:\/\/newsinfoco.com.br\/inicio\/wp-content\/uploads\/2025\/10\/SAVE_20251006_221555-696x120.jpg 696w, https:\/\/newsinfoco.com.br\/inicio\/wp-content\/uploads\/2025\/10\/SAVE_20251006_221555-1068x185.jpg 1068w\" sizes=\"(max-width: 1140px) 100vw, 1140px\" width=\"1140\" height=\"197\"   \/><\/a><\/div>\n<p style=\"text-align: justify;\">De acordo com boletim de segunda-feira, divulgado por volta das 23h, Bolsonaro foi atendido pela equipe m\u00e9dica da Presid\u00eancia e, depois, levado ao hospital para exames. \u201cFoi submetido ao exame de tomografia computadorizada do cr\u00e2nio, que n\u00e3o detectou altera\u00e7\u00f5es.\u201d<\/p>\n<p style=\"text-align: justify;\">Ainda de acordo com o Planalto, Bolsonaro teria que ficar em observa\u00e7\u00e3o no hospital por um per\u00edodo de seis a 12 horas. Segundo relatos n\u00e3o oficiais, a queda teria se dado em um dos banheiros do pal\u00e1cio.<\/p>\n<p style=\"text-align: justify;\">O ministro do GSI (Gabinete de Seguran\u00e7a Institucional), Augusto Heleno, chegou ao hospital um pouco depois do comboio presidencial. Segundo ele, a queda \u201cn\u00e3o foi nada de mais\u201d e o presidente \u201cest\u00e1 bem\u201d.<\/p>\n<p style=\"text-align: justify;\">A sa\u00fade do presidente inspira cuidados desde que ele foi v\u00edtima de um ataque \u00e0 faca, em setembro de 2018, durante um ato de campanha em Minas. Desde ent\u00e3o, Bolsonaro j\u00e1 passou por quatro cirurgias.<\/p>\n<p style=\"text-align: justify;\">Ap\u00f3s passar por exames no \u00faltimo dia 11, o presidente disse que poderia ter c\u00e2ncer de pele. No dia seguinte, acusou a imprensa de fazer fake news com o caso. Em entrevista no \u00faltimo s\u00e1bado (21), Bolsonaro afirmou que o resultado da bi\u00f3psia afastou a possibilidade de ele ter a doen\u00e7a.<\/p>\n<div class='share-to-whatsapp-wrapper'><div class='share-on-whsp'>Share on: <\/div><a data-text='Bolsonaro tem alta e deixa hospital ap\u00f3s interna\u00e7\u00e3o por acidente dom\u00e9stico' data-link='https:\/\/newsinfoco.com.br\/inicio\/bolsonaro-tem-alta-e-deixa-hospital-apos-internacao-por-acidente-domestico\/' class='whatsapp-button whatsapp-share'>WhatsApp<\/a><div class='clear '><\/div><\/div>","protected":false},"excerpt":{"rendered":"<p>O presidente Jair Bolsonaro teve alta e deixou o Hospital das For\u00e7as Armadas por volta das 7h30 desta ter\u00e7a-feira (24). De acordo com a assessoria da Presid\u00eancia da Rep\u00fablica, Bolsonaro teve uma noite tranquila e \u201csem intercorr\u00eancias\u201d. Nota divulgada informa que o presidente foi reavaliado pela equipe m\u00e9dica, \u201ctendo recebido alta hospitalar com orienta\u00e7\u00e3o de [&hellip;]<\/p>\n","protected":false},"author":1,"featured_media":16508,"comment_status":"open","ping_status":"open","sticky":false,"template":"","format":"standard","meta":{"om_disable_all_campaigns":false,"_exactmetrics_skip_tracking":false,"_exactmetrics_sitenote_active":false,"_exactmetrics_sitenote_note":"","_exactmetrics_sitenote_category":0,"footnotes":""},"categories":[21,30],"tags":[],"class_list":["post-19590","post","type-post","status-publish","format-standard","has-post-thumbnail","hentry","category-brasil","category-destaque"],"aioseo_notices":[],"_links":{"self":[{"href":"https:\/\/newsinfoco.com.br\/inicio\/wp-json\/wp\/v2\/posts\/19590","targetHints":{"allow":["GET"]}}],"collection":[{"href":"https:\/\/newsinfoco.com.br\/inicio\/wp-json\/wp\/v2\/posts"}],"about":[{"href":"https:\/\/newsinfoco.com.br\/inicio\/wp-json\/wp\/v2\/types\/post"}],"author":[{"embeddable":true,"href":"https:\/\/newsinfoco.com.br\/inicio\/wp-json\/wp\/v2\/users\/1"}],"replies":[{"embeddable":true,"href":"https:\/\/newsinfoco.com.br\/inicio\/wp-json\/wp\/v2\/comments?post=19590"}],"version-history":[{"count":0,"href":"https:\/\/newsinfoco.com.br\/inicio\/wp-json\/wp\/v2\/posts\/19590\/revisions"}],"wp:featuredmedia":[{"embeddable":true,"href":"https:\/\/newsinfoco.com.br\/inicio\/wp-json\/wp\/v2\/media\/16508"}],"wp:attachment":[{"href":"https:\/\/newsinfoco.com.br\/inicio\/wp-json\/wp\/v2\/media?parent=19590"}],"wp:term":[{"taxonomy":"category","embeddable":true,"href":"https:\/\/newsinfoco.com.br\/inicio\/wp-json\/wp\/v2\/categories?post=19590"},{"taxonomy":"post_tag","embeddable":true,"href":"https:\/\/newsinfoco.com.br\/inicio\/wp-json\/wp\/v2\/tags?post=19590"}],"curies":[{"name":"wp","href":"https:\/\/api.w.org\/{rel}","templated":true}]}}