{"id":19598,"date":"2019-12-24T18:14:29","date_gmt":"2019-12-24T21:14:29","guid":{"rendered":"http:\/\/newsinfoco.com.br\/?p=19598"},"modified":"2019-12-24T18:14:29","modified_gmt":"2019-12-24T21:14:29","slug":"bolsonaro-mantem-viagem-de-reveillon-para-bahia-apos-acidente","status":"publish","type":"post","link":"https:\/\/newsinfoco.com.br\/inicio\/bolsonaro-mantem-viagem-de-reveillon-para-bahia-apos-acidente\/","title":{"rendered":"Bolsonaro mant\u00e9m viagem de r\u00e9veillon para Bahia ap\u00f3s acidente"},"content":{"rendered":"<p style=\"text-align: justify;\">O presidente Jair Bolsonaro, sem partido, n\u00e3o mudou os planos para celebrar a chegada de 2020, ap\u00f3s o acidente dom\u00e9stico sofrido na \u00faltima segunda-feira (23).<\/p>\n<p style=\"text-align: justify;\">O militar escolheu a Praia de Inema, no Sub\u00farbio Ferrovi\u00e1rio de Salvador, para aproveitar o R\u00e9veillon ao lado da fam\u00edlia, e tem sua chegada prevista para a sexta-feira (27).<\/p><div class=\"newsi-conteudo_19\" id=\"newsi-2427338652\"><a href=\"https:\/\/www.instagram.com\/prefeituraalagoinhas?igsh=YzgzdDJ1bWR3aWI4\" aria-label=\"SAVE_20251006_221555\"><img loading=\"lazy\" decoding=\"async\" src=\"https:\/\/newsinfoco.com.br\/inicio\/wp-content\/uploads\/2025\/10\/SAVE_20251006_221555-rotated.jpg\" alt=\"\"  srcset=\"https:\/\/newsinfoco.com.br\/inicio\/wp-content\/uploads\/2025\/10\/SAVE_20251006_221555-rotated.jpg 1140w, https:\/\/newsinfoco.com.br\/inicio\/wp-content\/uploads\/2025\/10\/SAVE_20251006_221555-300x52.jpg 300w, https:\/\/newsinfoco.com.br\/inicio\/wp-content\/uploads\/2025\/10\/SAVE_20251006_221555-1024x177.jpg 1024w, https:\/\/newsinfoco.com.br\/inicio\/wp-content\/uploads\/2025\/10\/SAVE_20251006_221555-768x133.jpg 768w, https:\/\/newsinfoco.com.br\/inicio\/wp-content\/uploads\/2025\/10\/SAVE_20251006_221555-600x104.jpg 600w, https:\/\/newsinfoco.com.br\/inicio\/wp-content\/uploads\/2025\/10\/SAVE_20251006_221555-696x120.jpg 696w, https:\/\/newsinfoco.com.br\/inicio\/wp-content\/uploads\/2025\/10\/SAVE_20251006_221555-1068x185.jpg 1068w\" sizes=\"(max-width: 1140px) 100vw, 1140px\" width=\"1140\" height=\"197\"   \/><\/a><\/div>\n<p style=\"text-align: justify;\">O destino do presidente foi divulgado pelo jornal \u2018O Globo\u2019. Antes de desembarcar em Salvador, Bolsonaro passa o Natal em Bras\u00edlia.<\/p>\n<p style=\"text-align: justify;\">De acordo com a equipe do governo, o militar deve ficar distante do Planalto por pelo menos 10 dias.<\/p>\n<p style=\"text-align: justify;\">Bolsonaro recebeu alta m\u00e9dica na manh\u00e3 desta ter\u00e7a, ap\u00f3s passar a noite no Hospital das For\u00e7as Armadas, em Bras\u00edlia.<\/p>\n<p style=\"text-align: justify;\">Na noite de segunda-feira (23), o presidente caiu no banheiro e bateu a cabe\u00e7a.<\/p>\n<div class='share-to-whatsapp-wrapper'><div class='share-on-whsp'>Share on: <\/div><a data-text='Bolsonaro mant\u00e9m viagem de r\u00e9veillon para Bahia ap\u00f3s acidente' data-link='https:\/\/newsinfoco.com.br\/inicio\/bolsonaro-mantem-viagem-de-reveillon-para-bahia-apos-acidente\/' class='whatsapp-button whatsapp-share'>WhatsApp<\/a><div class='clear '><\/div><\/div>","protected":false},"excerpt":{"rendered":"<p>O presidente Jair Bolsonaro, sem partido, n\u00e3o mudou os planos para celebrar a chegada de 2020, ap\u00f3s o acidente dom\u00e9stico sofrido na \u00faltima segunda-feira (23). O militar escolheu a Praia de Inema, no Sub\u00farbio Ferrovi\u00e1rio de Salvador, para aproveitar o R\u00e9veillon ao lado da fam\u00edlia, e tem sua chegada prevista para a sexta-feira (27). O [&hellip;]<\/p>\n","protected":false},"author":1,"featured_media":18241,"comment_status":"open","ping_status":"open","sticky":false,"template":"","format":"standard","meta":{"om_disable_all_campaigns":false,"_exactmetrics_skip_tracking":false,"_exactmetrics_sitenote_active":false,"_exactmetrics_sitenote_note":"","_exactmetrics_sitenote_category":0,"footnotes":""},"categories":[19,30],"tags":[],"class_list":["post-19598","post","type-post","status-publish","format-standard","has-post-thumbnail","hentry","category-bahia","category-destaque"],"aioseo_notices":[],"_links":{"self":[{"href":"https:\/\/newsinfoco.com.br\/inicio\/wp-json\/wp\/v2\/posts\/19598","targetHints":{"allow":["GET"]}}],"collection":[{"href":"https:\/\/newsinfoco.com.br\/inicio\/wp-json\/wp\/v2\/posts"}],"about":[{"href":"https:\/\/newsinfoco.com.br\/inicio\/wp-json\/wp\/v2\/types\/post"}],"author":[{"embeddable":true,"href":"https:\/\/newsinfoco.com.br\/inicio\/wp-json\/wp\/v2\/users\/1"}],"replies":[{"embeddable":true,"href":"https:\/\/newsinfoco.com.br\/inicio\/wp-json\/wp\/v2\/comments?post=19598"}],"version-history":[{"count":0,"href":"https:\/\/newsinfoco.com.br\/inicio\/wp-json\/wp\/v2\/posts\/19598\/revisions"}],"wp:featuredmedia":[{"embeddable":true,"href":"https:\/\/newsinfoco.com.br\/inicio\/wp-json\/wp\/v2\/media\/18241"}],"wp:attachment":[{"href":"https:\/\/newsinfoco.com.br\/inicio\/wp-json\/wp\/v2\/media?parent=19598"}],"wp:term":[{"taxonomy":"category","embeddable":true,"href":"https:\/\/newsinfoco.com.br\/inicio\/wp-json\/wp\/v2\/categories?post=19598"},{"taxonomy":"post_tag","embeddable":true,"href":"https:\/\/newsinfoco.com.br\/inicio\/wp-json\/wp\/v2\/tags?post=19598"}],"curies":[{"name":"wp","href":"https:\/\/api.w.org\/{rel}","templated":true}]}}