{"id":19601,"date":"2019-12-25T19:42:14","date_gmt":"2019-12-25T22:42:14","guid":{"rendered":"http:\/\/newsinfoco.com.br\/?p=19601"},"modified":"2019-12-25T19:42:14","modified_gmt":"2019-12-25T22:42:14","slug":"moro-aponta-problemas-em-juiz-de-garantias-proposta-sancionada-por-bolsonaro","status":"publish","type":"post","link":"https:\/\/newsinfoco.com.br\/inicio\/moro-aponta-problemas-em-juiz-de-garantias-proposta-sancionada-por-bolsonaro\/","title":{"rendered":"Moro aponta \u2018problemas\u2019 em juiz de garantias, proposta sancionada por Bolsonaro"},"content":{"rendered":"<p style=\"text-align: justify;\">O ministro da Justi\u00e7a e Seguran\u00e7a P\u00fablica, S\u00e9rgio Moro, apontou \u201cproblemas\u201d na cria\u00e7\u00e3o do juiz de garantias, proposta sancionada pelo presidente Jair Bolsonaro no projeto anticrime. De acordo com a medida, um juiz dever\u00e1 conduzir a investiga\u00e7\u00e3o criminal, em rela\u00e7\u00e3o \u00e0s medidas necess\u00e1rias para o andamento do caso, mas o recebimento da den\u00fancia e a senten\u00e7a ficar\u00e3o a cargo de outro magistrado.<\/p>\n<p style=\"text-align: justify;\">O trecho foi classificado como uma proposta \u201canti-Moro\u201d, levando em conta a atua\u00e7\u00e3o do ministro quando era juiz da Lava Jato, em Curitiba. A pasta havia sugerido a Bolsonaro vetar esse item do projeto. O presidente, no entanto, manteve o texto do Congresso nessa parte.<\/p><div class=\"newsi-conteudo_19\" id=\"newsi-3178688956\"><a href=\"https:\/\/www.instagram.com\/prefeituraalagoinhas?igsh=YzgzdDJ1bWR3aWI4\" aria-label=\"SAVE_20251006_221555\"><img loading=\"lazy\" decoding=\"async\" src=\"https:\/\/newsinfoco.com.br\/inicio\/wp-content\/uploads\/2025\/10\/SAVE_20251006_221555-rotated.jpg\" alt=\"\"  srcset=\"https:\/\/newsinfoco.com.br\/inicio\/wp-content\/uploads\/2025\/10\/SAVE_20251006_221555-rotated.jpg 1140w, https:\/\/newsinfoco.com.br\/inicio\/wp-content\/uploads\/2025\/10\/SAVE_20251006_221555-300x52.jpg 300w, https:\/\/newsinfoco.com.br\/inicio\/wp-content\/uploads\/2025\/10\/SAVE_20251006_221555-1024x177.jpg 1024w, https:\/\/newsinfoco.com.br\/inicio\/wp-content\/uploads\/2025\/10\/SAVE_20251006_221555-768x133.jpg 768w, https:\/\/newsinfoco.com.br\/inicio\/wp-content\/uploads\/2025\/10\/SAVE_20251006_221555-600x104.jpg 600w, https:\/\/newsinfoco.com.br\/inicio\/wp-content\/uploads\/2025\/10\/SAVE_20251006_221555-696x120.jpg 696w, https:\/\/newsinfoco.com.br\/inicio\/wp-content\/uploads\/2025\/10\/SAVE_20251006_221555-1068x185.jpg 1068w\" sizes=\"(max-width: 1140px) 100vw, 1140px\" width=\"1140\" height=\"197\"   \/><\/a><\/div>\n<p style=\"text-align: justify;\">\u201cO MJSP se posicionou pelo veto ao juiz de garantias, principalmente, porque n\u00e3o foi esclarecido como o instituto vai funcionar nas comarcas com apenas um juiz (40% do total); e tamb\u00e9m se valeria para processos pendentes e para os tribunais superiores, al\u00e9m de outros problemas\u201d, diz nota de Moro.<\/p>\n<p style=\"text-align: justify;\">Apesar disso, o texto final sancionado por Bolsonaro tem avan\u00e7os para a legisla\u00e7\u00e3o anticrime no Pa\u00eds, afirmou o ministro.<\/p>\n<div class='share-to-whatsapp-wrapper'><div class='share-on-whsp'>Share on: <\/div><a data-text='Moro aponta \u2018problemas\u2019 em juiz de garantias, proposta sancionada por Bolsonaro' data-link='https:\/\/newsinfoco.com.br\/inicio\/moro-aponta-problemas-em-juiz-de-garantias-proposta-sancionada-por-bolsonaro\/' class='whatsapp-button whatsapp-share'>WhatsApp<\/a><div class='clear '><\/div><\/div>","protected":false},"excerpt":{"rendered":"<p>O ministro da Justi\u00e7a e Seguran\u00e7a P\u00fablica, S\u00e9rgio Moro, apontou \u201cproblemas\u201d na cria\u00e7\u00e3o do juiz de garantias, proposta sancionada pelo presidente Jair Bolsonaro no projeto anticrime. De acordo com a medida, um juiz dever\u00e1 conduzir a investiga\u00e7\u00e3o criminal, em rela\u00e7\u00e3o \u00e0s medidas necess\u00e1rias para o andamento do caso, mas o recebimento da den\u00fancia e a [&hellip;]<\/p>\n","protected":false},"author":1,"featured_media":11892,"comment_status":"open","ping_status":"open","sticky":false,"template":"","format":"standard","meta":{"om_disable_all_campaigns":false,"_exactmetrics_skip_tracking":false,"_exactmetrics_sitenote_active":false,"_exactmetrics_sitenote_note":"","_exactmetrics_sitenote_category":0,"footnotes":""},"categories":[21,30],"tags":[],"class_list":["post-19601","post","type-post","status-publish","format-standard","has-post-thumbnail","hentry","category-brasil","category-destaque"],"aioseo_notices":[],"_links":{"self":[{"href":"https:\/\/newsinfoco.com.br\/inicio\/wp-json\/wp\/v2\/posts\/19601","targetHints":{"allow":["GET"]}}],"collection":[{"href":"https:\/\/newsinfoco.com.br\/inicio\/wp-json\/wp\/v2\/posts"}],"about":[{"href":"https:\/\/newsinfoco.com.br\/inicio\/wp-json\/wp\/v2\/types\/post"}],"author":[{"embeddable":true,"href":"https:\/\/newsinfoco.com.br\/inicio\/wp-json\/wp\/v2\/users\/1"}],"replies":[{"embeddable":true,"href":"https:\/\/newsinfoco.com.br\/inicio\/wp-json\/wp\/v2\/comments?post=19601"}],"version-history":[{"count":0,"href":"https:\/\/newsinfoco.com.br\/inicio\/wp-json\/wp\/v2\/posts\/19601\/revisions"}],"wp:featuredmedia":[{"embeddable":true,"href":"https:\/\/newsinfoco.com.br\/inicio\/wp-json\/wp\/v2\/media\/11892"}],"wp:attachment":[{"href":"https:\/\/newsinfoco.com.br\/inicio\/wp-json\/wp\/v2\/media?parent=19601"}],"wp:term":[{"taxonomy":"category","embeddable":true,"href":"https:\/\/newsinfoco.com.br\/inicio\/wp-json\/wp\/v2\/categories?post=19601"},{"taxonomy":"post_tag","embeddable":true,"href":"https:\/\/newsinfoco.com.br\/inicio\/wp-json\/wp\/v2\/tags?post=19601"}],"curies":[{"name":"wp","href":"https:\/\/api.w.org\/{rel}","templated":true}]}}