{"id":19603,"date":"2019-12-25T19:48:03","date_gmt":"2019-12-25T22:48:03","guid":{"rendered":"http:\/\/newsinfoco.com.br\/?p=19603"},"modified":"2019-12-25T19:48:03","modified_gmt":"2019-12-25T22:48:03","slug":"sem-apresentar-provas-bolsonaro-diz-que-estao-armando-busca-na-casa-de-um-de-seus-filhos","status":"publish","type":"post","link":"https:\/\/newsinfoco.com.br\/inicio\/sem-apresentar-provas-bolsonaro-diz-que-estao-armando-busca-na-casa-de-um-de-seus-filhos\/","title":{"rendered":"Sem apresentar provas, Bolsonaro diz que est\u00e3o armando busca na casa de um de seus filhos"},"content":{"rendered":"<p style=\"text-align: justify;\">Sem apresentar provas ou qualquer indica\u00e7\u00e3o sobre de onde tirou as supostas informa\u00e7\u00f5es, o presidente Jair Bolsonaro (sem partido) afirmou nesta ter\u00e7a-feira (24) que est\u00e3o armando uma busca e apreens\u00e3o, com provas plantadas, na casa de um de seus filhos.<\/p>\n<p style=\"text-align: justify;\">\nA declara\u00e7\u00e3o foi dada em entrevista ao vivo ao programa Brasil Urgente (Band), apresentado por Jos\u00e9 Luiz Datena, que \u00e9 cotado para ser seu candidato \u00e0 Prefeitura de S\u00e3o Paulo.<br \/>\nEmbora n\u00e3o tenha citado nomes, Bolsonaro indicou se referir ao governador do Rio de Janeiro, Wilson Witzel (PSC), a quem j\u00e1 acusou diversas vezes \u2013igualmente sem apresentar provas\u2013 de manipular contra ele investiga\u00e7\u00f5es da Pol\u00edcia Civil.<\/p><div class=\"newsi-conteudo_19\" id=\"newsi-1972105251\"><a href=\"https:\/\/www.instagram.com\/prefeituraalagoinhas?igsh=YzgzdDJ1bWR3aWI4\" aria-label=\"SAVE_20251006_221555\"><img loading=\"lazy\" decoding=\"async\" src=\"https:\/\/newsinfoco.com.br\/inicio\/wp-content\/uploads\/2025\/10\/SAVE_20251006_221555-rotated.jpg\" alt=\"\"  srcset=\"https:\/\/newsinfoco.com.br\/inicio\/wp-content\/uploads\/2025\/10\/SAVE_20251006_221555-rotated.jpg 1140w, https:\/\/newsinfoco.com.br\/inicio\/wp-content\/uploads\/2025\/10\/SAVE_20251006_221555-300x52.jpg 300w, https:\/\/newsinfoco.com.br\/inicio\/wp-content\/uploads\/2025\/10\/SAVE_20251006_221555-1024x177.jpg 1024w, https:\/\/newsinfoco.com.br\/inicio\/wp-content\/uploads\/2025\/10\/SAVE_20251006_221555-768x133.jpg 768w, https:\/\/newsinfoco.com.br\/inicio\/wp-content\/uploads\/2025\/10\/SAVE_20251006_221555-600x104.jpg 600w, https:\/\/newsinfoco.com.br\/inicio\/wp-content\/uploads\/2025\/10\/SAVE_20251006_221555-696x120.jpg 696w, https:\/\/newsinfoco.com.br\/inicio\/wp-content\/uploads\/2025\/10\/SAVE_20251006_221555-1068x185.jpg 1068w\" sizes=\"(max-width: 1140px) 100vw, 1140px\" width=\"1140\" height=\"197\"   \/><\/a><\/div>\n<p style=\"text-align: justify;\">\n\u201cEsse mesmo agente pol\u00edtico no Rio acertou grava\u00e7\u00e3o entre bandidos citando meu nome para divulgar numa grande rede de TV depois. Isso acabou sendo abortado porque estourou antes da hora essa inten\u00e7\u00e3o deles\u201d, disse Bolsonaro, ao comentar as investiga\u00e7\u00f5es sobre um esquema de desvio de recursos p\u00fablicos a partir do gabinete de seu filho Fl\u00e1vio na Assembleia Legislativa do Rio.<\/p>\n<p style=\"text-align: justify;\">\u201cA nova inten\u00e7\u00e3o deles, agora, eu n\u00e3o tenho como comprovar, mas querem fazer uma busca e apreens\u00e3o na casa de um outro filho meu, j\u00e1, pelo que tudo indica, fraudando provas, plantando provas falsas dentro da casa dele. Isso tudo \u00e9 o inferno que a gente vive. \u00e9 um jogo de poder, \u00e9 um jogo poder sujo isso a\u00ed\u201d, afirmou.<br \/>\nA men\u00e7\u00e3o de Bolsonaro, possivelmente, diz respeito \u00e0s informa\u00e7\u00f5es de que a Pol\u00edcia Civil do Rio investiga uma r\u00edspida discuss\u00e3o ocorrida em 2017 entre o vereador Carlos Bolsonaro e um assessor de Marielle Franco, assassinada em mar\u00e7o de 2018.<br \/>\nNa ocasi\u00e3o, a vereadora do PSOL chegou a intervir para acalmar o filho de Bolsonaro. O assessor envolvido no epis\u00f3dio j\u00e1 prestou depoimento durante a investiga\u00e7\u00e3o sobre o assassinato de Marielle.<\/p>\n<p style=\"text-align: justify;\">\nO presidente chegou a ser citado na apura\u00e7\u00e3o do caso por um porteiro do condom\u00ednio no Rio de Janeiro onde ele tem casa. Num depoimento dado \u00e0 Pol\u00edcia Civil, o funcion\u00e1rio havia atribu\u00eddo a Bolsonaro a autoriza\u00e7\u00e3o para a entrada no condom\u00ednio Vivendas da Barra de um dos acusados no crime. Em nova oitiva, desta vez \u00e0 Pol\u00edcia Federal, o porteiro recuou e disse que errou ao mencionar o presidente na autoriza\u00e7\u00e3o.<br \/>\nNa data citada pelo porteiro em seu primeiro depoimento, Bolsonaro estava em Bras\u00edlia e participou das sess\u00f5es do plen\u00e1rio da C\u00e2mara.<\/p>\n<p style=\"text-align: justify;\">\nWitzel sempre negou qualquer tipo de interfer\u00eancia no trabalho da Pol\u00edcia Civil e, no m\u00eas passado, afirmou que pretende processar Bolsonaro pelas acusa\u00e7\u00f5es.<\/p>\n<p style=\"text-align: justify;\">\nNa entrevista deste s\u00e1bado, Datena apoiou o presidente, afirmando acreditar que \u201cmuito disso [se referindo \u00e0s not\u00edcias sobre o caso Fl\u00e1vio]\u201d faz parte de campanha pol\u00edtica. \u201cSempre que tem oportunidade atacam o senhor, direta ou indiretamente.\u201d<\/p>\n<p style=\"text-align: justify;\">\nBolsonaro vai propor transfer\u00eancia de gest\u00e3o de fundo constitucional ao DF, diz Ibaneis O governador do Distrito Federal, Ibaneis Rocha (MDB), afirmou hoje que o presidente Jair Bolsonaro vai assinar medidas que aumentam o sal\u00e1rio de policiais distritais e transferem ao ente a gest\u00e3o de um fundo constitucional.<\/p>\n<p style=\"text-align: justify;\">\nIbaneis afirmou ap\u00f3s reuni\u00e3o com Bolsonaro no Pal\u00e1cio da Alvorada que ser\u00e1 editada pelo presidente uma MP (medida provis\u00f3ria) que prev\u00ea entre seus artigos um reajuste de aproximadamente 8% para as for\u00e7as de seguran\u00e7a do Distrito Federal, o que inclui policiais civis, policiais militares e bombeiros.<\/p>\n<p style=\"text-align: justify;\">\nTamb\u00e9m ser\u00e1 enviada por Bolsonaro ao Congresso uma PEC (proposta de emenda \u00e0 Constitui\u00e7\u00e3o) para transferir a gest\u00e3o do Fundo Constitucional do Distrito Federal (FCDF) da Uni\u00e3o ao ente, segundo Ibaneis.<\/p>\n<p style=\"text-align: justify;\">\nO governador quer, no futuro, 60% dos recursos voltados \u00e0 seguran\u00e7a e 40% a sa\u00fade e educa\u00e7\u00e3o.<br \/>\nO FCDF foi criado para receber transfer\u00eancias da Uni\u00e3o ao Distrito Federal para despesas ligadas a seguran\u00e7a p\u00fablica, sa\u00fade e educa\u00e7\u00e3o.<\/p>\n<p style=\"text-align: justify;\">Os repasses s\u00e3o feitos porque, por ser sede do governo brasileiro, parte das atribui\u00e7\u00f5es do ente \u00e9 tamb\u00e9m de compet\u00eancia da Uni\u00e3o.<br \/>\nO Distrito Federal recebe aproximadamente R$ 14 bilh\u00f5es por ano da Uni\u00e3o por meio do fundo. O Congresso precisa dar aval \u00e0s medidas. Ibaneis deu as declara\u00e7\u00f5es em frente ao Pal\u00e1cio da Alvorada, ao lado do senador Izalci Lucas (PSDB-DF) e do ex-deputado federal Alberto Fraga (DEM-DF).<\/p>\n<div class='share-to-whatsapp-wrapper'><div class='share-on-whsp'>Share on: <\/div><a data-text='Sem apresentar provas, Bolsonaro diz que est\u00e3o armando busca na casa de um de seus filhos' data-link='https:\/\/newsinfoco.com.br\/inicio\/sem-apresentar-provas-bolsonaro-diz-que-estao-armando-busca-na-casa-de-um-de-seus-filhos\/' class='whatsapp-button whatsapp-share'>WhatsApp<\/a><div class='clear '><\/div><\/div>","protected":false},"excerpt":{"rendered":"<p>Sem apresentar provas ou qualquer indica\u00e7\u00e3o sobre de onde tirou as supostas informa\u00e7\u00f5es, o presidente Jair Bolsonaro (sem partido) afirmou nesta ter\u00e7a-feira (24) que est\u00e3o armando uma busca e apreens\u00e3o, com provas plantadas, na casa de um de seus filhos. A declara\u00e7\u00e3o foi dada em entrevista ao vivo ao programa Brasil Urgente (Band), apresentado por [&hellip;]<\/p>\n","protected":false},"author":1,"featured_media":13596,"comment_status":"open","ping_status":"open","sticky":false,"template":"","format":"standard","meta":{"om_disable_all_campaigns":false,"_exactmetrics_skip_tracking":false,"_exactmetrics_sitenote_active":false,"_exactmetrics_sitenote_note":"","_exactmetrics_sitenote_category":0,"footnotes":""},"categories":[21,30],"tags":[],"class_list":["post-19603","post","type-post","status-publish","format-standard","has-post-thumbnail","hentry","category-brasil","category-destaque"],"aioseo_notices":[],"_links":{"self":[{"href":"https:\/\/newsinfoco.com.br\/inicio\/wp-json\/wp\/v2\/posts\/19603","targetHints":{"allow":["GET"]}}],"collection":[{"href":"https:\/\/newsinfoco.com.br\/inicio\/wp-json\/wp\/v2\/posts"}],"about":[{"href":"https:\/\/newsinfoco.com.br\/inicio\/wp-json\/wp\/v2\/types\/post"}],"author":[{"embeddable":true,"href":"https:\/\/newsinfoco.com.br\/inicio\/wp-json\/wp\/v2\/users\/1"}],"replies":[{"embeddable":true,"href":"https:\/\/newsinfoco.com.br\/inicio\/wp-json\/wp\/v2\/comments?post=19603"}],"version-history":[{"count":0,"href":"https:\/\/newsinfoco.com.br\/inicio\/wp-json\/wp\/v2\/posts\/19603\/revisions"}],"wp:featuredmedia":[{"embeddable":true,"href":"https:\/\/newsinfoco.com.br\/inicio\/wp-json\/wp\/v2\/media\/13596"}],"wp:attachment":[{"href":"https:\/\/newsinfoco.com.br\/inicio\/wp-json\/wp\/v2\/media?parent=19603"}],"wp:term":[{"taxonomy":"category","embeddable":true,"href":"https:\/\/newsinfoco.com.br\/inicio\/wp-json\/wp\/v2\/categories?post=19603"},{"taxonomy":"post_tag","embeddable":true,"href":"https:\/\/newsinfoco.com.br\/inicio\/wp-json\/wp\/v2\/tags?post=19603"}],"curies":[{"name":"wp","href":"https:\/\/api.w.org\/{rel}","templated":true}]}}