{"id":19613,"date":"2019-12-26T21:02:09","date_gmt":"2019-12-27T00:02:09","guid":{"rendered":"http:\/\/newsinfoco.com.br\/?p=19613"},"modified":"2019-12-26T21:02:09","modified_gmt":"2019-12-27T00:02:09","slug":"alagoinhas-avanca-em-cobertura-da-atencao-basica-prefeito-joaquim-neto-assina-a-ordem-de-servico-para-a-construcao-da-unidade-de-saude-baixa-da-candeia","status":"publish","type":"post","link":"https:\/\/newsinfoco.com.br\/inicio\/alagoinhas-avanca-em-cobertura-da-atencao-basica-prefeito-joaquim-neto-assina-a-ordem-de-servico-para-a-construcao-da-unidade-de-saude-baixa-da-candeia\/","title":{"rendered":"Alagoinhas avan\u00e7a em cobertura da Aten\u00e7\u00e3o B\u00e1sica: prefeito Joaquim Neto assina a ordem de servi\u00e7o para a constru\u00e7\u00e3o da Unidade de Sa\u00fade Baixa da Candeia"},"content":{"rendered":"<p style=\"text-align: justify;\">Depois de autorizar o in\u00edcio da reforma e amplia\u00e7\u00e3o da USF Nova Bras\u00edlia, na \u00faltima semana, e de assinar o documento para a requalifica\u00e7\u00e3o da Unidade de Sa\u00fade da Fam\u00edlia Santa Terezinha\/Nova Rep\u00fablica, o prefeito Joaquim Neto deu mais um passo \u00e0 frente. O Chefe do Executivo Municipal assinou, na noite de segunda-feira (23), a ordem de servi\u00e7o para a constru\u00e7\u00e3o da Unidade de Sa\u00fade Baixa da Candeia, atendendo a uma reivindica\u00e7\u00e3o antiga da comunidade. A emenda \u00e9 do ex-deputado Jean Wyllys.<\/p>\n<p style=\"text-align: justify;\">Com as obras, a Secretaria Municipal de Sa\u00fade far\u00e1 um remapeamento da regi\u00e3o do Mangal\u00f4, ampliando o acesso da popula\u00e7\u00e3o aos servi\u00e7os e desafogando a Unidade de Sa\u00fade Fl\u00e1vio Cavalcante, que atender\u00e1 a uma \u00e1rea at\u00e9 ent\u00e3o descoberta, do 15 de Novembro at\u00e9 a ponte do Mangal\u00f4.<\/p><div class=\"newsi-conteudo_19\" id=\"newsi-1461617368\"><a href=\"https:\/\/www.instagram.com\/prefeituraalagoinhas?igsh=YzgzdDJ1bWR3aWI4\" aria-label=\"SAVE_20251006_221555\"><img loading=\"lazy\" decoding=\"async\" src=\"https:\/\/newsinfoco.com.br\/inicio\/wp-content\/uploads\/2025\/10\/SAVE_20251006_221555-rotated.jpg\" alt=\"\"  srcset=\"https:\/\/newsinfoco.com.br\/inicio\/wp-content\/uploads\/2025\/10\/SAVE_20251006_221555-rotated.jpg 1140w, https:\/\/newsinfoco.com.br\/inicio\/wp-content\/uploads\/2025\/10\/SAVE_20251006_221555-300x52.jpg 300w, https:\/\/newsinfoco.com.br\/inicio\/wp-content\/uploads\/2025\/10\/SAVE_20251006_221555-1024x177.jpg 1024w, https:\/\/newsinfoco.com.br\/inicio\/wp-content\/uploads\/2025\/10\/SAVE_20251006_221555-768x133.jpg 768w, https:\/\/newsinfoco.com.br\/inicio\/wp-content\/uploads\/2025\/10\/SAVE_20251006_221555-600x104.jpg 600w, https:\/\/newsinfoco.com.br\/inicio\/wp-content\/uploads\/2025\/10\/SAVE_20251006_221555-696x120.jpg 696w, https:\/\/newsinfoco.com.br\/inicio\/wp-content\/uploads\/2025\/10\/SAVE_20251006_221555-1068x185.jpg 1068w\" sizes=\"(max-width: 1140px) 100vw, 1140px\" width=\"1140\" height=\"197\"   \/><\/a><\/div>\n<p style=\"text-align: justify;\">\u201cEu acho muito importante. Vai ficar muito melhor. [\u2026] o sentimento \u00e9 de felicidade e de muita vit\u00f3ria que vai ser aqui pra Baixa da Candeia\u201d, disse a moradora Maria do Socorro de Jesus Barros, sobre as mudan\u00e7as que trazem um avan\u00e7o significativo em sa\u00fade para a popula\u00e7\u00e3o.<\/p>\n<p style=\"text-align: justify;\">Segundo a secret\u00e1ria de sa\u00fade do munic\u00edpio, Rosania Rabelo, a a\u00e7\u00e3o n\u00e3o \u00e9 isolada. De 2016 para 2019, Alagoinhas deu um salto em cobertura da Aten\u00e7\u00e3o B\u00e1sica. O munic\u00edpio saiu da marca de 60%, em 2016, para 77,77%, em 2019, com a amplia\u00e7\u00e3o de equipes de sa\u00fade da fam\u00edlia. No Mangal\u00f4, a unidade Baixa da Candeia, que tem capacidade para atender at\u00e9 4 mil pessoas, chega para facilitar o acesso dos moradores aos profissionais da \u00e1rea.<\/p>\n<p style=\"text-align: justify;\">Nesta sexta-feira (27), os avan\u00e7os em sa\u00fade continuam. A partir das 8h, o prefeito Joaquim Neto anuncia a reforma do pr\u00e9dio da Vigil\u00e2ncia Epidemiol\u00f3gica. O documento ser\u00e1 assinado na sala dos agentes de endemias e a obra ser\u00e1 realizada com recursos pr\u00f3prios.<\/p>\n<div style=\"text-align: justify;\" align=\"right\">\u00a0 \u00a0 \u00a0 \u00a0 \u00a0 \u00a0 \u00a0 \u00a0 \u00a0 \u00a0 \u00a0 \u00a0 \u00a0 \u00a0 \u00a0 \u00a0 \u00a0 \u00a0 \u00a0 \u00a0 \u00a0 \u00a0 \u00a0 \u00a0 \u00a0 \u00a0 \u00a0 \u00a0 \u00a0 \u00a0 SECOM ALAGOINHAS<\/div>\n<div class='share-to-whatsapp-wrapper'><div class='share-on-whsp'>Share on: <\/div><a data-text='Alagoinhas avan\u00e7a em cobertura da Aten\u00e7\u00e3o B\u00e1sica: prefeito Joaquim Neto assina a ordem de servi\u00e7o para a constru\u00e7\u00e3o da Unidade de Sa\u00fade Baixa da Candeia' data-link='https:\/\/newsinfoco.com.br\/inicio\/alagoinhas-avanca-em-cobertura-da-atencao-basica-prefeito-joaquim-neto-assina-a-ordem-de-servico-para-a-construcao-da-unidade-de-saude-baixa-da-candeia\/' class='whatsapp-button whatsapp-share'>WhatsApp<\/a><div class='clear '><\/div><\/div>","protected":false},"excerpt":{"rendered":"<p>Depois de autorizar o in\u00edcio da reforma e amplia\u00e7\u00e3o da USF Nova Bras\u00edlia, na \u00faltima semana, e de assinar o documento para a requalifica\u00e7\u00e3o da Unidade de Sa\u00fade da Fam\u00edlia Santa Terezinha\/Nova Rep\u00fablica, o prefeito Joaquim Neto deu mais um passo \u00e0 frente. O Chefe do Executivo Municipal assinou, na noite de segunda-feira (23), a [&hellip;]<\/p>\n","protected":false},"author":1,"featured_media":19614,"comment_status":"open","ping_status":"open","sticky":false,"template":"","format":"standard","meta":{"om_disable_all_campaigns":false,"_exactmetrics_skip_tracking":false,"_exactmetrics_sitenote_active":false,"_exactmetrics_sitenote_note":"","_exactmetrics_sitenote_category":0,"footnotes":""},"categories":[38,30],"tags":[],"class_list":["post-19613","post","type-post","status-publish","format-standard","has-post-thumbnail","hentry","category-alagoinhas-e-regiao","category-destaque"],"aioseo_notices":[],"_links":{"self":[{"href":"https:\/\/newsinfoco.com.br\/inicio\/wp-json\/wp\/v2\/posts\/19613","targetHints":{"allow":["GET"]}}],"collection":[{"href":"https:\/\/newsinfoco.com.br\/inicio\/wp-json\/wp\/v2\/posts"}],"about":[{"href":"https:\/\/newsinfoco.com.br\/inicio\/wp-json\/wp\/v2\/types\/post"}],"author":[{"embeddable":true,"href":"https:\/\/newsinfoco.com.br\/inicio\/wp-json\/wp\/v2\/users\/1"}],"replies":[{"embeddable":true,"href":"https:\/\/newsinfoco.com.br\/inicio\/wp-json\/wp\/v2\/comments?post=19613"}],"version-history":[{"count":0,"href":"https:\/\/newsinfoco.com.br\/inicio\/wp-json\/wp\/v2\/posts\/19613\/revisions"}],"wp:featuredmedia":[{"embeddable":true,"href":"https:\/\/newsinfoco.com.br\/inicio\/wp-json\/wp\/v2\/media\/19614"}],"wp:attachment":[{"href":"https:\/\/newsinfoco.com.br\/inicio\/wp-json\/wp\/v2\/media?parent=19613"}],"wp:term":[{"taxonomy":"category","embeddable":true,"href":"https:\/\/newsinfoco.com.br\/inicio\/wp-json\/wp\/v2\/categories?post=19613"},{"taxonomy":"post_tag","embeddable":true,"href":"https:\/\/newsinfoco.com.br\/inicio\/wp-json\/wp\/v2\/tags?post=19613"}],"curies":[{"name":"wp","href":"https:\/\/api.w.org\/{rel}","templated":true}]}}