{"id":19617,"date":"2019-12-26T21:06:56","date_gmt":"2019-12-27T00:06:56","guid":{"rendered":"http:\/\/newsinfoco.com.br\/?p=19617"},"modified":"2019-12-26T21:06:56","modified_gmt":"2019-12-27T00:06:56","slug":"profissionais-do-samu-levam-iniciativa-solidaria-a-lares-de-idosos-nas-festividades-de-natal","status":"publish","type":"post","link":"https:\/\/newsinfoco.com.br\/inicio\/profissionais-do-samu-levam-iniciativa-solidaria-a-lares-de-idosos-nas-festividades-de-natal\/","title":{"rendered":"Profissionais do SAMU levam iniciativa solid\u00e1ria a lares de idosos nas festividades de Natal"},"content":{"rendered":"<p style=\"text-align: justify;\">Profissionais do SAMU Alagoinhas se uniram, na v\u00e9spera das festividades de fim de ano, para uma iniciativa solid\u00e1ria; mobilizados, os enfermeiros, m\u00e9dicos, condutores, socorristas, t\u00e9cnicos e auxiliares do Servi\u00e7o de Atendimento M\u00f3vel de Urg\u00eancia \u2013 habitualmente acionados em casos de acidentes e situa\u00e7\u00f5es de sa\u00fade \u2013 atenderam, na \u00faltima semana, a um chamado especial.<\/p>\n<p style=\"text-align: justify;\">A equipe arrecadou fraldas e alimentos, preparou uma corrente de afeto e se dirigiu aos lares Substituto Lindaura Pl\u00e1cido Carvalho e Recanto da Paz. O sucesso da arrecada\u00e7\u00e3o foi diretamente proporcional \u00e0 satisfa\u00e7\u00e3o dos idosos que receberam a visita. No total, mais de 50 idosos foram contemplados com a mobiliza\u00e7\u00e3o coletiva de profissionais do SAMU Alagoinhas.<\/p><div class=\"newsi-conteudo_19\" id=\"newsi-658791496\"><a href=\"https:\/\/www.instagram.com\/prefeituraalagoinhas?igsh=YzgzdDJ1bWR3aWI4\" aria-label=\"SAVE_20251006_221555\"><img loading=\"lazy\" decoding=\"async\" src=\"https:\/\/newsinfoco.com.br\/inicio\/wp-content\/uploads\/2025\/10\/SAVE_20251006_221555-rotated.jpg\" alt=\"\"  srcset=\"https:\/\/newsinfoco.com.br\/inicio\/wp-content\/uploads\/2025\/10\/SAVE_20251006_221555-rotated.jpg 1140w, https:\/\/newsinfoco.com.br\/inicio\/wp-content\/uploads\/2025\/10\/SAVE_20251006_221555-300x52.jpg 300w, https:\/\/newsinfoco.com.br\/inicio\/wp-content\/uploads\/2025\/10\/SAVE_20251006_221555-1024x177.jpg 1024w, https:\/\/newsinfoco.com.br\/inicio\/wp-content\/uploads\/2025\/10\/SAVE_20251006_221555-768x133.jpg 768w, https:\/\/newsinfoco.com.br\/inicio\/wp-content\/uploads\/2025\/10\/SAVE_20251006_221555-600x104.jpg 600w, https:\/\/newsinfoco.com.br\/inicio\/wp-content\/uploads\/2025\/10\/SAVE_20251006_221555-696x120.jpg 696w, https:\/\/newsinfoco.com.br\/inicio\/wp-content\/uploads\/2025\/10\/SAVE_20251006_221555-1068x185.jpg 1068w\" sizes=\"(max-width: 1140px) 100vw, 1140px\" width=\"1140\" height=\"197\"   \/><\/a><\/div>\n<p>\u00a0 \u00a0 \u00a0 \u00a0 \u00a0 \u00a0 \u00a0 \u00a0 \u00a0 \u00a0 \u00a0 \u00a0 \u00a0 \u00a0 \u00a0 \u00a0 \u00a0 \u00a0 \u00a0 \u00a0 \u00a0 \u00a0 \u00a0 \u00a0 \u00a0 \u00a0 \u00a0 SECOM ALAGOINHAS<\/p>\n<div class='share-to-whatsapp-wrapper'><div class='share-on-whsp'>Share on: <\/div><a data-text='Profissionais do SAMU levam iniciativa solid\u00e1ria a lares de idosos nas festividades de Natal' data-link='https:\/\/newsinfoco.com.br\/inicio\/profissionais-do-samu-levam-iniciativa-solidaria-a-lares-de-idosos-nas-festividades-de-natal\/' class='whatsapp-button whatsapp-share'>WhatsApp<\/a><div class='clear '><\/div><\/div>","protected":false},"excerpt":{"rendered":"<p>Profissionais do SAMU Alagoinhas se uniram, na v\u00e9spera das festividades de fim de ano, para uma iniciativa solid\u00e1ria; mobilizados, os enfermeiros, m\u00e9dicos, condutores, socorristas, t\u00e9cnicos e auxiliares do Servi\u00e7o de Atendimento M\u00f3vel de Urg\u00eancia \u2013 habitualmente acionados em casos de acidentes e situa\u00e7\u00f5es de sa\u00fade \u2013 atenderam, na \u00faltima semana, a um chamado especial. A [&hellip;]<\/p>\n","protected":false},"author":1,"featured_media":19618,"comment_status":"open","ping_status":"open","sticky":false,"template":"","format":"standard","meta":{"om_disable_all_campaigns":false,"_exactmetrics_skip_tracking":false,"_exactmetrics_sitenote_active":false,"_exactmetrics_sitenote_note":"","_exactmetrics_sitenote_category":0,"footnotes":""},"categories":[38,30],"tags":[],"class_list":["post-19617","post","type-post","status-publish","format-standard","has-post-thumbnail","hentry","category-alagoinhas-e-regiao","category-destaque"],"aioseo_notices":[],"_links":{"self":[{"href":"https:\/\/newsinfoco.com.br\/inicio\/wp-json\/wp\/v2\/posts\/19617","targetHints":{"allow":["GET"]}}],"collection":[{"href":"https:\/\/newsinfoco.com.br\/inicio\/wp-json\/wp\/v2\/posts"}],"about":[{"href":"https:\/\/newsinfoco.com.br\/inicio\/wp-json\/wp\/v2\/types\/post"}],"author":[{"embeddable":true,"href":"https:\/\/newsinfoco.com.br\/inicio\/wp-json\/wp\/v2\/users\/1"}],"replies":[{"embeddable":true,"href":"https:\/\/newsinfoco.com.br\/inicio\/wp-json\/wp\/v2\/comments?post=19617"}],"version-history":[{"count":0,"href":"https:\/\/newsinfoco.com.br\/inicio\/wp-json\/wp\/v2\/posts\/19617\/revisions"}],"wp:featuredmedia":[{"embeddable":true,"href":"https:\/\/newsinfoco.com.br\/inicio\/wp-json\/wp\/v2\/media\/19618"}],"wp:attachment":[{"href":"https:\/\/newsinfoco.com.br\/inicio\/wp-json\/wp\/v2\/media?parent=19617"}],"wp:term":[{"taxonomy":"category","embeddable":true,"href":"https:\/\/newsinfoco.com.br\/inicio\/wp-json\/wp\/v2\/categories?post=19617"},{"taxonomy":"post_tag","embeddable":true,"href":"https:\/\/newsinfoco.com.br\/inicio\/wp-json\/wp\/v2\/tags?post=19617"}],"curies":[{"name":"wp","href":"https:\/\/api.w.org\/{rel}","templated":true}]}}