{"id":19620,"date":"2019-12-26T21:15:11","date_gmt":"2019-12-27T00:15:11","guid":{"rendered":"http:\/\/newsinfoco.com.br\/?p=19620"},"modified":"2019-12-26T21:15:11","modified_gmt":"2019-12-27T00:15:11","slug":"prefeitura-reforma-predio-da-vigilancia-epidemiologica-com-recursos-proprios-ordem-de-servico-sera-assinada-nesta-sexta-feira-27","status":"publish","type":"post","link":"https:\/\/newsinfoco.com.br\/inicio\/prefeitura-reforma-predio-da-vigilancia-epidemiologica-com-recursos-proprios-ordem-de-servico-sera-assinada-nesta-sexta-feira-27\/","title":{"rendered":"Prefeitura reforma pr\u00e9dio da Vigil\u00e2ncia Epidemiol\u00f3gica com recursos pr\u00f3prios; ordem de servi\u00e7o ser\u00e1 assinada nesta sexta-feira (27)"},"content":{"rendered":"<p style=\"text-align: justify;\">O prefeito Joaquim Neto assina, nesta sexta-feira (27), \u00e0s 8h, a ordem de servi\u00e7o para a reforma do pr\u00e9dio da Vigil\u00e2ncia Epidemiol\u00f3gica. O documento ser\u00e1 assinado na sala dos agentes de endemias e o investimento \u00e9 de quase R$ 150 mil reais.<\/p>\n<p style=\"text-align: justify;\">A reforma ser\u00e1 executada com recursos pr\u00f3prios e as mudan\u00e7as estruturais come\u00e7aram em 2018, quando a Prefeitura entregou as novas instala\u00e7\u00f5es da Vigil\u00e2ncia em Sa\u00fade. Agora, o prefeito Joaquim Neto cumpre com o compromisso firmado com os agentes de endemias e autoriza a reforma do pr\u00e9dio anexo, que ser\u00e1 completamente readequado para atender \u00e0s necessidades do setor de epidemiologia.<\/p><div class=\"newsi-conteudo_19\" id=\"newsi-1785644972\"><a href=\"https:\/\/www.instagram.com\/prefeituraalagoinhas?igsh=YzgzdDJ1bWR3aWI4\" aria-label=\"SAVE_20251006_221555\"><img loading=\"lazy\" decoding=\"async\" src=\"https:\/\/newsinfoco.com.br\/inicio\/wp-content\/uploads\/2025\/10\/SAVE_20251006_221555-rotated.jpg\" alt=\"\"  srcset=\"https:\/\/newsinfoco.com.br\/inicio\/wp-content\/uploads\/2025\/10\/SAVE_20251006_221555-rotated.jpg 1140w, https:\/\/newsinfoco.com.br\/inicio\/wp-content\/uploads\/2025\/10\/SAVE_20251006_221555-300x52.jpg 300w, https:\/\/newsinfoco.com.br\/inicio\/wp-content\/uploads\/2025\/10\/SAVE_20251006_221555-1024x177.jpg 1024w, https:\/\/newsinfoco.com.br\/inicio\/wp-content\/uploads\/2025\/10\/SAVE_20251006_221555-768x133.jpg 768w, https:\/\/newsinfoco.com.br\/inicio\/wp-content\/uploads\/2025\/10\/SAVE_20251006_221555-600x104.jpg 600w, https:\/\/newsinfoco.com.br\/inicio\/wp-content\/uploads\/2025\/10\/SAVE_20251006_221555-696x120.jpg 696w, https:\/\/newsinfoco.com.br\/inicio\/wp-content\/uploads\/2025\/10\/SAVE_20251006_221555-1068x185.jpg 1068w\" sizes=\"(max-width: 1140px) 100vw, 1140px\" width=\"1140\" height=\"197\"   \/><\/a><\/div>\n<p style=\"text-align: justify;\">A secret\u00e1ria municipal de sa\u00fade, Rosania Rabelo, ressaltou que os esfor\u00e7os para a reforma de estruturas f\u00edsicas da sa\u00fade t\u00eam como objetivo assegurar um melhor acolhimento \u00e0 comunidade, garantindo as condi\u00e7\u00f5es necess\u00e1rias para que os profissionais realizem um trabalho respons\u00e1vel e qualificado no atendimento \u00e0 popula\u00e7\u00e3o.<\/p>\n<p style=\"text-align: justify;\"><strong>ORDEM DE SERVI\u00c7O \u2013 REFORMA DA VIGIL\u00c2NCIA EPIDEMIOL\u00d3GICA<\/strong><br \/>\n<strong>Data:<\/strong>\u00a027\/12\/2019<br \/>\n<strong>Hor\u00e1rio:\u00a0<\/strong>8h<br \/>\n<strong>Local:\u00a0<\/strong>Sala dos Agentes de Endemias (Vigil\u00e2ncia em Sa\u00fade)<\/p>\n<p>\u00a0 \u00a0 \u00a0 \u00a0 \u00a0 \u00a0 \u00a0 \u00a0 \u00a0 \u00a0 \u00a0 \u00a0 \u00a0 \u00a0 \u00a0 \u00a0 \u00a0 \u00a0 \u00a0 \u00a0 \u00a0 \u00a0 \u00a0 \u00a0 \u00a0 \u00a0 \u00a0 \u00a0 \u00a0 \u00a0SECOM ALAGOINHAS<\/p>\n<div class='share-to-whatsapp-wrapper'><div class='share-on-whsp'>Share on: <\/div><a data-text='Prefeitura reforma pr\u00e9dio da Vigil\u00e2ncia Epidemiol\u00f3gica com recursos pr\u00f3prios; ordem de servi\u00e7o ser\u00e1 assinada nesta sexta-feira (27)' data-link='https:\/\/newsinfoco.com.br\/inicio\/prefeitura-reforma-predio-da-vigilancia-epidemiologica-com-recursos-proprios-ordem-de-servico-sera-assinada-nesta-sexta-feira-27\/' class='whatsapp-button whatsapp-share'>WhatsApp<\/a><div class='clear '><\/div><\/div>","protected":false},"excerpt":{"rendered":"<p>O prefeito Joaquim Neto assina, nesta sexta-feira (27), \u00e0s 8h, a ordem de servi\u00e7o para a reforma do pr\u00e9dio da Vigil\u00e2ncia Epidemiol\u00f3gica. O documento ser\u00e1 assinado na sala dos agentes de endemias e o investimento \u00e9 de quase R$ 150 mil reais. A reforma ser\u00e1 executada com recursos pr\u00f3prios e as mudan\u00e7as estruturais come\u00e7aram em [&hellip;]<\/p>\n","protected":false},"author":1,"featured_media":19255,"comment_status":"open","ping_status":"open","sticky":false,"template":"","format":"standard","meta":{"om_disable_all_campaigns":false,"_exactmetrics_skip_tracking":false,"_exactmetrics_sitenote_active":false,"_exactmetrics_sitenote_note":"","_exactmetrics_sitenote_category":0,"footnotes":""},"categories":[38,30],"tags":[],"class_list":["post-19620","post","type-post","status-publish","format-standard","has-post-thumbnail","hentry","category-alagoinhas-e-regiao","category-destaque"],"aioseo_notices":[],"_links":{"self":[{"href":"https:\/\/newsinfoco.com.br\/inicio\/wp-json\/wp\/v2\/posts\/19620","targetHints":{"allow":["GET"]}}],"collection":[{"href":"https:\/\/newsinfoco.com.br\/inicio\/wp-json\/wp\/v2\/posts"}],"about":[{"href":"https:\/\/newsinfoco.com.br\/inicio\/wp-json\/wp\/v2\/types\/post"}],"author":[{"embeddable":true,"href":"https:\/\/newsinfoco.com.br\/inicio\/wp-json\/wp\/v2\/users\/1"}],"replies":[{"embeddable":true,"href":"https:\/\/newsinfoco.com.br\/inicio\/wp-json\/wp\/v2\/comments?post=19620"}],"version-history":[{"count":0,"href":"https:\/\/newsinfoco.com.br\/inicio\/wp-json\/wp\/v2\/posts\/19620\/revisions"}],"wp:featuredmedia":[{"embeddable":true,"href":"https:\/\/newsinfoco.com.br\/inicio\/wp-json\/wp\/v2\/media\/19255"}],"wp:attachment":[{"href":"https:\/\/newsinfoco.com.br\/inicio\/wp-json\/wp\/v2\/media?parent=19620"}],"wp:term":[{"taxonomy":"category","embeddable":true,"href":"https:\/\/newsinfoco.com.br\/inicio\/wp-json\/wp\/v2\/categories?post=19620"},{"taxonomy":"post_tag","embeddable":true,"href":"https:\/\/newsinfoco.com.br\/inicio\/wp-json\/wp\/v2\/tags?post=19620"}],"curies":[{"name":"wp","href":"https:\/\/api.w.org\/{rel}","templated":true}]}}