{"id":19624,"date":"2019-12-26T21:33:29","date_gmt":"2019-12-27T00:33:29","guid":{"rendered":"http:\/\/newsinfoco.com.br\/?p=19624"},"modified":"2019-12-26T21:33:29","modified_gmt":"2019-12-27T00:33:29","slug":"rui-costa-confirma-fechamento-do-colegio-odorico-tavares","status":"publish","type":"post","link":"https:\/\/newsinfoco.com.br\/inicio\/rui-costa-confirma-fechamento-do-colegio-odorico-tavares\/","title":{"rendered":"Rui Costa confirma fechamento do col\u00e9gio Odorico Tavares"},"content":{"rendered":"<p style=\"text-align: justify;\">O governador Rui Costa (PT) anunciou nesta quinta-feira (26) \u00a0que de fato vai fechar o col\u00e9gio Odorico Tavares, no Corredor da Vit\u00f3ria, em Salvador.<\/p>\n<p style=\"text-align: justify;\">Rui Costa disse que o local do col\u00e9gio faz com que a popula\u00e7\u00e3o que utiliza o equipamento gaste muito. &#8220;As pessoas moram na comunidade e t\u00eam que gastar dinheiro de transporte para ir l\u00e1&#8221;, \u00a0disse em entrevista\u00a0na TV Record.<\/p><div class=\"newsi-conteudo_19\" id=\"newsi-1979565621\"><a href=\"https:\/\/www.instagram.com\/prefeituraalagoinhas?igsh=YzgzdDJ1bWR3aWI4\" aria-label=\"SAVE_20251006_221555\"><img loading=\"lazy\" decoding=\"async\" src=\"https:\/\/newsinfoco.com.br\/inicio\/wp-content\/uploads\/2025\/10\/SAVE_20251006_221555-rotated.jpg\" alt=\"\"  srcset=\"https:\/\/newsinfoco.com.br\/inicio\/wp-content\/uploads\/2025\/10\/SAVE_20251006_221555-rotated.jpg 1140w, https:\/\/newsinfoco.com.br\/inicio\/wp-content\/uploads\/2025\/10\/SAVE_20251006_221555-300x52.jpg 300w, https:\/\/newsinfoco.com.br\/inicio\/wp-content\/uploads\/2025\/10\/SAVE_20251006_221555-1024x177.jpg 1024w, https:\/\/newsinfoco.com.br\/inicio\/wp-content\/uploads\/2025\/10\/SAVE_20251006_221555-768x133.jpg 768w, https:\/\/newsinfoco.com.br\/inicio\/wp-content\/uploads\/2025\/10\/SAVE_20251006_221555-600x104.jpg 600w, https:\/\/newsinfoco.com.br\/inicio\/wp-content\/uploads\/2025\/10\/SAVE_20251006_221555-696x120.jpg 696w, https:\/\/newsinfoco.com.br\/inicio\/wp-content\/uploads\/2025\/10\/SAVE_20251006_221555-1068x185.jpg 1068w\" sizes=\"(max-width: 1140px) 100vw, 1140px\" width=\"1140\" height=\"197\"   \/><\/a><\/div>\n<p style=\"text-align: justify;\">Para o governador, a \u00e1rea do col\u00e9gio ser\u00e1 vendida. O im\u00f3vel fica localizado em uma \u00e1rea nobre da capital baiana. O pagamento ao governo deve ser feito com a constru\u00e7\u00e3o de novos col\u00e9gios, por\u00e9m, na periferia. &#8220;A empresa que me entregar mais escolas, seis, sete, oito, vai levar&#8221;, explicou.<\/p>\n<p style=\"text-align: justify;\">Setores da educa\u00e7\u00e3o, no entanto, criticam o fechamento da escola. Tradicional unidade escolar, o col\u00e9gio deve ser vendido para um empreendimento de alto padr\u00e3o, nos moldes dos j\u00e1 existentes no Corredor da Vit\u00f3ria.<\/p>\n<p style=\"text-align: justify;\">A \u00e1rea da institui\u00e7\u00e3o de ensino sempre foi alvo de cr\u00edticas de setores abastados da sociedade, que n\u00e3o enxergavam a presen\u00e7a dos estudantes com bons olhos. Representantes da comunidade escolar observam que o tratamento dado por Rui a escolas e col\u00e9gios antigos sinalizam certo descaso com o setor.<\/p>\n<div class='share-to-whatsapp-wrapper'><div class='share-on-whsp'>Share on: <\/div><a data-text='Rui Costa confirma fechamento do col\u00e9gio Odorico Tavares' data-link='https:\/\/newsinfoco.com.br\/inicio\/rui-costa-confirma-fechamento-do-colegio-odorico-tavares\/' class='whatsapp-button whatsapp-share'>WhatsApp<\/a><div class='clear '><\/div><\/div>","protected":false},"excerpt":{"rendered":"<p>O governador Rui Costa (PT) anunciou nesta quinta-feira (26) \u00a0que de fato vai fechar o col\u00e9gio Odorico Tavares, no Corredor da Vit\u00f3ria, em Salvador. Rui Costa disse que o local do col\u00e9gio faz com que a popula\u00e7\u00e3o que utiliza o equipamento gaste muito. &#8220;As pessoas moram na comunidade e t\u00eam que gastar dinheiro de transporte [&hellip;]<\/p>\n","protected":false},"author":1,"featured_media":19625,"comment_status":"open","ping_status":"open","sticky":false,"template":"","format":"standard","meta":{"om_disable_all_campaigns":false,"_exactmetrics_skip_tracking":false,"_exactmetrics_sitenote_active":false,"_exactmetrics_sitenote_note":"","_exactmetrics_sitenote_category":0,"footnotes":""},"categories":[19,30],"tags":[],"class_list":["post-19624","post","type-post","status-publish","format-standard","has-post-thumbnail","hentry","category-bahia","category-destaque"],"aioseo_notices":[],"_links":{"self":[{"href":"https:\/\/newsinfoco.com.br\/inicio\/wp-json\/wp\/v2\/posts\/19624","targetHints":{"allow":["GET"]}}],"collection":[{"href":"https:\/\/newsinfoco.com.br\/inicio\/wp-json\/wp\/v2\/posts"}],"about":[{"href":"https:\/\/newsinfoco.com.br\/inicio\/wp-json\/wp\/v2\/types\/post"}],"author":[{"embeddable":true,"href":"https:\/\/newsinfoco.com.br\/inicio\/wp-json\/wp\/v2\/users\/1"}],"replies":[{"embeddable":true,"href":"https:\/\/newsinfoco.com.br\/inicio\/wp-json\/wp\/v2\/comments?post=19624"}],"version-history":[{"count":0,"href":"https:\/\/newsinfoco.com.br\/inicio\/wp-json\/wp\/v2\/posts\/19624\/revisions"}],"wp:featuredmedia":[{"embeddable":true,"href":"https:\/\/newsinfoco.com.br\/inicio\/wp-json\/wp\/v2\/media\/19625"}],"wp:attachment":[{"href":"https:\/\/newsinfoco.com.br\/inicio\/wp-json\/wp\/v2\/media?parent=19624"}],"wp:term":[{"taxonomy":"category","embeddable":true,"href":"https:\/\/newsinfoco.com.br\/inicio\/wp-json\/wp\/v2\/categories?post=19624"},{"taxonomy":"post_tag","embeddable":true,"href":"https:\/\/newsinfoco.com.br\/inicio\/wp-json\/wp\/v2\/tags?post=19624"}],"curies":[{"name":"wp","href":"https:\/\/api.w.org\/{rel}","templated":true}]}}