{"id":19627,"date":"2019-12-26T21:46:08","date_gmt":"2019-12-27T00:46:08","guid":{"rendered":"http:\/\/newsinfoco.com.br\/?p=19627"},"modified":"2019-12-26T21:46:08","modified_gmt":"2019-12-27T00:46:08","slug":"isidorio-comenta-ataque-ao-porta-dos-fundos-vai-ter-guerra-santa-no-brasil","status":"publish","type":"post","link":"https:\/\/newsinfoco.com.br\/inicio\/isidorio-comenta-ataque-ao-porta-dos-fundos-vai-ter-guerra-santa-no-brasil\/","title":{"rendered":"Isid\u00f3rio comenta ataque ao Porta dos Fundos: \u2018Vai ter guerra santa no Brasil\u2019"},"content":{"rendered":"<p style=\"text-align: justify;\"><span style=\"color: #000000;\">O deputado Sargento Isid\u00f3rio (Avante) previu a possibilidade de um \u201cenfrentamento\u201d, uma \u201cguerra santa\u201d no pa\u00eds, ao comentar\u00a0<a style=\"color: #000000;\" href=\"https:\/\/bahia.ba\/entretenimento\/sede-do-porta-dos-fundos-e-alvo-de-ataque-no-rio-de-janeiro\/\" target=\"_blank\" rel=\"noopener noreferrer\">o ataque<\/a>\u00a0\u00e0 sede do Porta dos Fundos, ocorrido na madrugada da \u00faltima ter\u00e7a-feira (24), no Rio de Janeiro.<\/span><\/p>\n<p style=\"text-align: justify;\"><span style=\"color: #000000;\">O ataque\u00a0<a style=\"color: #000000;\" href=\"https:\/\/bahia.ba\/brasil\/grupo-reivindica-ataque-a-produtora-do-porta-dos-fundos\/\" target=\"_blank\" rel=\"noopener noreferrer\">foi reivindicado<\/a>\u00a0por um grupo autointitulado \u201cComando de Insurg\u00eancia Popular Nacionalista da Fam\u00edlia Integralista Brasileira\u201d<\/span><\/p><div class=\"newsi-conteudo_19\" id=\"newsi-3022740447\"><a href=\"https:\/\/www.instagram.com\/prefeituraalagoinhas?igsh=YzgzdDJ1bWR3aWI4\" aria-label=\"SAVE_20251006_221555\"><img loading=\"lazy\" decoding=\"async\" src=\"https:\/\/newsinfoco.com.br\/inicio\/wp-content\/uploads\/2025\/10\/SAVE_20251006_221555-rotated.jpg\" alt=\"\"  srcset=\"https:\/\/newsinfoco.com.br\/inicio\/wp-content\/uploads\/2025\/10\/SAVE_20251006_221555-rotated.jpg 1140w, https:\/\/newsinfoco.com.br\/inicio\/wp-content\/uploads\/2025\/10\/SAVE_20251006_221555-300x52.jpg 300w, https:\/\/newsinfoco.com.br\/inicio\/wp-content\/uploads\/2025\/10\/SAVE_20251006_221555-1024x177.jpg 1024w, https:\/\/newsinfoco.com.br\/inicio\/wp-content\/uploads\/2025\/10\/SAVE_20251006_221555-768x133.jpg 768w, https:\/\/newsinfoco.com.br\/inicio\/wp-content\/uploads\/2025\/10\/SAVE_20251006_221555-600x104.jpg 600w, https:\/\/newsinfoco.com.br\/inicio\/wp-content\/uploads\/2025\/10\/SAVE_20251006_221555-696x120.jpg 696w, https:\/\/newsinfoco.com.br\/inicio\/wp-content\/uploads\/2025\/10\/SAVE_20251006_221555-1068x185.jpg 1068w\" sizes=\"(max-width: 1140px) 100vw, 1140px\" width=\"1140\" height=\"197\"   \/><\/a><\/div>\n<p style=\"text-align: justify;\"><span style=\"color: #000000;\">H\u00e1 duas semanas, ao criticar o especial de Natal do grupo, o parlamentar citou,\u00a0em discurso na C\u00e2mara dos Deputados, o atentado ao jornal sat\u00edrico franc\u00eas Charlie Hebdo e disse que\u00a0<a style=\"color: #000000;\" href=\"https:\/\/bahia.ba\/politica\/ao-criticar-porta-dos-fundos-isidorio-cita-atentado-a-jornal-frances\/\" target=\"_blank\" rel=\"noopener noreferrer\">\u201ctoda a\u00e7\u00e3o causa uma rea\u00e7\u00e3o\u201d<\/a>.<\/span><\/p>\n<p style=\"text-align: justify;\"><span style=\"color: #000000;\">\u201cSe as autoridades n\u00e3o se pronunciarem, o que vamos ter \u00e9 um enfrentamento. Vai ter guerra santa no Brasil sem necessidade\u201d, declarou Isid\u00f3rio nesta quinta, ao cobrar a a\u00e7\u00e3o de l\u00edderes pol\u00edticos e religiosos contra o Porta dos Fundos.<\/span><\/p>\n<p style=\"text-align: justify;\"><span style=\"color: #000000;\">\u201cAlgu\u00e9m tem que ter coragem de botar o pulso para a algema, de perder o mandato. Voc\u00ea n\u00e3o v\u00ea uma autoridade ter coragem de falar em defesa da f\u00e9. Do jeito que tudo est\u00e1 sendo permitido nessa na\u00e7\u00e3o, falar a verdade vai nos custar a liberdade. Falar a verdade vai custar cassa\u00e7\u00e3o de mandato\u201d, acrescentou.<\/span><\/p>\n<p style=\"text-align: justify;\"><span style=\"color: #000000;\">Pr\u00e9-candidato a prefeito de Salvador, o deputado ainda agradeceu as palavras do governador Rui Costa (PT), que sinalizou uma\u00a0<a style=\"color: #000000;\" href=\"https:\/\/bahia.ba\/politica\/dificilmente-isidorio-nao-disputara-prefeitura-de-salvador-reconhece-rui\/\" target=\"_blank\" rel=\"noopener noreferrer\">grande possibilidade<\/a>\u00a0de t\u00ea-lo como uma de suas apostas na disputa pelo Pal\u00e1cio Thom\u00e9 de Souza.<\/span><\/p>\n<p style=\"text-align: justify;\"><span style=\"color: #000000;\">\u201cMe anima. Campanha \u00e9 como uma miss\u00e3o. Nunca pensei, mesmo sendo filho de Salvador, em pleitear ser prefeito, principalmente quando fui chamado l\u00e1 atr\u00e1s. A m\u00e3o de Deus e o cora\u00e7\u00e3o do povo nos botam em uma posi\u00e7\u00e3o nas pesquisas, mas n\u00e3o temos vaidade\u201d, afirmou.<\/span><\/p>\n<p style=\"text-align: justify;\"><span style=\"color: #000000;\">Em 2016, quando concorreu ao comando do Executivo municipal, Isid\u00f3rio teve 8,6% dos votos v\u00e1lidos \u2013 foram 114.291 votos. No ano passado, foi o deputado federal mais votado da Bahia, com 323.264 votos.<\/span><\/p>\n<div class='share-to-whatsapp-wrapper'><div class='share-on-whsp'>Share on: <\/div><a data-text='Isid\u00f3rio comenta ataque ao Porta dos Fundos: \u2018Vai ter guerra santa no Brasil\u2019' data-link='https:\/\/newsinfoco.com.br\/inicio\/isidorio-comenta-ataque-ao-porta-dos-fundos-vai-ter-guerra-santa-no-brasil\/' class='whatsapp-button whatsapp-share'>WhatsApp<\/a><div class='clear '><\/div><\/div>","protected":false},"excerpt":{"rendered":"<p>O deputado Sargento Isid\u00f3rio (Avante) previu a possibilidade de um \u201cenfrentamento\u201d, uma \u201cguerra santa\u201d no pa\u00eds, ao comentar\u00a0o ataque\u00a0\u00e0 sede do Porta dos Fundos, ocorrido na madrugada da \u00faltima ter\u00e7a-feira (24), no Rio de Janeiro. O ataque\u00a0foi reivindicado\u00a0por um grupo autointitulado \u201cComando de Insurg\u00eancia Popular Nacionalista da Fam\u00edlia Integralista Brasileira\u201d H\u00e1 duas semanas, ao criticar [&hellip;]<\/p>\n","protected":false},"author":1,"featured_media":19628,"comment_status":"open","ping_status":"open","sticky":false,"template":"","format":"standard","meta":{"om_disable_all_campaigns":false,"_exactmetrics_skip_tracking":false,"_exactmetrics_sitenote_active":false,"_exactmetrics_sitenote_note":"","_exactmetrics_sitenote_category":0,"footnotes":""},"categories":[19,30],"tags":[],"class_list":["post-19627","post","type-post","status-publish","format-standard","has-post-thumbnail","hentry","category-bahia","category-destaque"],"aioseo_notices":[],"_links":{"self":[{"href":"https:\/\/newsinfoco.com.br\/inicio\/wp-json\/wp\/v2\/posts\/19627","targetHints":{"allow":["GET"]}}],"collection":[{"href":"https:\/\/newsinfoco.com.br\/inicio\/wp-json\/wp\/v2\/posts"}],"about":[{"href":"https:\/\/newsinfoco.com.br\/inicio\/wp-json\/wp\/v2\/types\/post"}],"author":[{"embeddable":true,"href":"https:\/\/newsinfoco.com.br\/inicio\/wp-json\/wp\/v2\/users\/1"}],"replies":[{"embeddable":true,"href":"https:\/\/newsinfoco.com.br\/inicio\/wp-json\/wp\/v2\/comments?post=19627"}],"version-history":[{"count":0,"href":"https:\/\/newsinfoco.com.br\/inicio\/wp-json\/wp\/v2\/posts\/19627\/revisions"}],"wp:featuredmedia":[{"embeddable":true,"href":"https:\/\/newsinfoco.com.br\/inicio\/wp-json\/wp\/v2\/media\/19628"}],"wp:attachment":[{"href":"https:\/\/newsinfoco.com.br\/inicio\/wp-json\/wp\/v2\/media?parent=19627"}],"wp:term":[{"taxonomy":"category","embeddable":true,"href":"https:\/\/newsinfoco.com.br\/inicio\/wp-json\/wp\/v2\/categories?post=19627"},{"taxonomy":"post_tag","embeddable":true,"href":"https:\/\/newsinfoco.com.br\/inicio\/wp-json\/wp\/v2\/tags?post=19627"}],"curies":[{"name":"wp","href":"https:\/\/api.w.org\/{rel}","templated":true}]}}