{"id":19636,"date":"2019-12-30T19:04:51","date_gmt":"2019-12-30T22:04:51","guid":{"rendered":"http:\/\/newsinfoco.com.br\/?p=19636"},"modified":"2019-12-30T19:04:51","modified_gmt":"2019-12-30T22:04:51","slug":"prefeitura-inaugura-nova-avenida-rio-branco-e-requalificacao-da-praca-kennedy-com-grande-festa-de-reveillon","status":"publish","type":"post","link":"https:\/\/newsinfoco.com.br\/inicio\/prefeitura-inaugura-nova-avenida-rio-branco-e-requalificacao-da-praca-kennedy-com-grande-festa-de-reveillon\/","title":{"rendered":"Prefeitura inaugura nova Avenida Rio Branco e requalifica\u00e7\u00e3o da Pra\u00e7a Kennedy com grande festa de R\u00e9veillon"},"content":{"rendered":"<p style=\"text-align: justify;\">Ap\u00f3s as obras de drenagem e pavimenta\u00e7\u00e3o asf\u00e1ltica, a nova Avenida Rio Branco recebeu, nesta semana, os trabalhos de sinaliza\u00e7\u00e3o, cal\u00e7adas com acessibilidade e passa pelos \u00faltimos retoques antes da inaugura\u00e7\u00e3o, marcada para a noite desta ter\u00e7a-feira (31).<\/p>\n<p style=\"text-align: justify;\">Mais um legado importante da atual gest\u00e3o para a mobilidade urbana da cidade, a Nova Avenida Rio Branco ser\u00e1 entregue juntamente com a inaugura\u00e7\u00e3o das obras de requalifica\u00e7\u00e3o da Pra\u00e7a Kennedy, com uma grande festa de R\u00e9veillon.<\/p><div class=\"newsi-conteudo_19\" id=\"newsi-711412436\"><a href=\"https:\/\/www.instagram.com\/prefeituraalagoinhas?igsh=YzgzdDJ1bWR3aWI4\" aria-label=\"SAVE_20251006_221555\"><img loading=\"lazy\" decoding=\"async\" src=\"https:\/\/newsinfoco.com.br\/inicio\/wp-content\/uploads\/2025\/10\/SAVE_20251006_221555-rotated.jpg\" alt=\"\"  srcset=\"https:\/\/newsinfoco.com.br\/inicio\/wp-content\/uploads\/2025\/10\/SAVE_20251006_221555-rotated.jpg 1140w, https:\/\/newsinfoco.com.br\/inicio\/wp-content\/uploads\/2025\/10\/SAVE_20251006_221555-300x52.jpg 300w, https:\/\/newsinfoco.com.br\/inicio\/wp-content\/uploads\/2025\/10\/SAVE_20251006_221555-1024x177.jpg 1024w, https:\/\/newsinfoco.com.br\/inicio\/wp-content\/uploads\/2025\/10\/SAVE_20251006_221555-768x133.jpg 768w, https:\/\/newsinfoco.com.br\/inicio\/wp-content\/uploads\/2025\/10\/SAVE_20251006_221555-600x104.jpg 600w, https:\/\/newsinfoco.com.br\/inicio\/wp-content\/uploads\/2025\/10\/SAVE_20251006_221555-696x120.jpg 696w, https:\/\/newsinfoco.com.br\/inicio\/wp-content\/uploads\/2025\/10\/SAVE_20251006_221555-1068x185.jpg 1068w\" sizes=\"(max-width: 1140px) 100vw, 1140px\" width=\"1140\" height=\"197\"   \/><\/a><\/div>\n<p style=\"text-align: justify;\">A partir das 20h, a anima\u00e7\u00e3o na Nova Pra\u00e7a Kennedy ficar\u00e1 por conta de \u201cPeruanno\u201d, \u201cTurma do Bid\u201d, \u201cCara Caramba\u201d e \u201cCharles, o Rom\u00e2ntico\u201d. A festa de virada do ano tamb\u00e9m contar\u00e1 com mais de 10 minutos de queima de fogos.<\/p>\n<p>\u00a0 \u00a0 \u00a0 \u00a0 \u00a0 \u00a0 \u00a0 \u00a0 \u00a0 \u00a0 \u00a0 \u00a0 \u00a0 \u00a0 \u00a0 \u00a0 \u00a0 \u00a0 \u00a0 \u00a0 \u00a0 \u00a0SECOM ALAGOINHAS<\/p>\n<div align=\"right\"><\/div>\n<div class='share-to-whatsapp-wrapper'><div class='share-on-whsp'>Share on: <\/div><a data-text='Prefeitura inaugura nova Avenida Rio Branco e requalifica\u00e7\u00e3o da Pra\u00e7a Kennedy com grande festa de R\u00e9veillon' data-link='https:\/\/newsinfoco.com.br\/inicio\/prefeitura-inaugura-nova-avenida-rio-branco-e-requalificacao-da-praca-kennedy-com-grande-festa-de-reveillon\/' class='whatsapp-button whatsapp-share'>WhatsApp<\/a><div class='clear '><\/div><\/div>","protected":false},"excerpt":{"rendered":"<p>Ap\u00f3s as obras de drenagem e pavimenta\u00e7\u00e3o asf\u00e1ltica, a nova Avenida Rio Branco recebeu, nesta semana, os trabalhos de sinaliza\u00e7\u00e3o, cal\u00e7adas com acessibilidade e passa pelos \u00faltimos retoques antes da inaugura\u00e7\u00e3o, marcada para a noite desta ter\u00e7a-feira (31). Mais um legado importante da atual gest\u00e3o para a mobilidade urbana da cidade, a Nova Avenida Rio [&hellip;]<\/p>\n","protected":false},"author":1,"featured_media":19637,"comment_status":"open","ping_status":"open","sticky":false,"template":"","format":"standard","meta":{"om_disable_all_campaigns":false,"_exactmetrics_skip_tracking":false,"_exactmetrics_sitenote_active":false,"_exactmetrics_sitenote_note":"","_exactmetrics_sitenote_category":0,"footnotes":""},"categories":[38,30],"tags":[],"class_list":["post-19636","post","type-post","status-publish","format-standard","has-post-thumbnail","hentry","category-alagoinhas-e-regiao","category-destaque"],"aioseo_notices":[],"_links":{"self":[{"href":"https:\/\/newsinfoco.com.br\/inicio\/wp-json\/wp\/v2\/posts\/19636","targetHints":{"allow":["GET"]}}],"collection":[{"href":"https:\/\/newsinfoco.com.br\/inicio\/wp-json\/wp\/v2\/posts"}],"about":[{"href":"https:\/\/newsinfoco.com.br\/inicio\/wp-json\/wp\/v2\/types\/post"}],"author":[{"embeddable":true,"href":"https:\/\/newsinfoco.com.br\/inicio\/wp-json\/wp\/v2\/users\/1"}],"replies":[{"embeddable":true,"href":"https:\/\/newsinfoco.com.br\/inicio\/wp-json\/wp\/v2\/comments?post=19636"}],"version-history":[{"count":0,"href":"https:\/\/newsinfoco.com.br\/inicio\/wp-json\/wp\/v2\/posts\/19636\/revisions"}],"wp:featuredmedia":[{"embeddable":true,"href":"https:\/\/newsinfoco.com.br\/inicio\/wp-json\/wp\/v2\/media\/19637"}],"wp:attachment":[{"href":"https:\/\/newsinfoco.com.br\/inicio\/wp-json\/wp\/v2\/media?parent=19636"}],"wp:term":[{"taxonomy":"category","embeddable":true,"href":"https:\/\/newsinfoco.com.br\/inicio\/wp-json\/wp\/v2\/categories?post=19636"},{"taxonomy":"post_tag","embeddable":true,"href":"https:\/\/newsinfoco.com.br\/inicio\/wp-json\/wp\/v2\/tags?post=19636"}],"curies":[{"name":"wp","href":"https:\/\/api.w.org\/{rel}","templated":true}]}}