{"id":19641,"date":"2019-12-30T19:13:10","date_gmt":"2019-12-30T22:13:10","guid":{"rendered":"http:\/\/newsinfoco.com.br\/?p=19641"},"modified":"2019-12-30T19:13:10","modified_gmt":"2019-12-30T22:13:10","slug":"bolsonaro-surpreende-novamente-e-visita-terminal-da-intermaritima-no-porto-de-aratu","status":"publish","type":"post","link":"https:\/\/newsinfoco.com.br\/inicio\/bolsonaro-surpreende-novamente-e-visita-terminal-da-intermaritima-no-porto-de-aratu\/","title":{"rendered":"Bolsonaro surpreende novamente e visita terminal da Intermar\u00edtima no Porto de Aratu"},"content":{"rendered":"<p style=\"text-align: justify;\">O presidente Jair Bolsonaro (sem partido) surpreendeu novamente e fez uma visita surpresa o terminal da Intermar\u00edtima no Porto de Aratu. Segundo relatos ouvidos pelo\u00a0<strong>Pol\u00edtica Livre<\/strong>, antes de ir ao Farol da Barra por volta do meio-dia, ele foi conhecer o maior porto da Bahia, administrado pela governo federal e est\u00e1 em processo de privatiza\u00e7\u00e3o pelo Minist\u00e9rio de Infraestrutura.<\/p>\n<p style=\"text-align: justify;\">\u201cEle visitou as instala\u00e7\u00f5es dos terminais de gran\u00e9is l\u00edquidos, gasosos e gran\u00e9is s\u00f3lidos, conversou com os gestores e funcion\u00e1rios da Intermar\u00edtima Portos e Logistica S\/A\u201d, explicou uma fonte ao\u00a0<strong>Pol\u00edtica Livre<\/strong>.<\/p><div class=\"newsi-conteudo_19\" id=\"newsi-3069624791\"><a href=\"https:\/\/www.instagram.com\/prefeituraalagoinhas?igsh=YzgzdDJ1bWR3aWI4\" aria-label=\"SAVE_20251006_221555\"><img loading=\"lazy\" decoding=\"async\" src=\"https:\/\/newsinfoco.com.br\/inicio\/wp-content\/uploads\/2025\/10\/SAVE_20251006_221555-rotated.jpg\" alt=\"\"  srcset=\"https:\/\/newsinfoco.com.br\/inicio\/wp-content\/uploads\/2025\/10\/SAVE_20251006_221555-rotated.jpg 1140w, https:\/\/newsinfoco.com.br\/inicio\/wp-content\/uploads\/2025\/10\/SAVE_20251006_221555-300x52.jpg 300w, https:\/\/newsinfoco.com.br\/inicio\/wp-content\/uploads\/2025\/10\/SAVE_20251006_221555-1024x177.jpg 1024w, https:\/\/newsinfoco.com.br\/inicio\/wp-content\/uploads\/2025\/10\/SAVE_20251006_221555-768x133.jpg 768w, https:\/\/newsinfoco.com.br\/inicio\/wp-content\/uploads\/2025\/10\/SAVE_20251006_221555-600x104.jpg 600w, https:\/\/newsinfoco.com.br\/inicio\/wp-content\/uploads\/2025\/10\/SAVE_20251006_221555-696x120.jpg 696w, https:\/\/newsinfoco.com.br\/inicio\/wp-content\/uploads\/2025\/10\/SAVE_20251006_221555-1068x185.jpg 1068w\" sizes=\"(max-width: 1140px) 100vw, 1140px\" width=\"1140\" height=\"197\"   \/><\/a><\/div>\n<p style=\"text-align: justify;\">O presidente tamb\u00e9m fez uma visita a um posto de combust\u00edveis na BR 324, que liga Salvador a Feira de Santana. L\u00e1, ele visitou \u00e0 rede Rei da Pamonha, onde tomou suco de milho, e seguiu para uma churrascaria ali mesmo, al\u00e9m de conversar com trabalhadores e um grupo de caminhoneiros na porta do estabelecimento.<\/p>\n<p style=\"text-align: justify;\">Bolsonaro desembarcou em Salvador na \u00faltima sexta-feira (27) e seguiu ao lado de sua filha Laura at\u00e9 a Base Naval de Aratu, onde passar\u00e1 o R\u00e9veillon e deve retornar para Bras\u00edlia somente no pr\u00f3ximo dia 5 de janeiro. A primeira-dama Michelle n\u00e3o vir\u00e1 \u00e0 Bahia. Segundo o presidente, o motivo seria uma cirurgia j\u00e1 marcada. Neste \u00faltimo domingo (29), ele divulgou v\u00eddeos com moradores da regi\u00e3o do Sub\u00farbio e tamb\u00e9m fotos de um peixe que pescou.<\/p>\n<blockquote class=\"twitter-tweet\" data-width=\"550\" data-dnt=\"true\">\n<p lang=\"pt\" dir=\"ltr\">&#8211; BR 324, Salvador\/Feira de Santana. <a href=\"https:\/\/t.co\/vuYovbCql2\">pic.twitter.com\/vuYovbCql2<\/a><\/p>\n<p>&mdash; Jair M. Bolsonaro (@jairbolsonaro) <a href=\"https:\/\/twitter.com\/jairbolsonaro\/status\/1211715901151744001?ref_src=twsrc%5Etfw\">December 30, 2019<\/a><\/p><\/blockquote>\n<p><script async src=\"https:\/\/platform.twitter.com\/widgets.js\" charset=\"utf-8\"><\/script><\/p>\n<div class='share-to-whatsapp-wrapper'><div class='share-on-whsp'>Share on: <\/div><a data-text='Bolsonaro surpreende novamente e visita terminal da Intermar\u00edtima no Porto de Aratu' data-link='https:\/\/newsinfoco.com.br\/inicio\/bolsonaro-surpreende-novamente-e-visita-terminal-da-intermaritima-no-porto-de-aratu\/' class='whatsapp-button whatsapp-share'>WhatsApp<\/a><div class='clear '><\/div><\/div>","protected":false},"excerpt":{"rendered":"<p>O presidente Jair Bolsonaro (sem partido) surpreendeu novamente e fez uma visita surpresa o terminal da Intermar\u00edtima no Porto de Aratu. Segundo relatos ouvidos pelo\u00a0Pol\u00edtica Livre, antes de ir ao Farol da Barra por volta do meio-dia, ele foi conhecer o maior porto da Bahia, administrado pela governo federal e est\u00e1 em processo de privatiza\u00e7\u00e3o [&hellip;]<\/p>\n","protected":false},"author":1,"featured_media":19642,"comment_status":"open","ping_status":"open","sticky":false,"template":"","format":"standard","meta":{"om_disable_all_campaigns":false,"_exactmetrics_skip_tracking":false,"_exactmetrics_sitenote_active":false,"_exactmetrics_sitenote_note":"","_exactmetrics_sitenote_category":0,"footnotes":""},"categories":[19,30],"tags":[],"class_list":["post-19641","post","type-post","status-publish","format-standard","has-post-thumbnail","hentry","category-bahia","category-destaque"],"aioseo_notices":[],"_links":{"self":[{"href":"https:\/\/newsinfoco.com.br\/inicio\/wp-json\/wp\/v2\/posts\/19641","targetHints":{"allow":["GET"]}}],"collection":[{"href":"https:\/\/newsinfoco.com.br\/inicio\/wp-json\/wp\/v2\/posts"}],"about":[{"href":"https:\/\/newsinfoco.com.br\/inicio\/wp-json\/wp\/v2\/types\/post"}],"author":[{"embeddable":true,"href":"https:\/\/newsinfoco.com.br\/inicio\/wp-json\/wp\/v2\/users\/1"}],"replies":[{"embeddable":true,"href":"https:\/\/newsinfoco.com.br\/inicio\/wp-json\/wp\/v2\/comments?post=19641"}],"version-history":[{"count":0,"href":"https:\/\/newsinfoco.com.br\/inicio\/wp-json\/wp\/v2\/posts\/19641\/revisions"}],"wp:featuredmedia":[{"embeddable":true,"href":"https:\/\/newsinfoco.com.br\/inicio\/wp-json\/wp\/v2\/media\/19642"}],"wp:attachment":[{"href":"https:\/\/newsinfoco.com.br\/inicio\/wp-json\/wp\/v2\/media?parent=19641"}],"wp:term":[{"taxonomy":"category","embeddable":true,"href":"https:\/\/newsinfoco.com.br\/inicio\/wp-json\/wp\/v2\/categories?post=19641"},{"taxonomy":"post_tag","embeddable":true,"href":"https:\/\/newsinfoco.com.br\/inicio\/wp-json\/wp\/v2\/tags?post=19641"}],"curies":[{"name":"wp","href":"https:\/\/api.w.org\/{rel}","templated":true}]}}